{"id":307427,"date":"2025-12-26T02:22:19","date_gmt":"2025-12-26T02:22:19","guid":{"rendered":"https:\/\/www.europesays.com\/es\/307427\/"},"modified":"2025-12-26T02:22:19","modified_gmt":"2025-12-26T02:22:19","slug":"los-fabricantes-de-memoria-retrasaran-el-fin-de-produccion-de-la-memoria-ddr4","status":"publish","type":"post","link":"https:\/\/www.europesays.com\/es\/307427\/","title":{"rendered":"Los fabricantes de memoria retrasar\u00e1n el fin de producci\u00f3n de la memoria DDR4"},"content":{"rendered":"<p>&#13;<br \/>\n\t\t\t\t\t\t\t\t&#13;<\/p>\n<p>\t\t\t\t\t\t\t\t\t<img decoding=\"async\" src=\"https:\/\/acf.geeknetic.es\/imgri\/imagenes\/auto\/25\/12\/24\/wx0-los-fabricantes-de-memoria-retrasaran-el-fin-de-produccion-de-la-memoria-ddr4.jpg?f=webp\" alt=\"Los fabricantes de memoria retrasar\u00e1n el fin de producci\u00f3n de la memoria DDR4\" width=\"829\" height=\"553\" onerror=\"this.onerror=null;this.src=\" https:=\"\" fetchpriority=\"high\"\/><\/p>\n<p>\t\t\t\t\t\t\t\t&#13;<br \/>\n\t\t\t\t\t\t\t\t&#13;<br \/>\n&#13;<\/p>\n<p>La <strong><a href=\"https:\/\/www.geeknetic.es\/Noticia\/36987\/Mouse-Computer-en-Japon-deja-de-vender-PCs-premontados-y-portatiles-hasta-el-5-de-enero-ante-la-gran-demanda-registrada-estos-dias.html\" rel=\"nofollow noopener\" target=\"_blank\">escasez de memoria DDR5<\/a><\/strong> est\u00e1 causando sensaciones en la industria de la inform\u00e1tica, incluso algunos fabricantes de equipos premontados se han actualizado para <strong><a href=\"https:\/\/www.geeknetic.es\/Noticia\/36981\/MAINGEAR-tambien-se-une-a-vender-los-PCs-premontados-sin-RAM.html\" rel=\"nofollow noopener\" target=\"_blank\">vender sus equipos sin memoria RAM<\/a><\/strong>. La escasez de memoria DDR5 tambi\u00e9n est\u00e1 haciendo que cada vez <strong>los m\u00f3dulos de memoria sean m\u00e1s buscados<\/strong>, y los usuarios est\u00e1n echando mano a la <strong>m\u00e1s antigua DDR4<\/strong> aun presente en plataformas <strong>m\u00e1s antiguas<\/strong> de Intel y en los AM4 de AMD.<\/p>\n<p>Los usuarios echan mano a la memoria DDR4<\/p>\n<p>Los fabricantes de memoria tambi\u00e9n quieren <strong>aprovechar este fil\u00f3n<\/strong> (como est\u00e1n aprovechando en de la IA), e incluso algunos de ellos <a href=\"https:\/\/www.digitimes.com.tw\/tech\/dt\/n\/shwnws.asp?CnlID=1&amp;Cat=40&amp;id=0000741928_Q298O76Q3YCZXX73Z90NZ\" target=\"_blank\" rel=\"nofollow noopener\">planean<\/a> <strong>retrasar el fin de vida<\/strong> de esta memoria DDR4 que se hab\u00eda anunciado para una <a href=\"https:\/\/www.geeknetic.es\/Noticia\/35225\/Los-principales-fabricantes-de-memoria-DDR4-no-tienen-intencion-de-abandonar-su-fabricacion-por-el-momento.html\" rel=\"nofollow noopener\" target=\"_blank\"><strong>discontinuaci\u00f3n inminente<\/strong><\/a>. Para aprovechar que los usuarios tambi\u00e9n est\u00e1n demandando m\u00f3dulos DDR4, fabricantes como Samsung y otros han decidido <strong>continuar con la fabricaci\u00f3n de este tipo de memoria m\u00e1s antigua<\/strong>, y que no ocupa nodos m\u00e1s avanzados como pueden ser el de la DDR5.<\/p>\n<p>Los fabricantes de memoria continuar\u00e1n fabricante DDR4<\/p>\n<p>Los usuarios est\u00e1n considerando una alternativa esta memoria DDR4, en medio de una escasez de memoria DDR5, y donde esta m\u00e1s antigua puede ser adquirida de forma reciclada de equipos antiguos o para desechar. Los fabricantes tambi\u00e9n quieren aprovechar para sacar su dinero tanto de la venta para la IA y ahora tambi\u00e9n con estos m\u00f3dulos m\u00e1s antiguos que iban a eliminar de producci\u00f3n.<\/p>\n<p id=\"finarticulo\">Fin del Art\u00edculo. \u00a1Cu\u00e9ntanos algo en los <a href=\"https:\/\/www.geeknetic.es\/Noticia\/37000\/Javascript: hzscroll(\" comentarios=\"\" class=\"comfinlink\" title=\"Comenta este art\u00edculo\" rel=\"nofollow noopener\" target=\"_blank\">Comentarios<\/a>!<\/p>\n<p>&#13;<br \/>\n\t\t\t\t\t\t\t<img loading=\"lazy\" decoding=\"async\" src=\"https:\/\/acf.geeknetic.es\/imgp\/images\/autores\/juanantonio2.jpg?f=webp\" alt=\"Redactor del Art\u00edculo: Juan Antonio Soto\" width=\"90\" height=\"90\" onerror=\"this.onerror=null;this.src=\" https:=\"\"\/><br \/>\n\t\t\t\t<a href=\"https:\/\/www.geeknetic.es\/usuario\/68777\/jas-none\/juan-antonio-soto\/\" title=\"Autor: Juan Antonio Soto\" rel=\"nofollow noopener\" target=\"_blank\">Juan Antonio Soto<\/a><\/p>\n<p>Soy Ingeniero Inform\u00e1tico y mi especialidad es la automatizaci\u00f3n y la rob\u00f3tica. Mi pasi\u00f3n por el hardware comenz\u00f3 a los 14 a\u00f1os cuando destrip\u00e9 mi primer ordenador: un 386 DX 40 con 4MB de RAM y 210MB de disco duro. Sigo dando rienda suelta a mi pasi\u00f3n en los art\u00edculos t\u00e9cnicos que redacto en Geeknetic. Dedico la mayor parte de mi tiempo libre a los videojuegos, contempor\u00e1neos y retro, en las m\u00e1s de 20 consolas que tengo, adem\u00e1s del PC.<\/p>\n","protected":false},"excerpt":{"rendered":"&#13; &#13; &#13; &#13; &#13; La escasez de memoria DDR5 est\u00e1 causando sensaciones en la industria de la&hellip;\n","protected":false},"author":2,"featured_media":307428,"comment_status":"","ping_status":"","sticky":false,"template":"","format":"standard","meta":{"footnotes":""},"categories":[81],"tags":[119,123,124,25,24,117,121,122,23,118,120],"class_list":{"0":"post-307427","1":"post","2":"type-post","3":"status-publish","4":"format-standard","5":"has-post-thumbnail","7":"category-ciencia-y-tecnologia","8":"tag-ciencia","9":"tag-ciencia-y-tecnologia","10":"tag-cienciaytecnologia","11":"tag-es","12":"tag-espana","13":"tag-science","14":"tag-science-and-technology","15":"tag-scienceandtechnology","16":"tag-spain","17":"tag-technology","18":"tag-tecnologia"},"share_on_mastodon":{"url":"https:\/\/pubeurope.com\/@es\/115783491464290874","error":""},"_links":{"self":[{"href":"https:\/\/www.europesays.com\/es\/wp-json\/wp\/v2\/posts\/307427","targetHints":{"allow":["GET"]}}],"collection":[{"href":"https:\/\/www.europesays.com\/es\/wp-json\/wp\/v2\/posts"}],"about":[{"href":"https:\/\/www.europesays.com\/es\/wp-json\/wp\/v2\/types\/post"}],"author":[{"embeddable":true,"href":"https:\/\/www.europesays.com\/es\/wp-json\/wp\/v2\/users\/2"}],"replies":[{"embeddable":true,"href":"https:\/\/www.europesays.com\/es\/wp-json\/wp\/v2\/comments?post=307427"}],"version-history":[{"count":0,"href":"https:\/\/www.europesays.com\/es\/wp-json\/wp\/v2\/posts\/307427\/revisions"}],"wp:featuredmedia":[{"embeddable":true,"href":"https:\/\/www.europesays.com\/es\/wp-json\/wp\/v2\/media\/307428"}],"wp:attachment":[{"href":"https:\/\/www.europesays.com\/es\/wp-json\/wp\/v2\/media?parent=307427"}],"wp:term":[{"taxonomy":"category","embeddable":true,"href":"https:\/\/www.europesays.com\/es\/wp-json\/wp\/v2\/categories?post=307427"},{"taxonomy":"post_tag","embeddable":true,"href":"https:\/\/www.europesays.com\/es\/wp-json\/wp\/v2\/tags?post=307427"}],"curies":[{"name":"wp","href":"https:\/\/api.w.org\/{rel}","templated":true}]}}