{"id":307471,"date":"2025-12-26T03:02:11","date_gmt":"2025-12-26T03:02:11","guid":{"rendered":"https:\/\/www.europesays.com\/es\/307471\/"},"modified":"2025-12-26T03:02:11","modified_gmt":"2025-12-26T03:02:11","slug":"el-brindis-que-responde-a-brooklyn","status":"publish","type":"post","link":"https:\/\/www.europesays.com\/es\/307471\/","title":{"rendered":"el brindis que responde a Brooklyn"},"content":{"rendered":"<p data-start=\"192\" data-end=\"823\">Estas Navidades, <strong>Victoria Beckham<\/strong> ha decidido abrir las puertas de su hogar para celebrar las fechas m\u00e1s se\u00f1aladas del a\u00f1o, pero lo que a simple vista parece una postal navide\u00f1a perfecta <a href=\"https:\/\/okdiario.com\/look\/actualidad\/ruptura-definitiva-beckham-brooklyn-bloquea-sus-padres-victoria-beckham-david-beckham-todos-sus-hermanos-2454398\" rel=\"nofollow noopener\" target=\"_blank\">esconde tensiones profundas en el clan Beckham.<\/a> A sus 51 a\u00f1os, la dise\u00f1adora se enfrenta a la dolorosa ausencia de su hijo mayor,<strong> Brooklyn<\/strong>, quien ha optado por pasar las fiestas con su esposa, <strong>Nicola Peltz<\/strong>, y no con sus padres. El conflicto se ha intensificado tras el gesto m\u00e1s contundente: Brooklyn bloque\u00f3 a Victoria, David y sus hermanos en redes sociales, una acci\u00f3n que el matrimonio califica como \u00abtriste e imposible de entender\u00bb.<\/p>\n<p data-start=\"825\" data-end=\"1694\">A pesar de la \u00abguerra fr\u00eda\u00bb digital que atraviesa la familia, los hijos menores han tomado el relevo para preservar el esp\u00edritu navide\u00f1o. La peque\u00f1a <strong>Harper<\/strong> se ha volcado en mantener la magia de la temporada, desde asar casta\u00f1as hasta decorar la casa con entusiasmo. <strong>Cruz<\/strong>, mientras tanto, ha ejercido de defensor de sus padres, explicando p\u00fablicamente que ni Victoria ni David dejaron de seguir a Brooklyn en redes: \u00abNos despertamos bloqueados, igual que yo\u00bb, aclar\u00f3 en Instagram, confirmando que la fractura fue iniciada por el propio hijo mayor y no por los progenitores. Entre sesiones de guitarra de Cruz y c\u00f3cteles caseros preparados por los hermanos, la familia intenta mantener una rutina festiva que, aunque ligera, deja entrever la tensi\u00f3n acumulada tras meses de desplantes y ausencias en momentos clave, como los 50 cumplea\u00f1os de Victoria y David.<\/p>\n<blockquote class=\"instagram-media\" style=\"background: #FFF; border: 0; border-radius: 3px; box-shadow: 0 0 1px 0 rgba(0,0,0,0.5),0 1px 10px 0 rgba(0,0,0,0.15); margin: 1px; max-width: 540px; min-width: 326px; padding: 0; width: calc(100% - 2px);\" data-instgrm-captioned=\"\" data-instgrm-permalink=\"https:\/\/www.instagram.com\/reel\/DSp97C0CCzC\/?utm_source=ig_embed&amp;utm_campaign=loading\" data-instgrm-version=\"14\">\n<\/blockquote>\n<p data-start=\"1696\" data-end=\"2294\">Victoria, que siempre ha sabido equilibrar elegancia y firmeza, ha decidido responder sin confrontar directamente. La dise\u00f1adora comparti\u00f3 un v\u00eddeo desde sus oficinas, brindando junto a su equipo de trabajo y con una sonrisa que muchos interpretaron como un mensaje impl\u00edcito: <strong>\u00ab\u00a1Brindemos por m\u00ed! Ya basta de hablar de m\u00ed. \u00bfQu\u00e9 cre\u00e9is?\u00bb<\/strong>. La empresaria, que tambi\u00e9n se ha centrado en sus proyectos profesionales y en su marca de belleza, ha querido mostrar que, a pesar de la fractura familiar, <a href=\"https:\/\/okdiario.com\/look\/estilo\/favorito-royals-celebre-firma-victoria-beckham-brilla-investidura-david-2418559\" rel=\"nofollow noopener\" target=\"_blank\">mantiene la serenidad y el control, evitando que los conflictos eclipsen la celebraci\u00f3n de la Navidad.<\/a><\/p>\n<p data-start=\"2296\" data-end=\"3002\">El distanciamiento entre Brooklyn y el resto de la familia no surge de la nada. Desde hace meses, se vienen observando gestos de desapego, ausencias en eventos importantes y comentarios malintencionados, que <strong>comenzaron durante los preparativos de su boda con Nicola Peltz en 2022.<\/strong> La situaci\u00f3n se agrav\u00f3 cuando la nuera no visti\u00f3 un dise\u00f1o de Victoria para su enlace, interpretado por algunos como un desaire personal hacia la madre de Brooklyn. Desde entonces, la relaci\u00f3n se ha tensado de forma progresiva, hasta culminar en <a href=\"https:\/\/okdiario.com\/look\/estilo\/favorito-royals-celebre-firma-victoria-beckham-brilla-investidura-david-2418559\" rel=\"nofollow noopener\" target=\"_blank\">el bloqueo de redes sociales, un gesto que ha vuelto a poner en el foco medi\u00e1tico a la familia<\/a> durante una \u00e9poca del a\u00f1o que tradicionalmente deber\u00eda estar marcada por la uni\u00f3n.<\/p>\n<p>\n<img decoding=\"async\" loading=\"lazy\" class=\"size-full wp-image-2456873\" alt=\"Brooklyn Beckham  y Nicola Peltz. (Foto: Gtres)\" width=\"1707\" height=\"2560\"  src=\"https:\/\/www.europesays.com\/es\/wp-content\/uploads\/2025\/12\/placeholder.jpg\"  bad-src=\"https:\/\/www.europesays.com\/es\/wp-content\/uploads\/2025\/12\/placeholder.jpg\"\/><\/p>\n<p><img decoding=\"async\" loading=\"lazy\" class=\"size-full wp-image-2456873\" src=\"https:\/\/www.europesays.com\/es\/wp-content\/uploads\/2025\/12\/u568910_003-1-scaled.jpg\" alt=\"Brooklyn Beckham  y Nicola Peltz. (Foto: Gtres)\" width=\"1707\" height=\"2560\"  \/><\/p>\n<p> Brooklyn Beckham y Nicola Peltz. (Foto: Gtres)\n<\/p>\n<p data-start=\"3004\" data-end=\"3710\">Los medios brit\u00e1nicos han especulado sobre posibles enfrentamientos entre Brooklyn y Romeo, as\u00ed como sobre <strong>la intenci\u00f3n de Brooklyn y Nicola de mantener su privacidad y autonom\u00eda<\/strong>, alej\u00e1ndose de cualquier interacci\u00f3n que pudiera reavivar el conflicto familiar. Aunque la ruptura es palpable, el resto de los Beckham -especialmente los hijos menores- trabajan para mantener el equilibrio emocional del hogar. Mientras Harper y Cruz asumen un rol activo en la animaci\u00f3n de las fiestas, David y Victoria intentan canalizar la tristeza y la decepci\u00f3n a trav\u00e9s de gestos de normalidad y alegr\u00eda, conscientes de que, a pesar del distanciamiento, estas Navidades todav\u00eda pueden dejar momentos de uni\u00f3n y ternura.<\/p>\n<p>\t\t\t\t\t\t\t<script async src=\"\/\/www.instagram.com\/embed.js\"><\/script><\/p>\n","protected":false},"excerpt":{"rendered":"Estas Navidades, Victoria Beckham ha decidido abrir las puertas de su hogar para celebrar las fechas m\u00e1s se\u00f1aladas&hellip;\n","protected":false},"author":2,"featured_media":307472,"comment_status":"","ping_status":"","sticky":false,"template":"","format":"standard","meta":{"footnotes":""},"categories":[174],"tags":[19858,255,146,147,25,24,256,23],"class_list":{"0":"post-307471","1":"post","2":"type-post","3":"status-publish","4":"format-standard","5":"has-post-thumbnail","7":"category-famosos","8":"tag-beckham","9":"tag-celebrities","10":"tag-entertainment","11":"tag-entretenimiento","12":"tag-es","13":"tag-espana","14":"tag-famosos","15":"tag-spain"},"share_on_mastodon":{"url":"https:\/\/pubeurope.com\/@es\/115783647248368581","error":""},"_links":{"self":[{"href":"https:\/\/www.europesays.com\/es\/wp-json\/wp\/v2\/posts\/307471","targetHints":{"allow":["GET"]}}],"collection":[{"href":"https:\/\/www.europesays.com\/es\/wp-json\/wp\/v2\/posts"}],"about":[{"href":"https:\/\/www.europesays.com\/es\/wp-json\/wp\/v2\/types\/post"}],"author":[{"embeddable":true,"href":"https:\/\/www.europesays.com\/es\/wp-json\/wp\/v2\/users\/2"}],"replies":[{"embeddable":true,"href":"https:\/\/www.europesays.com\/es\/wp-json\/wp\/v2\/comments?post=307471"}],"version-history":[{"count":0,"href":"https:\/\/www.europesays.com\/es\/wp-json\/wp\/v2\/posts\/307471\/revisions"}],"wp:featuredmedia":[{"embeddable":true,"href":"https:\/\/www.europesays.com\/es\/wp-json\/wp\/v2\/media\/307472"}],"wp:attachment":[{"href":"https:\/\/www.europesays.com\/es\/wp-json\/wp\/v2\/media?parent=307471"}],"wp:term":[{"taxonomy":"category","embeddable":true,"href":"https:\/\/www.europesays.com\/es\/wp-json\/wp\/v2\/categories?post=307471"},{"taxonomy":"post_tag","embeddable":true,"href":"https:\/\/www.europesays.com\/es\/wp-json\/wp\/v2\/tags?post=307471"}],"curies":[{"name":"wp","href":"https:\/\/api.w.org\/{rel}","templated":true}]}}