{"id":307497,"date":"2025-12-26T03:29:29","date_gmt":"2025-12-26T03:29:29","guid":{"rendered":"https:\/\/www.europesays.com\/es\/307497\/"},"modified":"2025-12-26T03:29:29","modified_gmt":"2025-12-26T03:29:29","slug":"no-somos-compatibles-para-nada","status":"publish","type":"post","link":"https:\/\/www.europesays.com\/es\/307497\/","title":{"rendered":"No somos compatibles para nada"},"content":{"rendered":"<p>Hay quien asegura que <strong>los polos opuestos se atraen<\/strong>. <a href=\"https:\/\/www.lecturas.com\/television\/polos-opuestos-no-se-atraen-first-dates-surrealista-cita-vicent-lydia_170616\" target=\"_self\" rel=\"nofollow noopener\">&#8216;First Dates&#8217; ha tratado de demostrarlo<\/a> este martes; sin embargo, no le ha salido tan bien como se esperaba. <strong>Roberto <\/strong>(51 a\u00f1os) llegaba al restaurante alardeando de lo mucho que le gusta ser \u00fanico y diferente y con un montadito de panceta de su cafeter\u00eda: \u00abQuer\u00eda que los probarais\u00bb. Es un apasionado confeso de los toros, especialmente ahora que uno de sus amigos est\u00e1 triunfando en el mundo del toreo.\u00a0Buscaba a alguien diferente al resto, que fuese \u00abrespetuosa, que tenga clase, elegante y que sea de verdad\u00bb. <strong>Natalia<\/strong> (43 a\u00f1os), su cita, cumpl\u00eda sus exigencias, pero era tan distinta que ten\u00eda poco \u2013o nada\u2013 que ver con el empresario.\u00a0<\/p>\n<p>La teleoperadora hace cabaret, canta y baila. Asegura que <strong>si hay una palabra que le define esa es feminidad<\/strong>. A Roberto le ha entrado por los ojos. A ella,\u00a0<a href=\"https:\/\/www.lecturas.com\/television\/ismael-rosa-protagonizan-cita-mas-incomoda-first-dates-chica-pues-quedate-sola_173816\" target=\"_self\" rel=\"nofollow noopener\">su cita no tanto<\/a>: \u00abLo veo as\u00ed,\u00a0estilo andaluz, por la forma de vestir, las patillas que lleva&#8230; Ya no hay hombres as\u00ed\u00bb. El empresario se ha dado cuenta r\u00e1pidamente de que a ella le gusta la fiesta, pero parec\u00eda no importarle demasiado. \u00abPara m\u00ed, es espectacular\u00bb, ha confesado a las c\u00e1maras de &#8216;First Dates&#8217;.\u00a0<\/p>\n<p>Aficiones totalmente dispares<\/p>\n<p>La cena ha empezado con Roberto ilusionado y Natalia <strong>brindando porque \u00absalga bien la cita\u00bb<\/strong>. Han hablado sobre sus aficiones. La teleoperadora le ha contado que hace pole dance (o baile en barra), danza oriental y &#8216;sensual dance&#8217;. \u00abEl tema er\u00f3tico me llama much\u00edsimo la atenci\u00f3n. Adem\u00e1s, con el cuerpo que tiene, verla bailar debe ser un esc\u00e1ndalo\u00bb, ha apuntado el empresario. A Natalia no le ha gustado la proximidad de su cita <strong>con el mundo del toro<\/strong>: \u00abNo me gusta. No he ido nunca a ninguna corrida y no me atrae\u00bb.<\/p>\n<p><img decoding=\"async\" src=\"https:\/\/www.europesays.com\/es\/wp-content\/uploads\/2025\/12\/leonor_9d3a0c7b_251225182702_800x800.webp.webp\" alt=\"Leonor\" class=\"image lazyload\"\/><img loading=\"lazy\" decoding=\"async\" src=\"https:\/\/www.europesays.com\/es\/wp-content\/uploads\/2025\/12\/leonor_9d3a0c7b_251225182706_1280x720.webp.webp\" alt=\"Compa\u00f1eras de colegio y militares: qui\u00e9nes son los mejores amigos de la princesa Leonor\" class=\"image lazyload\" width=\"1280\" height=\"720\" data-aspectratio=\"1280\/720\"\/><\/p>\n<p>Pese a que se desaconseja hablar de pol\u00edtica en la primera cita, Natalia le ha confesado a su cita que es apol\u00edtica \u00abcon tendencia al PSOE\u00bb. \u00c9l no es de derechas, es \u00abde m\u00e1s arriba\u00bb. \u00abEscucha, apaga la luz que nos vamos\u00bb, ha dicho Roberto tras esta confesi\u00f3n.\u00a0<\/p>\n<p>La confesi\u00f3n de Natalia que ha echado para atr\u00e1s a Roberto\u00a0<\/p>\n<p>Tambi\u00e9n han hablado de lo mucho que le gusta a Natalia salir. Le ha contado que prefiere \u00ab<strong>el ambiente del transformismo, la noche drag<\/strong>\u00ab. Roberto no sab\u00eda muy bien de lo que le hablaba. \u00abTengo muchos amigos gays y he salido mucho con gays, drag queens, transformistas&#8230; Ese mundo me apasiona. Adem\u00e1s, todos los hombres huyen cuando les digo que me gusta todo el mundo del transformismo\u00bb, le ha explicado. Ante esto, Roberto ha dejado claro que \u00e9l no ha escapado nunca \u00abde nada ni de nadie\u00bb, aunque s\u00ed que le gustar\u00eda saber de qu\u00e9 estaba hablando su cita.\u00a0<\/p>\n<p>Natalia incluso se ha atrevido a contarle que <strong>tiene fantas\u00edas sexuales con ellos<\/strong>. \u00abMe pone much\u00edsimo hacerlo con un drag queen. Vestido de drag queen, con todo, o bien maquillado como una mujer, pero sin peluca y con pezoneras\u00bb, le ha contado. Roberto le ha escuchado, pero ha aclarado que no est\u00e1 dispuesto a pasar por ah\u00ed: \u00abYa te digo yo que no. \u00bfEstamos locos?\u00bb. Tampoco har\u00eda un tr\u00edo con su cita y uno de ellos. \u00abAh\u00ed no somos compatibles para nada\u00bb, ha se\u00f1alado.\u00a0<\/p>\n<p>En el reservado, Natalia le ha hecho una peque\u00f1a actuaci\u00f3n. \u00abPeculiar, la verdad es que es peculiar. Yo soy muy diferente\u00bb, ha confesado a las c\u00e1maras de &#8216;First Dates&#8217; despu\u00e9s de verla. La teleoperadora opinaba igual que \u00e9l. \u00ab<strong>No es mi estilo de chico<\/strong>. Me gustan los hombres un poco m\u00e1s altos y m\u00e1s cuidados. F\u00edsicamente con m\u00e1s pectorales\u00bb, ha dicho ella.\u00a0<\/p>\n<p>En la decisi\u00f3n final, Natalia ha sido la primera en contestar: \u00abNo tendr\u00eda una segunda cita. F\u00edsicamente, creo que no ha habido una atracci\u00f3n a primera vista\u00bb. Roberto tampoco la tendr\u00eda porque son completamente incompatibles: \u00abPol\u00edticamente, t\u00fa tienes unas ideas y yo tengo otras. Ni yo quiero cambiarte a ti ni t\u00fa vas a cambiarme a m\u00ed, y eso es algo que me gustar\u00eda que tuvieras siempre presente. S\u00e9 siempre t\u00fa como t\u00fa eres, que eres una gran mujer\u00bb. Se han despedido con dos besos y el deseo de tener \u00abmucha salud\u00bb.\u00a0<\/p>\n","protected":false},"excerpt":{"rendered":"Hay quien asegura que los polos opuestos se atraen. &#8216;First Dates&#8217; ha tratado de demostrarlo este martes; sin&hellip;\n","protected":false},"author":2,"featured_media":307498,"comment_status":"","ping_status":"","sticky":false,"template":"","format":"standard","meta":{"footnotes":""},"categories":[171],"tags":[146,147,25,24,23,214],"class_list":{"0":"post-307497","1":"post","2":"type-post","3":"status-publish","4":"format-standard","5":"has-post-thumbnail","7":"category-tv","8":"tag-entertainment","9":"tag-entretenimiento","10":"tag-es","11":"tag-espana","12":"tag-spain","13":"tag-tv"},"share_on_mastodon":{"url":"https:\/\/pubeurope.com\/@es\/115783753351821290","error":""},"_links":{"self":[{"href":"https:\/\/www.europesays.com\/es\/wp-json\/wp\/v2\/posts\/307497","targetHints":{"allow":["GET"]}}],"collection":[{"href":"https:\/\/www.europesays.com\/es\/wp-json\/wp\/v2\/posts"}],"about":[{"href":"https:\/\/www.europesays.com\/es\/wp-json\/wp\/v2\/types\/post"}],"author":[{"embeddable":true,"href":"https:\/\/www.europesays.com\/es\/wp-json\/wp\/v2\/users\/2"}],"replies":[{"embeddable":true,"href":"https:\/\/www.europesays.com\/es\/wp-json\/wp\/v2\/comments?post=307497"}],"version-history":[{"count":0,"href":"https:\/\/www.europesays.com\/es\/wp-json\/wp\/v2\/posts\/307497\/revisions"}],"wp:featuredmedia":[{"embeddable":true,"href":"https:\/\/www.europesays.com\/es\/wp-json\/wp\/v2\/media\/307498"}],"wp:attachment":[{"href":"https:\/\/www.europesays.com\/es\/wp-json\/wp\/v2\/media?parent=307497"}],"wp:term":[{"taxonomy":"category","embeddable":true,"href":"https:\/\/www.europesays.com\/es\/wp-json\/wp\/v2\/categories?post=307497"},{"taxonomy":"post_tag","embeddable":true,"href":"https:\/\/www.europesays.com\/es\/wp-json\/wp\/v2\/tags?post=307497"}],"curies":[{"name":"wp","href":"https:\/\/api.w.org\/{rel}","templated":true}]}}