{"id":307503,"date":"2025-12-26T03:34:18","date_gmt":"2025-12-26T03:34:18","guid":{"rendered":"https:\/\/www.europesays.com\/es\/307503\/"},"modified":"2025-12-26T03:34:18","modified_gmt":"2025-12-26T03:34:18","slug":"ni-accidente-ni-quitarse-la-vida","status":"publish","type":"post","link":"https:\/\/www.europesays.com\/es\/307503\/","title":{"rendered":"\u00abNi accidente, ni quitarse la vida\u00bb"},"content":{"rendered":"<p style=\"\"><strong>Pedro Cadah\u00eda<\/strong>, novio de la influencer <strong>Manuela Ochoa G\u00f3mez-Acebo<\/strong> muri\u00f3 de manera totalmente inesperada el pasado domingo, 21 de diciembre tan solo <a href=\"https:\/\/www.abc.es\/gente\/muere-manera-repentina-novio-influencer-manuela-ochoa-20251222102355-nt.html\" target=\"_self\" data-voc-vtm-id=\"in-text-traffic\" title=\"cinco d\u00edas despu\u00e9s de pedirle matrimonio\" data-mrf-link=\"www.abc.es\" rel=\"nofollow noopener\">cinco d\u00edas despu\u00e9s de pedirle matrimonio<\/a> a la joven. La pareja ya hab\u00eda cerrado la fecha para la boda,  &#8230; ser\u00eda el 31 de octubre del a\u00f1o que viene.<\/p>\n<p class=\"voc-p\" style=\"\">Fuea la propia Manuela la encargada de dar la triste noticia a trav\u00e9s de su perfil en redes sociales, donde acumula m\u00e1s de 106.000 seguidores. \u00abUn 8 de diciembre prometimos querernos todos los d\u00edas de nuestra vida frente a nuestra Virgen de Guadalupe en su casa en M\u00e9xico. 12 de diciembre, en su d\u00eda, <a href=\"https:\/\/www.abc.es\/gente\/muere-manera-repentina-novio-influencer-manuela-ochoa-20251222102355-nt.html\" target=\"_self\" data-voc-vtm-id=\"in-text-traffic\" title=\"decide llevarte al cielo sin preaviso\" data-mrf-link=\"www.abc.es\" rel=\"nofollow noopener\">decide llevarte al cielo sin preaviso<\/a>\u00bb, dijo entonces en referencia a que el joven escogi\u00f3 M\u00e9xico -donde se encontraban para asistir a la boda de una amiga suya- para comprometerse.<\/p>\n<p class=\"voc-p\" style=\"\">\u00abHay gente que es tan tan santa que no est\u00e1 hecha para este mundo. Y t\u00fa, mi amor, eres sin duda de esas personas. Qu\u00e9 suerte el cielo de recibir un \u00e1ngel como t\u00fa\u00bb, continu\u00f3 diciendo la influencer junto a un carrusel de fotos e im\u00e1genes con Pedro. \u00ab\u00bfQu\u00e9 voy a hacer sin ti? Si te soy sincera, no lo s\u00e9. Reconozco que todo esto me viene un poco grande, no s\u00e9 c\u00f3mo vivir sin ti. Lo que s\u00ed s\u00e9, es que hoy<a href=\"https:\/\/www.abc.es\/gente\/muere-manera-repentina-novio-influencer-manuela-ochoa-20251222102355-nt.html\" target=\"_self\" data-voc-vtm-id=\"in-text-traffic\" title=\" esa promesa brilla en el cielo\" data-mrf-link=\"www.abc.es\" rel=\"nofollow noopener\"> esa promesa brilla en el cielo<\/a> m\u00e1s que nunca\u00bb, reconoci\u00f3.<\/p>\n<p class=\"voc-p\" style=\"\">Una publicaci\u00f3n que ha recibido durante estos d\u00edas cientos de comentarios. La mayor\u00eda de ellos con mensajes de \u00e1nimo, fuerza y esperanza. Pero algunos de ellos se atrev\u00edan a especular sobre las posibles causas de la muerte de joven -que por el momento no han sido desveladas ni por su novia ni por la familia-. \u00abUn accidente o depresi\u00f3n, pienso yo. En algunos momentos al chico no se le ve muy contento\u00bb, escribi\u00f3 un usuario. Un comentario que doli\u00f3 en el coraz\u00f3n a la joven influencer, quien no dud\u00f3 en responder para zanjar los rumores. \u00abPedro ha sido la persona m\u00e1s feliz del mundo hasta el \u00faltimo d\u00eda. <strong>Ni accidente, ni depresi\u00f3n, ni quitarse la vida<\/strong>\u00bb, sentenci\u00f3.<\/p>\n<p class=\"voc-p\" style=\"\">Entre los mensajes de apoyo que ha recibido desde el tr\u00e1gico suceso, algunos influencers famosos han querido compartir con ella unas palabras de \u00e1nimo. Ha sido el caso, por ejemplo, de <strong>Tom\u00e1s P\u00e1ramo<\/strong>, quien se ha abrazado a la fe para superar este tipo de situaciones: \u00abY en el Cielo est\u00e1, y su amor te cuidar\u00e1 para siempre mientras dure tu camino en este mundo. Y despu\u00e9s, os volver\u00e9is a encontrar para vivir eternamente abrazados, en esa eternidad que os hab\u00e9is prometido\u00bb, escribi\u00f3 a trav\u00e9s de Instagram. O la cantante <strong>Sof\u00eda Ellar<\/strong>: \u00abSe me encoge el coraz\u00f3n. Rezamos por vosotros Manuela. MUCHO. Corazones al cielo\u00bb.<\/p>\n","protected":false},"excerpt":{"rendered":"Pedro Cadah\u00eda, novio de la influencer Manuela Ochoa G\u00f3mez-Acebo muri\u00f3 de manera totalmente inesperada el pasado domingo, 21&hellip;\n","protected":false},"author":2,"featured_media":307504,"comment_status":"","ping_status":"","sticky":false,"template":"","format":"standard","meta":{"footnotes":""},"categories":[91],"tags":[4205,4708,146,147,25,24,5764,72611,4920,46572,72612,34876,49358,11491,57,23,2606],"class_list":{"0":"post-307503","1":"post","2":"type-post","3":"status-publish","4":"format-standard","5":"has-post-thumbnail","7":"category-entretenimiento","8":"tag-accidente","9":"tag-corta","10":"tag-entertainment","11":"tag-entretenimiento","12":"tag-es","13":"tag-espana","14":"tag-influencer","15":"tag-manuela","16":"tag-muerte","17":"tag-ochoa","18":"tag-prometido","19":"tag-quitarse","20":"tag-raiz","21":"tag-rumores","22":"tag-sobre","23":"tag-spain","24":"tag-vida"},"share_on_mastodon":{"url":"https:\/\/pubeurope.com\/@es\/115783772804820108","error":""},"_links":{"self":[{"href":"https:\/\/www.europesays.com\/es\/wp-json\/wp\/v2\/posts\/307503","targetHints":{"allow":["GET"]}}],"collection":[{"href":"https:\/\/www.europesays.com\/es\/wp-json\/wp\/v2\/posts"}],"about":[{"href":"https:\/\/www.europesays.com\/es\/wp-json\/wp\/v2\/types\/post"}],"author":[{"embeddable":true,"href":"https:\/\/www.europesays.com\/es\/wp-json\/wp\/v2\/users\/2"}],"replies":[{"embeddable":true,"href":"https:\/\/www.europesays.com\/es\/wp-json\/wp\/v2\/comments?post=307503"}],"version-history":[{"count":0,"href":"https:\/\/www.europesays.com\/es\/wp-json\/wp\/v2\/posts\/307503\/revisions"}],"wp:featuredmedia":[{"embeddable":true,"href":"https:\/\/www.europesays.com\/es\/wp-json\/wp\/v2\/media\/307504"}],"wp:attachment":[{"href":"https:\/\/www.europesays.com\/es\/wp-json\/wp\/v2\/media?parent=307503"}],"wp:term":[{"taxonomy":"category","embeddable":true,"href":"https:\/\/www.europesays.com\/es\/wp-json\/wp\/v2\/categories?post=307503"},{"taxonomy":"post_tag","embeddable":true,"href":"https:\/\/www.europesays.com\/es\/wp-json\/wp\/v2\/tags?post=307503"}],"curies":[{"name":"wp","href":"https:\/\/api.w.org\/{rel}","templated":true}]}}