{"id":307505,"date":"2025-12-26T03:35:21","date_gmt":"2025-12-26T03:35:21","guid":{"rendered":"https:\/\/www.europesays.com\/es\/307505\/"},"modified":"2025-12-26T03:35:21","modified_gmt":"2025-12-26T03:35:21","slug":"la-ia-por-fin-permitira-la-multitarea-real","status":"publish","type":"post","link":"https:\/\/www.europesays.com\/es\/307505\/","title":{"rendered":"la IA por fin permitir\u00e1 la multitarea real"},"content":{"rendered":"<p>Hasta el momento, interactuar Gemini de Google requer\u00eda ceder toda la pantalla. De este modo, el panel superpuesto deb\u00eda permanecer abierto para que la herramienta funcionara. Si el usuario decid\u00eda salir moment\u00e1neamente para consultar otra aplicaci\u00f3n, la sesi\u00f3n se cerraba y la respuesta en curso se perd\u00eda, obligando a rebuscar en el historial o empezar de cero.<\/p>\n<p><img fetchpriority=\"high\" decoding=\"async\" src=\"https:\/\/www.europesays.com\/es\/wp-content\/uploads\/2025\/12\/Google-Gemini.jpg\" alt=\"\" width=\"1422\" height=\"800\"  \/><\/p>\n<p>Afortunadamente, este comportamiento r\u00edgido parece tener los d\u00edas contados. Seg\u00fan el an\u00e1lisis de c\u00f3digo hallado en la \u00faltima versi\u00f3n beta de la aplicaci\u00f3n de Google, la compa\u00f1\u00eda est\u00e1 ultimando una mejora crucial dise\u00f1ada espec\u00edficamente para la multitarea. La nueva funcionalidad permitir\u00e1 que, al realizar el gesto de volver o salir, la interfaz de Gemini no se destruya, sino que se <strong>minimice en un peque\u00f1o icono flotante<\/strong> situado en la zona inferior de la pantalla.<\/p>\n<p><strong>Te interesa \ud83d\udc49 <a href=\"https:\/\/www.profesionalreview.com\/2025\/12\/22\/google-pospone-el-fin-de-assistant-en-moviles-la-transicion-obligatoria-a-gemini-se-retrasa-hasta-2026\/\" rel=\"nofollow noopener\" target=\"_blank\">Google pospone el fin de Assistant en m\u00f3viles: la transici\u00f3n obligatoria a Gemini se retrasa hasta 2026<\/a><\/strong><\/p>\n<p>Gemini ahora da respuestas sin interrumpir tu flujo de trabajo<\/p>\n<p>El cambio va mucho m\u00e1s all\u00e1 de un simple ajuste est\u00e9tico. La gran ventaja funcional radica en que Gemini ser\u00e1 capaz de <strong>seguir trabajando en segundo plano<\/strong>. Esto significa que el usuario podr\u00e1 lanzar una consulta compleja, minimizar la IA para continuar usando otras aplicaciones y recibir una notificaci\u00f3n o aviso visual cuando la respuesta est\u00e9 lista para ser le\u00edda.<\/p>\n<p>Al pulsar sobre el nuevo icono flotante, la ventana se expandir\u00e1 recuperando la sesi\u00f3n exactamente en el punto donde se dej\u00f3, manteniendo el contexto de la conversaci\u00f3n. Esta manera de funcionar acerca el comportamiento de Gemini al de las burbujas de chat tradicionales, como sucede con apps de mensajer\u00eda como WhatsApp. Para aquellos casos en los que el usuario realmente desee cerrar la herramienta por completo, el sistema mantendr\u00e1 la opci\u00f3n de descartar la burbuja mediante un gesto de deslizamiento.<\/p>\n<p>\t\t\t\t\t\t<a href=\"https:\/\/www.profesionalreview.com\/author\/edgarotero\/\" rel=\"nofollow noopener\" target=\"_blank\"><br \/>\n\t\t\t\t\t\t\t<img loading=\"lazy\" alt=\"Photo of Edgar Otero\" src=\"data:image\/svg+xml,%3Csvg%20xmlns=\" http:=\"\" data-lazy- class=\"avatar avatar-180 photo\" height=\"180\" width=\"180\" decoding=\"async\" data-lazy-src=\"https:\/\/www.europesays.com\/es\/wp-content\/uploads\/2025\/12\/50ad4eaff6e2effb3328ffa3bd2f361e99ac895e4a437139df567a3cce5e4306\"\/>\t\t\t\t\t\t<\/a><\/p>\n<p>\t\t\t\t\t\t\t\t\t\t\t<a href=\"https:\/\/www.profesionalreview.com\/author\/edgarotero\/\" rel=\"nofollow noopener\" target=\"_blank\">Edgar Otero<\/a><\/p>\n<p>\n\t\t\t\t\tT\u00e9cnico de sistemas inform\u00e1ticos. Experto en tocar botones, instalar aplicaciones y reconfigurar mi vida digital cada cierto tiempo. Explico experimentos y otros trucos utilizando solamente un teclado.\t\t\t\t<\/p>\n<p>\t\tLos datos de car\u00e1cter personal que nos facilite mediante este formulario quedar\u00e1n registrados en un fichero de Miguel \u00c1ngel Navas Carrera, con la finalidad de gestionar los comentarios que realizas en este blog. La legitimaci\u00f3n se realiza a trav\u00e9s del consentimiento del interesado. Si no se acepta no podr\u00e1s comentar en este blog. Puedes consultar <a href=\"https:\/\/www.profesionalreview.com\/politica-de-privacidad\/\" target=\"_blank\" rel=\"noopener nofollow\"><strong>Pol\u00edtica de privacidad<\/strong><\/a>. Puede ejercitar los derechos de acceso, rectificaci\u00f3n, cancelaci\u00f3n y oposici\u00f3n en <strong>info@profesionalreview.com<\/strong><\/p>\n","protected":false},"excerpt":{"rendered":"Hasta el momento, interactuar Gemini de Google requer\u00eda ceder toda la pantalla. De este modo, el panel superpuesto&hellip;\n","protected":false},"author":2,"featured_media":307506,"comment_status":"","ping_status":"","sticky":false,"template":"","format":"standard","meta":{"footnotes":""},"categories":[81],"tags":[7009,119,123,124,25,24,5003,16413,117,121,122,23,118,120],"class_list":{"0":"post-307505","1":"post","2":"type-post","3":"status-publish","4":"format-standard","5":"has-post-thumbnail","7":"category-ciencia-y-tecnologia","8":"tag-android","9":"tag-ciencia","10":"tag-ciencia-y-tecnologia","11":"tag-cienciaytecnologia","12":"tag-es","13":"tag-espana","14":"tag-google","15":"tag-google-gemini","16":"tag-science","17":"tag-science-and-technology","18":"tag-scienceandtechnology","19":"tag-spain","20":"tag-technology","21":"tag-tecnologia"},"share_on_mastodon":{"url":"https:\/\/pubeurope.com\/@es\/115783777005481980","error":""},"_links":{"self":[{"href":"https:\/\/www.europesays.com\/es\/wp-json\/wp\/v2\/posts\/307505","targetHints":{"allow":["GET"]}}],"collection":[{"href":"https:\/\/www.europesays.com\/es\/wp-json\/wp\/v2\/posts"}],"about":[{"href":"https:\/\/www.europesays.com\/es\/wp-json\/wp\/v2\/types\/post"}],"author":[{"embeddable":true,"href":"https:\/\/www.europesays.com\/es\/wp-json\/wp\/v2\/users\/2"}],"replies":[{"embeddable":true,"href":"https:\/\/www.europesays.com\/es\/wp-json\/wp\/v2\/comments?post=307505"}],"version-history":[{"count":0,"href":"https:\/\/www.europesays.com\/es\/wp-json\/wp\/v2\/posts\/307505\/revisions"}],"wp:featuredmedia":[{"embeddable":true,"href":"https:\/\/www.europesays.com\/es\/wp-json\/wp\/v2\/media\/307506"}],"wp:attachment":[{"href":"https:\/\/www.europesays.com\/es\/wp-json\/wp\/v2\/media?parent=307505"}],"wp:term":[{"taxonomy":"category","embeddable":true,"href":"https:\/\/www.europesays.com\/es\/wp-json\/wp\/v2\/categories?post=307505"},{"taxonomy":"post_tag","embeddable":true,"href":"https:\/\/www.europesays.com\/es\/wp-json\/wp\/v2\/tags?post=307505"}],"curies":[{"name":"wp","href":"https:\/\/api.w.org\/{rel}","templated":true}]}}