{"id":307511,"date":"2025-12-26T03:38:09","date_gmt":"2025-12-26T03:38:09","guid":{"rendered":"https:\/\/www.europesays.com\/es\/307511\/"},"modified":"2025-12-26T03:38:09","modified_gmt":"2025-12-26T03:38:09","slug":"el-frio-continua-tras-navidad","status":"publish","type":"post","link":"https:\/\/www.europesays.com\/es\/307511\/","title":{"rendered":"el fr\u00edo contin\u00faa tras Navidad"},"content":{"rendered":"<p>Despu\u00e9s de <strong>una Nochebuena y una Navidad marcadas por las bajas temperaturas<\/strong>, in\u00e9ditas en m\u00e1s de una d\u00e9cada, el fr\u00edo a\u00fan se alargar\u00e1 unos d\u00edas m\u00e1s y este viernes el tiempo vuelve a estar marcado por la inestabilidad, con focos de lluvia importante.<\/p>\n<p>Este temporal de lluvia, nieve y heladas est\u00e1 afectando a medio centenar de carreteras. Este viernes, en 10 de ellas no se puede circular, seg\u00fan la Direcci\u00f3n General de Tr\u00e1fico (DGT) y en 16 es obligatorio el uso de cadenas. Castilla y Le\u00f3n, Navarra, Asturias y Andaluc\u00eda son las comunidades m\u00e1s afectadas por la situaci\u00f3n de sus v\u00edas.<\/p>\n<p>La Agencia Estatal de Meteorolog\u00eda (<strong>AEMET<\/strong>) prev\u00e9 que estas precipitaciones marquen la jornada principalmente en zonas del Mediterr\u00e1neo como la Comunidad Valenciana, las Islas Baleares y Catalu\u00f1a, con posibilidad de nevadas de car\u00e1cter d\u00e9bil en el entorno del sistema Ib\u00e9rico y algo m\u00e1s significativas en los Pirineos, aunque sin previsi\u00f3n de que puedan causar grandes problemas.<\/p>\n<p><strong>El litoral de Barcelona y Girona estar\u00e1 en aviso naranja<\/strong> por una situaci\u00f3n mar\u00edtima que se prev\u00e9 complicada, con olas que pueden llegar e incluso superar los cuatro metros de altura, algo rese\u00f1able teniendo cuenta las especiales caracter\u00edsticas del mar Mediterr\u00e1neo.<\/p>\n<p>Tambi\u00e9n estar\u00e1n <strong>bajo aviso naranja zonas costeras de Valencia y Alicante<\/strong>, mientras que las bajas temperaturas mantendr\u00e1n en amarillo \u00e1reas de la sierra en Madrid y Guadalajara o aleda\u00f1as a la cordillera Cant\u00e1brica. Los expertos prev\u00e9n <strong>fuertes heladas en entornos de monta\u00f1a de la mitad norte peninsular<\/strong>.<\/p>\n<p>El s\u00e1bado y el domingo persiste la inestabilidad<\/p>\n<p>Este tiempo revuelto se prolongar\u00e1 durante la mayor parte del fin de semana. Para el <strong>s\u00e1bado<\/strong>, la AEMET anticipa precipitaciones persistentes en el este de Catalu\u00f1a, tambi\u00e9n probables en el entorno del Estrecho y el oeste de Albor\u00e1n. <\/p>\n<p>En el resto de la pen\u00ednsula Ib\u00e9rica predominar\u00e1n los cielos poco nubosos con una tendencia a cubrirse en la mitad sur debido al acercamiento de un sistema de bajas presiones que acabar\u00e1 dejando precipitaciones en la mayor parte de Extremadura y Andaluc\u00eda, con tormentas ocasionales. Catalu\u00f1a ser\u00e1 la \u00fanica comunidad con focos de aviso amarillo en todo su litoral y el prelitoral y en \u00e1reas pirenaicas de Girona.<\/p>\n<p>El <strong>domingo<\/strong>, las temperaturas subir\u00e1n ligeramente, aunque no ser\u00e1 hasta el lunes cuando den m\u00e1s tregua y el tiempo comience a estabilizarse en l\u00edneas generales. As\u00ed, la semana a\u00fan concluir\u00e1 con un sistema de bajas presiones situado al sur de la Pen\u00ednsula y que dejar\u00e1 un d\u00eda inestable con cielos nubosos o cubiertos en la mayor parte de la Ib\u00e9rica, as\u00ed como en el archipi\u00e9lago balear.<\/p>\n<p>*Sigue las \u00faltimas noticias sobre El tiempo y la previsi\u00f3n meteorol\u00f3gica en <a href=\"https:\/\/www.rtve.es\/eltiempo\/\" rel=\"nofollow noopener\" target=\"_blank\">RTVE.es<\/a>.<\/p>\n","protected":false},"excerpt":{"rendered":"Despu\u00e9s de una Nochebuena y una Navidad marcadas por las bajas temperaturas, in\u00e9ditas en m\u00e1s de una d\u00e9cada,&hellip;\n","protected":false},"author":2,"featured_media":307512,"comment_status":"","ping_status":"","sticky":false,"template":"","format":"standard","meta":{"footnotes":""},"categories":[8],"tags":[17,18,25,24,13,14,11,19,20,9,10,15,16,23,12,21,22],"class_list":{"0":"post-307511","1":"post","2":"type-post","3":"status-publish","4":"format-standard","5":"has-post-thumbnail","7":"category-espana","8":"tag-breaking-news","9":"tag-breakingnews","10":"tag-es","11":"tag-espana","12":"tag-featured-news","13":"tag-featurednews","14":"tag-headlines","15":"tag-latest-news","16":"tag-latestnews","17":"tag-news","18":"tag-noticias","19":"tag-noticias-destacadas","20":"tag-noticiasdestacadas","21":"tag-spain","22":"tag-titulares","23":"tag-ultimas-noticias","24":"tag-ultimasnoticias"},"share_on_mastodon":{"url":"https:\/\/pubeurope.com\/@es\/115783788340574691","error":""},"_links":{"self":[{"href":"https:\/\/www.europesays.com\/es\/wp-json\/wp\/v2\/posts\/307511","targetHints":{"allow":["GET"]}}],"collection":[{"href":"https:\/\/www.europesays.com\/es\/wp-json\/wp\/v2\/posts"}],"about":[{"href":"https:\/\/www.europesays.com\/es\/wp-json\/wp\/v2\/types\/post"}],"author":[{"embeddable":true,"href":"https:\/\/www.europesays.com\/es\/wp-json\/wp\/v2\/users\/2"}],"replies":[{"embeddable":true,"href":"https:\/\/www.europesays.com\/es\/wp-json\/wp\/v2\/comments?post=307511"}],"version-history":[{"count":0,"href":"https:\/\/www.europesays.com\/es\/wp-json\/wp\/v2\/posts\/307511\/revisions"}],"wp:featuredmedia":[{"embeddable":true,"href":"https:\/\/www.europesays.com\/es\/wp-json\/wp\/v2\/media\/307512"}],"wp:attachment":[{"href":"https:\/\/www.europesays.com\/es\/wp-json\/wp\/v2\/media?parent=307511"}],"wp:term":[{"taxonomy":"category","embeddable":true,"href":"https:\/\/www.europesays.com\/es\/wp-json\/wp\/v2\/categories?post=307511"},{"taxonomy":"post_tag","embeddable":true,"href":"https:\/\/www.europesays.com\/es\/wp-json\/wp\/v2\/tags?post=307511"}],"curies":[{"name":"wp","href":"https:\/\/api.w.org\/{rel}","templated":true}]}}