{"id":307521,"date":"2025-12-26T03:54:13","date_gmt":"2025-12-26T03:54:13","guid":{"rendered":"https:\/\/www.europesays.com\/es\/307521\/"},"modified":"2025-12-26T03:54:13","modified_gmt":"2025-12-26T03:54:13","slug":"trailer-y-fecha-de-estreno-de-los-bridgerton-temporada-4-benedict-conoce-a-cenicienta","status":"publish","type":"post","link":"https:\/\/www.europesays.com\/es\/307521\/","title":{"rendered":"Tr\u00e1iler y fecha de estreno de &#8216;Los Bridgerton&#8217; temporada 4: Benedict conoce a Cenicienta"},"content":{"rendered":"<p>Estamos a menos de un mes de poder verla<\/p>\n<p><img decoding=\"async\" fetchpriority=\"high\" width=\"768\" height=\"432\" alt=\"Tr\u00e1iler y fecha de estreno de 'Los Bridgerton' temporada 4: Benedict conoce a Cenicienta\" src=\"https:\/\/www.europesays.com\/es\/wp-content\/uploads\/2025\/12\/bridgerton-4.1766687226.5987.jpg\"\/> Benedict Bridgerton encuentra un nuevo pasatiempo<\/p>\n<p>\u00danete a la conversaci\u00f3n<\/p>\n<p>Netflix ha aprovechado una fecha tan se\u00f1alada como es el 25 de diciembre para dejarnos ver el <strong>nuevo y m\u00e1s completo adelanto<\/strong> hasta la fecha de la <a href=\"https:\/\/andro4all.com\/series\/amor-a-primera-vista-en-el-nuevo-adelanto-de-la-temporada-4-de-los-bridgerton-que-confirma-temporadas-5-y-6\" rel=\"nofollow noopener\" target=\"_blank\">nueva temporada de Los Bridgerton<\/a>, la cuarta, que seguir\u00e1 adaptando las novelas rom\u00e1nticas de la escritora estadounidense Julia Quinn, siendo esta vez el <strong>turno del libro Te doy mi coraz\u00f3n<\/strong>.<\/p>\n<p>El avance, correspondiente a la <strong>primera parte de la temporada 4<\/strong>, confirma adem\u00e1s su <strong>fecha de estreno<\/strong>: los nuevos episodios llegar\u00e1n a Netflix el pr\u00f3ximo <strong>29 de enero<\/strong>. Esta tanda inicial pondr\u00e1 <strong>el foco en Benedict Bridgerton<\/strong>, interpretado de nuevo por Luke Thompson, y en el inicio de su <strong>historia rom\u00e1ntica con Sophie Baek<\/strong>, personaje encarnado por Yerin Ha.<\/p>\n<p>Adi\u00f3s al soltero empedernido<\/p>\n<p>Tras tres temporadas centradas respectivamente en Daphne y Simon, Anthony y Kate, y en el romance entre Penelope y Colin, la serie se detiene ahora en <strong>el segundo de los hermanos<\/strong> Bridgerton.<\/p>\n<p>Hasta el momento, Benedict hab\u00eda sido retratado como un <strong>esp\u00edritu bohemio<\/strong>, m\u00e1s interesado en el arte, las relaciones fugaces y en huir de las convenciones sociales que en seguir el camino marcado por su familia. En la nueva temporada, <strong>ese planteamiento cambiar\u00e1<\/strong> de forma radical.<\/p>\n<p>El baile de Cenicienta<\/p>\n<p>La trama arrancar\u00e1 con un <strong>encuentro casi fortuito<\/strong> durante <a href=\"https:\/\/andro4all.com\/series\/video-detras-de-las-camaras-de-los-bridgerton-y-el-baile-de-mascaras-que-abrira-su-temporada-4\" rel=\"nofollow noopener\" target=\"_blank\">un baile de m\u00e1scaras<\/a> organizado por Lady Violet Bridgerton, donde Benedict queda cautivado por la llamada <strong>Dama de Plata<\/strong>.<\/p>\n<p>Bajo una <strong>m\u00e1scara plateada<\/strong> y enmarcada por una gran l\u00e1mpara de ara\u00f1a, Sophie se convierte en una <strong>figura casi irreal para **\u00e9l, dando inicio a una historia que juega de forma directa con el contraste entre fantas\u00eda y realidad. Seg\u00fan la showrunner Jess Brownell, este momento ser\u00e1 clave para establecer el tono de la temporada y el **viaje emocional<\/strong> del personaje.<\/p>\n<p>Inspirada directamente en Te doy mi coraz\u00f3n, la temporada explorar\u00e1 la <strong>obsesiva b\u00fasqueda de Benedict<\/strong> por descubrir la identidad real de la mujer que conoci\u00f3 aquella noche, mientras Sophie tiene motivos muy concretos para <strong>ocultar qui\u00e9n es<\/strong> en realidad. Esa dualidad, adelantada en el tr\u00e1iler, ser\u00e1 <strong>uno de los motores narrativos<\/strong> de los nuevos episodios.<\/p>\n<p>\u00danete a la conversaci\u00f3n<\/p>\n","protected":false},"excerpt":{"rendered":"Estamos a menos de un mes de poder verla Benedict Bridgerton encuentra un nuevo pasatiempo \u00danete a la&hellip;\n","protected":false},"author":2,"featured_media":307522,"comment_status":"","ping_status":"","sticky":false,"template":"","format":"standard","meta":{"footnotes":""},"categories":[171],"tags":[146,147,25,24,23,214],"class_list":{"0":"post-307521","1":"post","2":"type-post","3":"status-publish","4":"format-standard","5":"has-post-thumbnail","7":"category-tv","8":"tag-entertainment","9":"tag-entretenimiento","10":"tag-es","11":"tag-espana","12":"tag-spain","13":"tag-tv"},"share_on_mastodon":{"url":"https:\/\/pubeurope.com\/@es\/115783851702782495","error":""},"_links":{"self":[{"href":"https:\/\/www.europesays.com\/es\/wp-json\/wp\/v2\/posts\/307521","targetHints":{"allow":["GET"]}}],"collection":[{"href":"https:\/\/www.europesays.com\/es\/wp-json\/wp\/v2\/posts"}],"about":[{"href":"https:\/\/www.europesays.com\/es\/wp-json\/wp\/v2\/types\/post"}],"author":[{"embeddable":true,"href":"https:\/\/www.europesays.com\/es\/wp-json\/wp\/v2\/users\/2"}],"replies":[{"embeddable":true,"href":"https:\/\/www.europesays.com\/es\/wp-json\/wp\/v2\/comments?post=307521"}],"version-history":[{"count":0,"href":"https:\/\/www.europesays.com\/es\/wp-json\/wp\/v2\/posts\/307521\/revisions"}],"wp:featuredmedia":[{"embeddable":true,"href":"https:\/\/www.europesays.com\/es\/wp-json\/wp\/v2\/media\/307522"}],"wp:attachment":[{"href":"https:\/\/www.europesays.com\/es\/wp-json\/wp\/v2\/media?parent=307521"}],"wp:term":[{"taxonomy":"category","embeddable":true,"href":"https:\/\/www.europesays.com\/es\/wp-json\/wp\/v2\/categories?post=307521"},{"taxonomy":"post_tag","embeddable":true,"href":"https:\/\/www.europesays.com\/es\/wp-json\/wp\/v2\/tags?post=307521"}],"curies":[{"name":"wp","href":"https:\/\/api.w.org\/{rel}","templated":true}]}}