{"id":307533,"date":"2025-12-26T04:05:18","date_gmt":"2025-12-26T04:05:18","guid":{"rendered":"https:\/\/www.europesays.com\/es\/307533\/"},"modified":"2025-12-26T04:05:18","modified_gmt":"2025-12-26T04:05:18","slug":"nueva-prorroga-de-la-suspension-de-desahucios","status":"publish","type":"post","link":"https:\/\/www.europesays.com\/es\/307533\/","title":{"rendered":"Nueva pr\u00f3rroga de la suspensi\u00f3n de desahucios"},"content":{"rendered":"<p>                        2025-12-24T13:54:00<\/p>\n<p>\n                                                            Espa\u00f1a\n                                                    <\/p>\n<p>Se suspenden hasta el 31 de diciembre de 2026 los desahucios y lanzamientos de vivienda para personas y familias vulnerables<\/p>\n<p>                                                                                    <img loading=\"lazy\" decoding=\"async\" src=\"https:\/\/www.europesays.com\/es\/wp-content\/uploads\/2025\/12\/suspension-desahucios-image-694be5088d641277567741.webp\" alt=\"Nueva pr\u00f3rroga de la suspensi\u00f3n de desahucios\" width=\"396\" height=\"297\"\/><\/p>\n<p>24 de diciembre de 2025<\/p>\n<ul class=\"related__content related__content--lawyers\">\n<li class=\"related__content__item\">\n<p>                                                ACI | \u00c1rea de Conocimiento e Innovaci\u00f3n<\/p>\n<\/li>\n<\/ul>\n<p>Hoy se ha publicado en el Bolet\u00edn Oficial del Estado (BOE) el <a href=\"https:\/\/www.boe.es\/boe\/dias\/2025\/12\/24\/pdfs\/BOE-A-2025-26458.pdf\" target=\"_blank\" rel=\"nofollow noopener\">Real Decreto-ley 16\/2025, de 23 de diciembre, por el que se prorrogan determinadas medidas para hacer frente a situaciones de vulnerabilidad social, y se adoptan medidas urgentes en materia tributaria y de Seguridad Social <\/a>(\u00ab<b>RDL 16\/2025<\/b>\u00ab). Entre otras medidas relevantes, esta norma prorroga nuevamente la <b>suspensi\u00f3n de los procedimientos de desahucio y de lanzamiento para hogares vulnerables sin alternativa habitacional<\/b> regulada en el <a href=\"https:\/\/www.boe.es\/buscar\/act.php?id=BOE-A-2020-4208\" target=\"_blank\" rel=\"nofollow noopener\">Real Decreto-ley 11\/2020<\/a> (\u00ab<b>RDL 11\/2020<\/b>\u00ab).<\/p>\n<p>Por tanto, queda prorrogada hasta el 31 de diciembre de 2026 la suspensi\u00f3n de los procedimientos de desahucio y de lanzamiento en estos casos:<\/p>\n<ul>\n<li>por <b>impago de alquiler <\/b>para hogares vulnerables sin alternativa habitacional sujetos a la LAU de 1994; y<\/li>\n<\/ul>\n<ul>\n<li>para quienes <b>habiten sin t\u00edtulo una vivienda<\/b> que sean v\u00edctimas de violencia de g\u00e9nero, dependientes o con dependientes o menores a su cargo, y se encuentren en situaci\u00f3n de vulnerabilidad, siempre que la vivienda pertenezca a personas f\u00edsicas o jur\u00eddicas titulares de m\u00e1s de diez viviendas.\u00a0<\/li>\n<\/ul>\n<p>Igualmente se prorroga la posibilidad, otorgada a los <b>arrendadores y titulares de viviendas<\/b> afectados por la suspensi\u00f3n de los procedimientos de desahucio y lanzamientos, de solicitar, hasta el 31 de diciembre de 2027, una <b>compensaci\u00f3n <\/b>en determinadas circunstancias.<\/p>\n<p>Esta medida que prorroga ahora el RDL 16\/2025 ya fue prorrogada por el Real Decreto-ley 1\/2025, de 28 de enero, por el que se aprueban medidas urgentes en materia econ\u00f3mica, de transporte, de Seguridad Social, y para hacer frente a situaciones de vulnerabilidad, tal como recogimos en este <a href=\"https:\/\/www.cuatrecasas.com\/es\/spain\/litigacion\/art\/rdl1-2025-suspension-desahucios-prorroga\" target=\"_blank\" rel=\"nofollow noopener\">post<\/a>.<\/p>\n<p>\u00a0<\/p>\n<p>Para m\u00e1s informaci\u00f3n, no dudes en contactar con nuestros especialistas de Cuatrecasas a trav\u00e9s del <a href=\"https:\/\/www.cuatrecasas.com\/es\/spain\/litigacion\/art\/mailto:aci.informacionjuridica@cuatrecasas.com\" target=\"_blank\" rel=\"nofollow noopener\">\u00c1rea de Conocimiento e Innovaci\u00f3n.<\/a><\/p>\n","protected":false},"excerpt":{"rendered":"2025-12-24T13:54:00 Espa\u00f1a Se suspenden hasta el 31 de diciembre de 2026 los desahucios y lanzamientos de vivienda para&hellip;\n","protected":false},"author":2,"featured_media":307534,"comment_status":"","ping_status":"","sticky":false,"template":"","format":"standard","meta":{"footnotes":""},"categories":[8],"tags":[17,18,25,24,13,14,11,19,20,9,10,15,16,23,12,21,22],"class_list":{"0":"post-307533","1":"post","2":"type-post","3":"status-publish","4":"format-standard","5":"has-post-thumbnail","7":"category-espana","8":"tag-breaking-news","9":"tag-breakingnews","10":"tag-es","11":"tag-espana","12":"tag-featured-news","13":"tag-featurednews","14":"tag-headlines","15":"tag-latest-news","16":"tag-latestnews","17":"tag-news","18":"tag-noticias","19":"tag-noticias-destacadas","20":"tag-noticiasdestacadas","21":"tag-spain","22":"tag-titulares","23":"tag-ultimas-noticias","24":"tag-ultimasnoticias"},"share_on_mastodon":{"url":"https:\/\/pubeurope.com\/@es\/115783894951102206","error":""},"_links":{"self":[{"href":"https:\/\/www.europesays.com\/es\/wp-json\/wp\/v2\/posts\/307533","targetHints":{"allow":["GET"]}}],"collection":[{"href":"https:\/\/www.europesays.com\/es\/wp-json\/wp\/v2\/posts"}],"about":[{"href":"https:\/\/www.europesays.com\/es\/wp-json\/wp\/v2\/types\/post"}],"author":[{"embeddable":true,"href":"https:\/\/www.europesays.com\/es\/wp-json\/wp\/v2\/users\/2"}],"replies":[{"embeddable":true,"href":"https:\/\/www.europesays.com\/es\/wp-json\/wp\/v2\/comments?post=307533"}],"version-history":[{"count":0,"href":"https:\/\/www.europesays.com\/es\/wp-json\/wp\/v2\/posts\/307533\/revisions"}],"wp:featuredmedia":[{"embeddable":true,"href":"https:\/\/www.europesays.com\/es\/wp-json\/wp\/v2\/media\/307534"}],"wp:attachment":[{"href":"https:\/\/www.europesays.com\/es\/wp-json\/wp\/v2\/media?parent=307533"}],"wp:term":[{"taxonomy":"category","embeddable":true,"href":"https:\/\/www.europesays.com\/es\/wp-json\/wp\/v2\/categories?post=307533"},{"taxonomy":"post_tag","embeddable":true,"href":"https:\/\/www.europesays.com\/es\/wp-json\/wp\/v2\/tags?post=307533"}],"curies":[{"name":"wp","href":"https:\/\/api.w.org\/{rel}","templated":true}]}}