{"id":307549,"date":"2025-12-26T04:25:30","date_gmt":"2025-12-26T04:25:30","guid":{"rendered":"https:\/\/www.europesays.com\/es\/307549\/"},"modified":"2025-12-26T04:25:30","modified_gmt":"2025-12-26T04:25:30","slug":"esta-es-la-programacion-completa-en-tve-antena-3-cuatro-telecinco-y-la-sexta","status":"publish","type":"post","link":"https:\/\/www.europesays.com\/es\/307549\/","title":{"rendered":"Esta es la programaci\u00f3n completa en TVE, Antena 3, Cuatro, Telecinco y La Sexta"},"content":{"rendered":"<p>Tras celebrar la\u00a0<a href=\"https:\/\/eltelevisero.huffingtonpost.es\/2025\/12\/que-ver-esta-nochebuena-2025-en-television-guia-de-programacion-en-tve-antena-3-cuatro-telecinco-o-la-sexta\/\" rel=\"nofollow noopener\" target=\"_blank\">Nochebuena<\/a>\u00a0con mucha m\u00fasica, nostalgia y cine, este jueves 25 de diciembre muchos tambi\u00e9n se reunir\u00e1n en familia para celebrar el d\u00eda de Navidad. Para los que est\u00e9n solos o para los que quieran disfrutar de un d\u00eda en familia, las cadenas de televisi\u00f3n han preparado una programaci\u00f3n especial llena de cine.<\/p>\n<p>Por la ma\u00f1ana, todas las cadenas tirar\u00e1n de reposiciones de lo emitido el d\u00eda anterior por Nochebuena. Por la tarde, el cine ser\u00e1 el gran protagonista al igual que por la noche con dos estrenos en La 1 y en Cuatro y otras dos cintas en Telecinco y La Sexta mientras que Antena 3 mantendr\u00e1 en emisi\u00f3n &#8216;La encrucijada&#8217;. <\/p>\n<p>La 1: d\u00eda especial de &#8216;Mary Poppins&#8217; con el estreno de su secuela moderna <\/p>\n<p><img loading=\"lazy\" decoding=\"async\" width=\"1200\" height=\"675\" src=\"data:image\/svg+xml,%3Csvg%20xmlns=\" http:=\"\" alt=\"\" class=\"wp-image-931740\" data-lazy- data-lazy- data-lazy-src=\"https:\/\/www.europesays.com\/es\/wp-content\/uploads\/2025\/12\/1856421-1200x675.jpg\"\/>Emily Blunt en &#8216;El regreso de Mary Poppins&#8217; <\/p>\n<p>La 1 emitir\u00e1 durante la ma\u00f1ana los mejores momentos de &#8216;Dog House&#8217;, el programa revelaci\u00f3n del verano que present\u00f3 Chenoa y que foment\u00f3 la adopci\u00f3n de perros. Tras ellos tomar\u00e1n el relevo las reposiciones de &#8216;Me has invitado a bailar&#8217;, el especial de Dani Fern\u00e1ndez as\u00ed como &#8216;Telepasi\u00f3n 2025&#8217; y &#8216;Viaje al centro de la tele&#8217; para el que no pudiera seguirlos en Nochebuena o quiera volver a verlos. <\/p>\n<blockquote class=\"twitter-tweet\" data-width=\"550\" data-dnt=\"true\">\n<p lang=\"es\" dir=\"ltr\">Pasa un d\u00eda de Navidad \u00abSupercalifragilisticoespialidoso\u00bb en <a href=\"https:\/\/twitter.com\/La1_tve?ref_src=twsrc%5Etfw\" rel=\"nofollow noopener\" target=\"_blank\">@La1_tve<\/a>.<\/p>\n<p>Este jueves 25 de diciembre:  <\/p>\n<p>\u2602\ufe0f A las 15:50h: &#8216;Mary Poppins&#8217;<\/p>\n<p>\u2602\ufe0f A las 22:45h: ESTRENO de &#8216;El regreso de Mary Poppins&#8217;. <a href=\"https:\/\/t.co\/3CthpDcpWd\" rel=\"nofollow\">pic.twitter.com\/3CthpDcpWd<\/a><\/p>\n<p>\u2014 RTVE Comunicaci\u00f3n y Participaci\u00f3n (@RTVE_Com) <a href=\"https:\/\/twitter.com\/RTVE_Com\/status\/2003434717396549981?ref_src=twsrc%5Etfw\" rel=\"nofollow noopener\" target=\"_blank\">December 23, 2025<\/a><\/p><\/blockquote>\n<p>Pero si por algo est\u00e1 marcado este d\u00eda de Navidad en TVE es por el evento cinematogr\u00e1fico que ha preparado La 1 dedicado a uno de los cl\u00e1sicos del cine infantil: &#8216;Mary Poppins&#8217;. As\u00ed, la cadena ofrecer\u00e1 la c\u00e9lebre pel\u00edcula protagonizada por Julie Andrews y <a href=\"https:\/\/eltelevisero.huffingtonpost.es\/2025\/12\/hoy-cumple-100-anos-dick-van-dyke-actor-de-mary-poppins-su-vida-actual-y-sorprendente-aspecto-fisico\/\" rel=\"nofollow noopener\" target=\"_blank\">Dick Van Dyke<\/a> de 1964 a partir de las 15:55 horas. Justo despu\u00e9s tomar\u00e1 el relevo otro cl\u00e1sico de Julie Andrews como es &#8216;Sonrisas y l\u00e1grimas&#8217; a partir de las 18:10 horas.<\/p>\n<p>Por la noche, La 1 emitir\u00e1 el programa &#8216;Estrellas de navidad&#8217; de &#8216;Viaje al centro de la tele&#8217; a partir de las 21:40 horas y justo despu\u00e9s a las 22:40 horas, llegar\u00e1 el estreno de &#8216;El regreso de Mary Poppins&#8217;, la secuela de la pel\u00edcula de 2018 con Emily Blunt meti\u00e9ndose en la piel de la famosa ni\u00f1era. <\/p>\n<p>&#8216;Mary Poppins&#8217; (15:55 horas) <\/p>\n<p>Londres, comienzos de siglo XX. La vida de una familia inglesa formada por un padre banquero, una madre sufragista y dos ni\u00f1os rebeldes -que pretenden llamar la atenci\u00f3n de sus padres haciendo la vida imposible a todas las ni\u00f1eras-, se ver\u00e1 alterada con la llegada de Mary Poppins, una extravagante institutriz que baja de las nubes empleando su paraguas como paraca\u00eddas.<\/p>\n<p>&#8216;Sonrisas y l\u00e1grimas&#8217; (18:10 horas) <\/p>\n<p>Austria, 1938. Mar\u00eda es una alegre novicia que abandona la abad\u00eda para convertirse en la institutriz de los siete hijos de un militar retirado, el capit\u00e1n von Trapp, viudo desde hace poco tiempo. La casa de los von Trapp funciona como un cuartel, pero Mar\u00eda consigue devolver la alegr\u00eda a los ni\u00f1os y ganarse su respeto y cari\u00f1o.<\/p>\n<p>&#8216;El regreso de Mary Poppins&#8217; (22:40 horas &#8211; ESTRENO) <\/p>\n<p>Mary Poppins (Emily Blunt) es la ni\u00f1era casi perfecta, con unas extraordinarias habilidades m\u00e1gicas para convertir una tarea rutinaria en una aventura inolvidable y fant\u00e1stica. Esta nueva secuela, vuelve para ayudar a la siguiente generaci\u00f3n de la familia Banks a encontrar la alegr\u00eda y la magia que faltan en sus vidas despu\u00e9s de una tr\u00e1gica p\u00e9rdida personal. La ni\u00f1era viene acompa\u00f1ada de su amigo Jack (Lin-Manuel Miranda), un optimista farolero que ayuda a llevar la luz -y la vida- a las calles de Londres.<\/p>\n<p>_____________________________________________________________________________________<\/p>\n<ul class=\"wp-block-list\">\n<li class=\"has-medium-font-size\">08:20h &#8211; &#8216;Dog House&#8217; (Mejores momentos) <\/li>\n<li class=\"has-medium-font-size\">10:15h &#8211; &#8216;Me has invitado a bailar: Dani Fern\u00e1ndez&#8217; (reposici\u00f3n) <\/li>\n<li class=\"has-medium-font-size\">11:30h &#8211; &#8216;Telepasi\u00f3n 2025&#8217; (reposici\u00f3n) <\/li>\n<li class=\"has-medium-font-size\">12:40h &#8211; &#8216;Viaje al centro de la tele: Noche ochentera&#8217; (reposici\u00f3n) <\/li>\n<li class=\"has-medium-font-size\">15:00h &#8211; &#8216;Telediario 1&#8217; <\/li>\n<li class=\"has-medium-font-size\">15:45h &#8211; &#8216;Deportes 1&#8217; <\/li>\n<li class=\"has-medium-font-size\">15:55h &#8211; Sesi\u00f3n de Navidad: &#8216;Mary Poppins&#8217; <\/li>\n<li class=\"has-medium-font-size\">18:10h &#8211; Sesi\u00f3n de Navidad: &#8216;Sonrisas y l\u00e1grimas&#8217; <\/li>\n<li class=\"has-medium-font-size\">21:00h &#8211; &#8216;Telediario 2&#8217; <\/li>\n<li class=\"has-medium-font-size\">21:40h &#8211; &#8216;Deportes 2&#8217; <\/li>\n<li class=\"has-medium-font-size\">21:45h &#8211; &#8216;Viaje al centro de la tele: Estrellas de Navidad&#8217; <\/li>\n<li class=\"has-medium-font-size\">22:40h &#8211; Plan de Navidad: &#8216;El regreso de Mary Poppins&#8217; (ESTRENO) <\/li>\n<li class=\"has-medium-font-size\">00:40h &#8211; Plan de Navidad: &#8216;Family man&#8217; <\/li>\n<li class=\"has-medium-font-size\">02:35h &#8211; Cine: &#8216;Fred Claus&#8217; <\/li>\n<\/ul>\n<p>La 2: especial de &#8216;Cifras y letras&#8217; con Ana Bel\u00e9n <\/p>\n<p>La m\u00fasica cl\u00e1sica volver\u00e1 a ser protagonista el d\u00eda de Navidad en La 2 en Los conciertos de La 2. La cadena ofrecer\u00e1\u00a0a las\u00a0<strong>12:00<\/strong>,\u00a0<strong>Concierto especial desde \u00c1vila,\u00a0<\/strong>con motivo del 40\u00ba aniversario de su declaraci\u00f3n como Ciudad Patrimonio de la Humanidad. Christoph K\u00f6ning dirigir\u00e1 la Orquesta Sinf\u00f3nica RTVE con un programa de Ludwig Van Beethoven; y a las\u00a0<strong>20:00 en directo, Concierto Extraordinario de Navidad desde Tenerife.\u00a0<\/strong>Pablo Gonz\u00e1lez llevar\u00e1 la batuta de la Orquesta Sinf\u00f3nica de Tenerife. <\/p>\n<p>&#8216;Cifras y letras: especial Navidad&#8217; (22.00 horas) <\/p>\n<p><img loading=\"lazy\" decoding=\"async\" width=\"1200\" height=\"675\" src=\"data:image\/svg+xml,%3Csvg%20xmlns=\" http:=\"\" alt=\"\" class=\"wp-image-926306\" data-lazy- data-lazy- data-lazy-src=\"https:\/\/www.europesays.com\/es\/wp-content\/uploads\/2025\/12\/ana-belen-cifras-y-letras-min.jpg\"\/>Ana Bel\u00e9n y su hija Marina San Jos\u00e9 en el especial de &#8216;Cifras y letras&#8217; de Navidad <\/p>\n<p>Por la noche, La 2 volver\u00e1 a ofrecer un especial de &#8216;Cifras y letras&#8217; como ya hiciera el a\u00f1o pasado. Este a\u00f1o estar\u00e1 marcado por un duelo in\u00e9dito. La actriz y cantante <strong>Ana Bel\u00e9n debutar\u00e1 por primera vez en su carrera en un concurso de televisi\u00f3n enfrent\u00e1ndose a su hija, la actriz Marina San Jos\u00e9.<\/strong> Madre e hija acompa\u00f1ar\u00e1n en un apasionante duelo a los dos campeones con m\u00e1s victorias del concurso, Carlos Rodr\u00edguez Luna, sevillano de 29 a\u00f1os que particip\u00f3 en 27 programas, e Iv\u00e1n Abella, gijon\u00e9s de 49 a\u00f1os que acumul\u00f3 16 entregas.<\/p>\n<p>_____________________________________________________________________________________<\/p>\n<ul class=\"wp-block-list\">\n<li class=\"has-medium-font-size\">10:00h &#8211; El d\u00eda del Se\u00f1or: Misa desde la Bas\u00edlica de San Pedro en Roma <\/li>\n<li class=\"has-medium-font-size\">12:30h &#8211; Los conciertos de La 2: Concierto de Navidad desde \u00c1vila <\/li>\n<li class=\"has-medium-font-size\">13:30h &#8211; Documental: Sin equipaje <\/li>\n<li class=\"has-medium-font-size\">13:55h &#8211; &#8216;El cazador&#8217; (reposiciones) <\/li>\n<li class=\"has-medium-font-size\">14:50h &#8211; &#8216;Saber y ganar&#8217; (reposici\u00f3n) <\/li>\n<li class=\"has-medium-font-size\">15:35h &#8211; &#8216;Saber y ganar: Especial de Navidad&#8217; <\/li>\n<li class=\"has-medium-font-size\">16:25h &#8211; Grandes documentales: Perros salvajes <\/li>\n<li class=\"has-medium-font-size\">17:15h &#8211; Grandes documentales: El mundo de los oc\u00e9anos <\/li>\n<li class=\"has-medium-font-size\">17:45h &#8211; Documental: Los \u00faltimos secretos de la humanidad <\/li>\n<li class=\"has-medium-font-size\">19:15h &#8211; Documental: El viajero. 96 horas en R\u00edo (Especial Navidad) <\/li>\n<li class=\"has-medium-font-size\">20:05h &#8211; Documental: Nunca es demasiado peque\u00f1o <\/li>\n<li class=\"has-medium-font-size\">20:30h &#8211; Los conciertos de La 2: Concierto de Navidad desde Tenerife <\/li>\n<li class=\"has-medium-font-size\">22:00h &#8211; &#8216;Cifras y letras: Especial Navidad&#8217; <\/li>\n<li class=\"has-medium-font-size\">22:40h &#8211; &#8216;El cazador&#8217; (nuevas entregas) <\/li>\n<\/ul>\n<p>Antena 3: cine y &#8216;La encrucijada&#8217; <\/p>\n<p><img loading=\"lazy\" decoding=\"async\" width=\"1200\" height=\"675\" src=\"data:image\/svg+xml,%3Csvg%20xmlns=\" http:=\"\" alt=\"\" class=\"wp-image-931741\" data-lazy- data-lazy- data-lazy-src=\"https:\/\/www.europesays.com\/es\/wp-content\/uploads\/2025\/12\/maxresdefault1-1200x675.jpg\"\/>Susan Sarandon y Richard Gere en &#8216;S\u00ed quiero&#8230; o no&#8217;<\/p>\n<p>Antena 3 ha decidido este a\u00f1o mantener su programaci\u00f3n habitual de\u00a0festivos con reposiciones de &#8216;Lo mejor de cada casa&#8217; y &#8216;Nochebuena con Tu cara me suena&#8217; as\u00ed como de &#8216;Cocina abierta de Karlos Argui\u00f1ano&#8217; y &#8216;La ruleta de la suerte&#8217; por la ma\u00f1ana.<\/p>\n<p>Por la tarde, tanto &#8216;Sue\u00f1os de libertad&#8217; como &#8216;Y ahora Sonsoles&#8217; y &#8216;Pasapalabra&#8217; descansan y dejan su hueco a triple sesi\u00f3n de cine con la emisi\u00f3n de &#8216;Wonder&#8217; a las 16:00 horas y despu\u00e9s el estreno de &#8216;S\u00ed quiero&#8230; o no&#8217; a las 18:00 horas con Richard Gere, Susan Sarandon y Emma Roberts en el reparto y finalmente &#8216;Un pincel enamorado&#8217;. <\/p>\n<p>Por la noche, Antena 3 ha decidido mantener la emisi\u00f3n de una reposici\u00f3n de &#8216;El Hormiguero&#8217; y el doble cap\u00edtulo de &#8216;La encrucijada&#8217; sin cambiar su programaci\u00f3n habitual. <\/p>\n<p>&#8216;Wonder&#8217; (16:00 horas) <\/p>\n<p>Un ni\u00f1o de 10 a\u00f1os (Jacob Tremblay, conocido por &#8216;La habitaci\u00f3n&#8217;) nacido con una deformidad facial que le ha obligado a ser operado 27 veces de cirug\u00eda, se esfuerza por encajar en su nuevo colegio. <\/p>\n<p>&#8216;S\u00ed quiero&#8230; o no&#8217; (18:05 horas) <\/p>\n<p>Michelle (Roberts) y Allen (Bracey) han llegado a un punto en su relaci\u00f3n en el que est\u00e1n considerando los pr\u00f3ximos pasos. Deciden invitar a sus padres (Diane Keaton, Susan Sarandon, Richard Gere y William H. Macy) para que finalmente se conozcan y ofrezcan su \u00absabidur\u00eda\u00bb de c\u00f3mo funciona el matrimonio. Lo que no saben es que los padres ya se conocen bastante bien, lo que lleva a algunas opiniones muy distintas sobre el valor del amor.<\/p>\n<p>_____________________________________________________________________________________<\/p>\n<ul class=\"wp-block-list\">\n<li class=\"has-medium-font-size\">08:15h &#8211; &#8216;Lo mejor de cada casa&#8217; (reposici\u00f3n) <\/li>\n<li class=\"has-medium-font-size\">10:15h &#8211; &#8216;Nochebuena con Tu cara me suena&#8217; (reposici\u00f3n) <\/li>\n<li class=\"has-medium-font-size\">12:30h &#8211; &#8216;Cocina abierta con Karlos Argui\u00f1ano&#8217; (reposici\u00f3n) <\/li>\n<li class=\"has-medium-font-size\">13:50h &#8211; &#8216;La ruleta de la suerte&#8217; (reposici\u00f3n) <\/li>\n<li class=\"has-medium-font-size\">15:00h &#8211; &#8216;Antena 3 Noticias 1&#8217; <\/li>\n<li class=\"has-medium-font-size\">15:45h &#8211; &#8216;Deportes 1&#8217; <\/li>\n<li class=\"has-medium-font-size\">15:50h &#8211; &#8216;El Tiempo&#8217; <\/li>\n<li class=\"has-medium-font-size\">16:00h &#8211; Multicine: &#8216;Wonder&#8217; <\/li>\n<li class=\"has-medium-font-size\">18:05h &#8211; Multicine: &#8216;S\u00ed quiero&#8230; o no&#8217; <\/li>\n<li class=\"has-medium-font-size\">19:50h &#8211; Multicine: &#8216;Un pincel enamorado&#8217; <\/li>\n<li class=\"has-medium-font-size\">21:00h &#8211; &#8216;Antena 3 Noticias 2&#8217; <\/li>\n<li class=\"has-medium-font-size\">21:30h &#8211; &#8216;Deportes 2&#8217; <\/li>\n<li class=\"has-medium-font-size\">21:35h &#8211; &#8216;El Tiempo&#8217; <\/li>\n<li class=\"has-medium-font-size\">21:45h &#8211; &#8216;El Hormiguero&#8217; (reposici\u00f3n) <\/li>\n<li class=\"has-medium-font-size\">23:00h &#8211; &#8216;La encrucijada (doble estreno) <\/li>\n<li\/>\n<\/ul>\n<p>Cuatro: &#8216;Kong: la isla calavera&#8217; y estreno de &#8216;Noche de paz&#8217; con el protagonista de Stranger Things<\/p>\n<p><img loading=\"lazy\" decoding=\"async\" width=\"1200\" height=\"677\" src=\"data:image\/svg+xml,%3Csvg%20xmlns=\" http:=\"\" alt=\"\" class=\"wp-image-931742\" data-lazy- data-lazy- data-lazy-src=\"https:\/\/www.europesays.com\/es\/wp-content\/uploads\/2025\/12\/noche-de-paz-min.jpg\"\/>David Harbour, protagonista de &#8216;Noche de paz&#8217; <\/p>\n<p>Cuatro tampoco modifica su programaci\u00f3n habitual de los festivos con reposiciones de &#8216;Volando voy&#8217; en Las Hurdes y el Desierto de Tabernas en Almer\u00eda y de &#8216;Viajeros Cuatro&#8217; en el Pirineo Aragon\u00e9s y Buenos Aires. Por la tarde, doble sesi\u00f3n de cine con Home cinema y las pel\u00edculas &#8216;Kong: la isla calavera&#8217; a las 15:30 horas y &#8216;Godzilla: rey de los monstruos&#8217; a las 17:45 horas con Vera Fermiga y Millie Bobie Brown (&#8216;Stranger things&#8217;). <\/p>\n<p>Por la noche, Cuatro emitir\u00e1 un nuevo especial de &#8216;First Dates&#8217; en la que el restaurante del programa acoger\u00e1 cuatro citas cargadas de sensibilidad, recuerdos, deseos y conexiones inesperadas, adem\u00e1s de una segunda pedida de mano que emocionar\u00e1 a los espectadores de esta entrega, que concluir\u00e1 con Carlos Sobera y el resto del equipo compartiendo la \u00faltima cena del a\u00f1o en el restaurante de &#8216;First Dates&#8217;, con una sorpresa final. <\/p>\n<p>Justo despu\u00e9s en &#8216;El Blockbuster&#8217;, Cuatro estrenar\u00e1 la pel\u00edcula &#8216;Noche en paz&#8217; en la que David Harbour (&#8216;Stranger Things&#8217;) se mete en la piel de Pap\u00e1 Noel y justo despu\u00e9s tomar\u00e1 el relevo &#8216;Matar a Santa&#8217; con Mel Gibson. <\/p>\n<p>&#8216;Kong: la isla calavera&#8217; (15:30 horas) <\/p>\n<p>En los a\u00f1os 70, un variopinto grupo de exploradores y soldados es reclutado para viajar a una misteriosa isla del Pac\u00edfico. Entre ellos est\u00e1n el capit\u00e1n James Conrad (Tom Hiddleston), el teniente coronel Packard (Samuel L. Jackson) y una fotoperiodista (Brie Larson). Pero al adentrarse en esta bella pero traicionera isla, los exploradores encontrar\u00e1n algo absolutamente sorprendente. Sin saberlo, estar\u00e1n invadiendo los dominios del m\u00edtico Kong, el gorila gigante rey de esta isla. Ser\u00e1 Marlow (John C. Reilly), un peculiar habitante del lugar, quien les ense\u00f1e los secretos de Isla Calavera, adem\u00e1s del resto de seres monstruosos que la habitan.<\/p>\n<p>&#8216;Godzilla: rey de los monstruos&#8217; (17:45 horas) <\/p>\n<p>Los criptozo\u00f3logos de la agencia Monarch tratan de enfrentrarse a un grupo de enormes monstruos, incluyendo el propio Godzilla. Entre todos intentan resistir a las embestidas de Mothra, Rodan o del \u00faltimo n\u00e9mesis de la humanidad: King Ghidorah. Estas ancianas criaturas har\u00e1n todo lo posible por sobrevivir, poniendo en riesgo la existencia del ser humano en el planeta. <\/p>\n<p>&#8216;Noche de paz&#8217; (23:00 horas) <\/p>\n<p>Cuando un equipo de mercenarios irrumpe en Nochebuena dentro de un complejo familiar adinerado y toma como rehenes a todos los que est\u00e1n dentro, no estaban preparados para un defensor sorpresa: Santa Claus (David Harbour) est\u00e1 en el edificio y a punto de demostrar por qu\u00e9 este Santa Claus, no es ning\u00fan santo.<\/p>\n<p>&#8216;Matar a Santa&#8217; (01:30 horas) <\/p>\n<p>La historia se centra en un Pap\u00e1 Noel poco ortodoxo llamado Gibson que lucha por evitar que su negocio se hunda, al mismo tiempo que evita ser asesinado por un mat\u00f3n contratado por un ni\u00f1o de 12 a\u00f1os tras recibir carb\u00f3n en Navidad.<\/p>\n<p>_____________________________________________________________________________________<\/p>\n<ul class=\"wp-block-list\">\n<li class=\"has-medium-font-size\">08:45h &#8211; &#8216;Volando Voy: Las Hurdes&#8217; <\/li>\n<li class=\"has-medium-font-size\">10:00h &#8211; &#8216;Volando Voy: Desierto de Tabernas&#8217; <\/li>\n<li class=\"has-medium-font-size\">11:15h &#8211; &#8216;Viajeros Cuatro: Pirineo Aragon\u00e9s&#8217; <\/li>\n<li class=\"has-medium-font-size\">12:40h &#8211; &#8216;Viajeros Cuatro: Buenos Aires&#8217; <\/li>\n<li class=\"has-medium-font-size\">14:00h &#8211; &#8216;Noticias Cuatro 14h&#8217; <\/li>\n<li class=\"has-medium-font-size\">14:55h &#8211; &#8216;El desmarque&#8217; <\/li>\n<li class=\"has-medium-font-size\">15:15h &#8211; &#8216;El Tiempo&#8217; <\/li>\n<li class=\"has-medium-font-size\">15:30h &#8211; Home Cinema: &#8216;Kong: la isla calavera&#8217; <\/li>\n<li class=\"has-medium-font-size\">17:45h &#8211; Home Cinema: &#8216;Godzilla: rey de los monstruos&#8217; <\/li>\n<li class=\"has-medium-font-size\">20:00h &#8211; &#8216;Noticias Cuatro 20h&#8217; <\/li>\n<li class=\"has-medium-font-size\">20:45h &#8211; &#8216;El desmarque&#8217; <\/li>\n<li class=\"has-medium-font-size\">21:00h &#8211; &#8216;El Tiempo&#8217; <\/li>\n<li class=\"has-medium-font-size\">21:05h &#8211; &#8216;First Dates&#8217; (reposici\u00f3n) <\/li>\n<li class=\"has-medium-font-size\">21:50h &#8211; &#8216;First Dates: especial Navidad&#8217; <\/li>\n<li class=\"has-medium-font-size\">23:00h &#8211; El Blockbuster: &#8216;Noche de paz&#8217; (ESTRENO) <\/li>\n<li class=\"has-medium-font-size\">01:30h &#8211; Cine Cuatro: &#8216;Matar a Santa&#8217; <\/li>\n<\/ul>\n<p>Telecinco: especial de &#8216;Fiesta&#8217; y &#8216;Robin Hood&#8217; con Russel Crowe <\/p>\n<p><img loading=\"lazy\" decoding=\"async\" width=\"1200\" height=\"677\" src=\"data:image\/svg+xml,%3Csvg%20xmlns=\" http:=\"\" alt=\"\" class=\"wp-image-931743\" data-lazy- data-lazy- data-lazy-src=\"https:\/\/www.europesays.com\/es\/wp-content\/uploads\/2025\/12\/robinhood-min.jpg\"\/>Russell Crowe en &#8216;Robin Hood&#8217; <\/p>\n<p>Telecinco tampoco modifica su programaci\u00f3n de los festivos con reposiciones de &#8216;Got Talent&#8217; por la ma\u00f1ana y una entrega muy especial de &#8216;\u00a1Vaya fama!&#8217;, que contar\u00e1 con la participaci\u00f3n del cantante mexicano\u00a0<strong>Coyote Dax<\/strong>; la actriz\u00a0<strong>Marlene Mourreau<\/strong>, que conectar\u00e1 en directo con el programa para dar a conocer el ambiente que se vive en la calle; y la cantante y actriz\u00a0<strong>Lorena G\u00f3mez<\/strong>, quien mostrar\u00e1 la otra cara de la Navidad: la de las personas que, como ella, tienen que trabajar ese d\u00eda. Adem\u00e1s, el espacio\u00a0<strong>rememorar\u00e1 los momentos m\u00e1s significativos de la cr\u00f3nica social<\/strong>\u00a0<strong>de 2025\u00a0<\/strong>y conceder\u00e1 unos premios a los mejores en diversas categor\u00edas.<\/p>\n<p>Por la tarde, la cadena ofrecer\u00e1 una edici\u00f3n especial de &#8216;Fiesta&#8217; en la que los colaboradores formar\u00e1n duetos y tr\u00edos y rivalizar\u00e1n entre s\u00ed para mostrar su talento en el baile.\u00a0\u00c1lvaro Cuenca, maestro bailar\u00edn de Anabel Pantoja en la pasada edici\u00f3n de<strong> \u2018Bailando con las Estrellas<\/strong>\u2019,\u00a0dirigir\u00e1 todas las coreograf\u00edas, que ser\u00e1n evaluadas por un\u00a0jurado\u00a0integrado por\u00a0<strong>Manu Tenorio y Jorge Gonz\u00e1lez<\/strong>.\u00a0<\/p>\n<p>Por la noche, Telecinco ofrecer\u00e1 Cine 5 Estrellas con un nuevo pase de la pel\u00edcula &#8216;Robin Hood&#8217; protagonizada por Russel Crowe, Cate Blanchett y Oscar Isaac, entre otros a partir de las 21:45 horas. <\/p>\n<p>&#8216;Robin Hood&#8217; (21:45 horas)  <\/p>\n<p>Inglaterra, siglo XIII. Robin Longstride (Russell Crowe), un magn\u00edfico arquero que ha luchado en las Cruzadas al servicio del rey Ricardo Coraz\u00f3n de Le\u00f3n (Danny Huston), vuelve de Tierra Santa luchando contra los franceses y saqueando poblados. Cuando Ricardo muere alcanzado por una flecha, Robin se traslada a Nottingham para cumplir una promesa que hizo a Sir Robert Loxley (Douglas Hodge) antes de morir: llevar su espada a su padre, Sir Walter Loxley (Max Von Sydow). All\u00ed conoce a Lady Marion (Cate Blanchett), la viuda de Loxley. Mientras tanto, en Inglaterra, reina Juan Sin Tierra (Oscar Isaac), un rey sin car\u00e1cter e incapaz de hacer frente tanto a las rebeliones internas como a las amenazas externas urdidas por el p\u00e9rfido Godfrey (Mark Strong). El objetivo de Robin y sus hombres ser\u00e1 impedir una sangrienta guerra civil y devolver la gloria a su pa\u00eds.<\/p>\n<p>_____________________________________________________________________________________<\/p>\n<ul class=\"wp-block-list\">\n<li class=\"has-medium-font-size\">06:55h &#8211; &#8216;Got Talent&#8217; (reposiciones) <\/li>\n<li class=\"has-medium-font-size\">13:15h &#8211; &#8216;\u00a1Vaya fama!: Especial Navidad <\/li>\n<li class=\"has-medium-font-size\">15:00h &#8211; &#8216;Informativos Telecinco 15h&#8217; <\/li>\n<li class=\"has-medium-font-size\">15:30h &#8211; &#8216;El desmarque&#8217; <\/li>\n<li class=\"has-medium-font-size\">15:45h &#8211; &#8216;El Tiempo&#8217; <\/li>\n<li class=\"has-medium-font-size\">16:00h &#8211; &#8216;Fiesta: Especial Navidad&#8217; <\/li>\n<li class=\"has-medium-font-size\">21:00h &#8211; &#8216;Informativos Telecinco 21h&#8217; <\/li>\n<li class=\"has-medium-font-size\">21:30h &#8211; &#8216;El desmarque&#8217; <\/li>\n<li class=\"has-medium-font-size\">21:40h &#8211; &#8216;El tiempo&#8217; <\/li>\n<li class=\"has-medium-font-size\">21:45h &#8211; Cine 5 Estrellas: &#8216;Robin Hood&#8217; <\/li>\n<li class=\"has-medium-font-size\">01:00h &#8211; &#8216;El rey del mando&#8217; <\/li>\n<\/ul>\n<p>LaSexta: cine con &#8216;Aquaman&#8217; y &#8216;Pu\u00f1ales por la espalda&#8217; <\/p>\n<p><img loading=\"lazy\" decoding=\"async\" width=\"1200\" height=\"675\" src=\"data:image\/svg+xml,%3Csvg%20xmlns=\" http:=\"\" alt=\"\" class=\"wp-image-931744\" data-lazy- data-lazy- data-lazy-src=\"https:\/\/www.europesays.com\/es\/wp-content\/uploads\/2025\/12\/1697032817781-min-1200x675.jpg\"\/>Cartel oficial de &#8216;Pu\u00f1ales por la espalda&#8217; <\/p>\n<p>La Sexta tambi\u00e9n apostar\u00e1 por su programaci\u00f3n habitual de festivos con reposiciones de &#8216;Equipo de investigaci\u00f3n&#8217; desde primera hora de la ma\u00f1ana.\u00a0Por la tarde, la cadena de Atresmedia emitir\u00e1 la pel\u00edcula &#8216;Aquaman&#8217; a partir de las 15:30 horas. <\/p>\n<p>Y por la noche tras una nueva reposici\u00f3n de &#8216;El Intermedio: , protagonizada por Daniel Craig, Ana de Armas, Chris Evans y Jamie Lee Curtis aprovechando el reciente estreno de la \u00faltima cinta de la saga en Netflix. <\/p>\n<p>&#8216;Aquaman&#8217; (15:30 horas) <\/p>\n<p>Cuando Arthur Curry (Jason Momoa) descubre que es mitad humano y mitad atlante, emprender\u00e1 el viaje de su vida en esta aventura que no s\u00f3lo le obligar\u00e1 a enfrentarse a qui\u00e9n es en realidad, sino tambi\u00e9n a descubrir si es digno de cumplir con su destino: ser rey, y convertirse en Aquaman<\/p>\n<p>&#8216;Pu\u00f1ales por la espalda&#8217; (22:45 horas) <\/p>\n<p>Cuando el renombrado novelista de misterio Harlan Thrombey (Christopher Plummer) es encontrado muerto en su mansi\u00f3n, justo despu\u00e9s de la celebraci\u00f3n familiar de su 85 cumplea\u00f1os, el inquisitivo y cort\u00e9s detective Benoit Blanc (Daniel Craig) es misteriosamente reclutado para investigar el asunto. Se mover\u00e1 entre una red de pistas falsas y mentiras interesadas para tratar de descubrir la verdad tras la muerte del escritor.<\/p>\n<p>_____________________________________________________________________________________<\/p>\n<ul class=\"wp-block-list\">\n<li class=\"has-medium-font-size\">06:40h &#8211; &#8216;Equipo de investigaci\u00f3n&#8217; (reposiciones) <\/li>\n<li class=\"has-medium-font-size\">14:00h &#8211; &#8216;La Sexta Noticias 14h&#8217; <\/li>\n<li class=\"has-medium-font-size\">14:30h &#8211; &#8216;Jugones&#8217; <\/li>\n<li class=\"has-medium-font-size\">15:25h &#8211; &#8216;La Sexta Meteo&#8217; <\/li>\n<li class=\"has-medium-font-size\">15:30h &#8211; Cine: &#8216;Aquaman&#8217; <\/li>\n<li class=\"has-medium-font-size\">18:00h &#8211; Cine <\/li>\n<li class=\"has-medium-font-size\">20:00h &#8211; &#8216;La Sexta Noticias 20h&#8217; <\/li>\n<li class=\"has-medium-font-size\">21:00h &#8211; &#8216;La Sexta Noticias Especial&#8217; <\/li>\n<li class=\"has-medium-font-size\">21:20h &#8211; &#8216;La Sexta Meteo&#8217; <\/li>\n<li class=\"has-medium-font-size\">21:30h &#8211; &#8216;El Intermedio: Christmas Edition&#8217; (reposici\u00f3n) <\/li>\n<li class=\"has-medium-font-size\">22:45h &#8211; El Taquillazo: &#8216;Pu\u00f1ales por la espalda&#8217; <\/li>\n<\/ul>\n<p>\t\t\t\t\t\t                    <script async src=\"https:\/\/platform.twitter.com\/widgets.js\" charset=\"utf-8\"><\/script><\/p>\n","protected":false},"excerpt":{"rendered":"Tras celebrar la\u00a0Nochebuena\u00a0con mucha m\u00fasica, nostalgia y cine, este jueves 25 de diciembre muchos tambi\u00e9n se reunir\u00e1n en&hellip;\n","protected":false},"author":2,"featured_media":307550,"comment_status":"","ping_status":"","sticky":false,"template":"","format":"standard","meta":{"footnotes":""},"categories":[91],"tags":[146,147,25,24,23],"class_list":{"0":"post-307549","1":"post","2":"type-post","3":"status-publish","4":"format-standard","5":"has-post-thumbnail","7":"category-entretenimiento","8":"tag-entertainment","9":"tag-entretenimiento","10":"tag-es","11":"tag-espana","12":"tag-spain"},"share_on_mastodon":{"url":"https:\/\/pubeurope.com\/@es\/115783973387930848","error":""},"_links":{"self":[{"href":"https:\/\/www.europesays.com\/es\/wp-json\/wp\/v2\/posts\/307549","targetHints":{"allow":["GET"]}}],"collection":[{"href":"https:\/\/www.europesays.com\/es\/wp-json\/wp\/v2\/posts"}],"about":[{"href":"https:\/\/www.europesays.com\/es\/wp-json\/wp\/v2\/types\/post"}],"author":[{"embeddable":true,"href":"https:\/\/www.europesays.com\/es\/wp-json\/wp\/v2\/users\/2"}],"replies":[{"embeddable":true,"href":"https:\/\/www.europesays.com\/es\/wp-json\/wp\/v2\/comments?post=307549"}],"version-history":[{"count":0,"href":"https:\/\/www.europesays.com\/es\/wp-json\/wp\/v2\/posts\/307549\/revisions"}],"wp:featuredmedia":[{"embeddable":true,"href":"https:\/\/www.europesays.com\/es\/wp-json\/wp\/v2\/media\/307550"}],"wp:attachment":[{"href":"https:\/\/www.europesays.com\/es\/wp-json\/wp\/v2\/media?parent=307549"}],"wp:term":[{"taxonomy":"category","embeddable":true,"href":"https:\/\/www.europesays.com\/es\/wp-json\/wp\/v2\/categories?post=307549"},{"taxonomy":"post_tag","embeddable":true,"href":"https:\/\/www.europesays.com\/es\/wp-json\/wp\/v2\/tags?post=307549"}],"curies":[{"name":"wp","href":"https:\/\/api.w.org\/{rel}","templated":true}]}}