{"id":307582,"date":"2025-12-26T04:57:56","date_gmt":"2025-12-26T04:57:56","guid":{"rendered":"https:\/\/www.europesays.com\/es\/307582\/"},"modified":"2025-12-26T04:57:56","modified_gmt":"2025-12-26T04:57:56","slug":"mejoras-en-cuatro-escuelas-de-sants-montjuic-durante-las-vacaciones-de-navidad-distrito-de-sants-montjuic","status":"publish","type":"post","link":"https:\/\/www.europesays.com\/es\/307582\/","title":{"rendered":"Mejoras en cuatro escuelas de Sants-Montju\u00efc durante las vacaciones de Navidad | Distrito de Sants-Montju\u00efc"},"content":{"rendered":"<p>Aprovechando el paro del periodo de Navidad, se llevan a cabo varias actuaciones de corta duraci\u00f3n que no se pueden compatibilizar completamente con la actividad lectiva. Estas Navidades se realizan las intervenciones siguientes en centros de Sants-Montju\u00efc, algunas de las cuales ya se han podido iniciar parcialmente antes del paro y otras se inician estos d\u00edas una vez finalizada la actividad lectiva:<\/p>\n<ul>\n<li><strong>Institut Escola Arts<\/strong> (Hostafrancs): <strong>mejoras ac\u00fasticas en el gimnasio y nuevas cortinas en las aulas de la parte norte<\/strong>, por valor de 50.000 \u20ac.<\/li>\n<li><strong>Escola Gayarre<\/strong> (La Bordeta): <strong>sustituci\u00f3n de carpinter\u00edas exteriores<\/strong>, por valor de 400.000 \u20ac, en el marco del Plan Clima Escola Barcelona.<\/li>\n<li><strong>Escola Barrufet<\/strong> (Sants): <strong>mejoras inclusivas en los espacios del mediod\u00eda<\/strong>, por valor de 21.850,00 \u20ac.<\/li>\n<li><strong>Escola Barrufet<\/strong> (Sants): <strong>nuevos usos para escuelas m\u00e1s inclusivas<\/strong>, por valor de 25.000,00 \u20ac<\/li>\n<li><strong>Escola Moss\u00e8n Jacint Verdaguer<\/strong> (el Poble-sec): <strong>sustituci\u00f3n de carpinter\u00edas exteriores<\/strong>, por valor de 630.000 \u20ac, en el marco del Plan Clima Escola Barcelona.<\/li>\n<\/ul>\n<p>En toda Barcelona, un total de 55 centros educativos estar\u00e1n en obras estas Navidades con una inversi\u00f3n de <strong>10,5 millones de euros<\/strong> que se materializan dando continuidad a las grandes obras de obra nueva y en las actuaciones de reforma, ampliaci\u00f3n y mejora como el <a href=\"https:\/\/ajuntament.barcelona.cat\/educacio\/ca\/pla-clima-escola-barcelona\" rel=\"nofollow noopener\" target=\"_blank\">Plan Clima Escola Barcelona<\/a>, el programa de pintura y revestimientos, la transici\u00f3n energ\u00e9tica, el Plan de Sombras, el Plan de siete mejoras inclusivas, la mejora de los espacios del mediod\u00eda, la transformaci\u00f3n de los patios o la renovaci\u00f3n del mobiliario. La inversi\u00f3n prevista para el conjunto de 2025 es de <strong>73,1 millones de euros<\/strong>, que comparten las dos administraciones que integran el Consorcio de Educaci\u00f3n de Barcelona: el Ayuntamiento de Barcelona y el Departamento de Educaci\u00f3n de la Generalitat de Catalunya.<\/p>\n","protected":false},"excerpt":{"rendered":"Aprovechando el paro del periodo de Navidad, se llevan a cabo varias actuaciones de corta duraci\u00f3n que no&hellip;\n","protected":false},"author":2,"featured_media":307583,"comment_status":"","ping_status":"","sticky":false,"template":"","format":"standard","meta":{"footnotes":""},"categories":[5],"tags":[17,18,25,24,13,14,11,19,20,9,10,15,16,23,12,21,22],"class_list":{"0":"post-307582","1":"post","2":"type-post","3":"status-publish","4":"format-standard","5":"has-post-thumbnail","7":"category-titulares","8":"tag-breaking-news","9":"tag-breakingnews","10":"tag-es","11":"tag-espana","12":"tag-featured-news","13":"tag-featurednews","14":"tag-headlines","15":"tag-latest-news","16":"tag-latestnews","17":"tag-news","18":"tag-noticias","19":"tag-noticias-destacadas","20":"tag-noticiasdestacadas","21":"tag-spain","22":"tag-titulares","23":"tag-ultimas-noticias","24":"tag-ultimasnoticias"},"share_on_mastodon":{"url":"https:\/\/pubeurope.com\/@es\/115784102928121611","error":""},"_links":{"self":[{"href":"https:\/\/www.europesays.com\/es\/wp-json\/wp\/v2\/posts\/307582","targetHints":{"allow":["GET"]}}],"collection":[{"href":"https:\/\/www.europesays.com\/es\/wp-json\/wp\/v2\/posts"}],"about":[{"href":"https:\/\/www.europesays.com\/es\/wp-json\/wp\/v2\/types\/post"}],"author":[{"embeddable":true,"href":"https:\/\/www.europesays.com\/es\/wp-json\/wp\/v2\/users\/2"}],"replies":[{"embeddable":true,"href":"https:\/\/www.europesays.com\/es\/wp-json\/wp\/v2\/comments?post=307582"}],"version-history":[{"count":0,"href":"https:\/\/www.europesays.com\/es\/wp-json\/wp\/v2\/posts\/307582\/revisions"}],"wp:featuredmedia":[{"embeddable":true,"href":"https:\/\/www.europesays.com\/es\/wp-json\/wp\/v2\/media\/307583"}],"wp:attachment":[{"href":"https:\/\/www.europesays.com\/es\/wp-json\/wp\/v2\/media?parent=307582"}],"wp:term":[{"taxonomy":"category","embeddable":true,"href":"https:\/\/www.europesays.com\/es\/wp-json\/wp\/v2\/categories?post=307582"},{"taxonomy":"post_tag","embeddable":true,"href":"https:\/\/www.europesays.com\/es\/wp-json\/wp\/v2\/tags?post=307582"}],"curies":[{"name":"wp","href":"https:\/\/api.w.org\/{rel}","templated":true}]}}