{"id":307588,"date":"2025-12-26T05:08:18","date_gmt":"2025-12-26T05:08:18","guid":{"rendered":"https:\/\/www.europesays.com\/es\/307588\/"},"modified":"2025-12-26T05:08:18","modified_gmt":"2025-12-26T05:08:18","slug":"de-su-casa-en-pontevedra-a-la-vivienda-unifamiliar-que-tiene-en-madrid","status":"publish","type":"post","link":"https:\/\/www.europesays.com\/es\/307588\/","title":{"rendered":"de su casa en Pontevedra a la vivienda unifamiliar que tiene en Madrid"},"content":{"rendered":"\n<ul class=\"bodyList bodyList--unordered\">\n<li class=\"bodyList__item\"><a href=\"https:\/\/www.vanitatis.elconfidencial.com\/famosos\/2025-11-20\/alessandro-lequio-hijos-mujer-maria-palacios-casa_4250890\/\" target=\"_self\" rel=\"nofollow noopener\">Alessandro Lequio, tras su despido de Mediaset: las mujeres de su vida, sus tres hijos y las fotos de sus bisabuelos, Alfonso XIII y Victoria Eugenia<\/a><\/li>\n<li class=\"bodyList__item\"><a href=\"https:\/\/profile.google.com\/cp\/Cg0vZy8xMXhsazQyaHcw\" target=\"_blank\" rel=\"nofollow noopener\">Sigue a Vanitatis en Google para enterarte de todas las noticias<\/a><\/li>\n<\/ul>\n<p> La vida personal de Alessandro Lequio atraviesa un nuevo cap\u00edtulo tras su salida de Mediaset, pero su entorno m\u00e1s cercano y sus dos hogares siguen siendo su principal refugio. El arist\u00f3crata y colaborador televisivo posee un patrimonio <a href=\"https:\/\/www.vanitatis.elconfidencial.com\/estilo\/decoracion\/2025-11-12\/truco-decoracion-otono-casa-tendencia-sencillo-1qrt_4244773\/\" target=\"_self\" rel=\"nofollow noopener\">asentado en dos viviendas<\/a> muy distintas entre s\u00ed: una <b>casa familiar unifamiliar en Madrid<\/b>, donde reside junto a su esposa <b>Mar\u00eda Palacios<\/b> y su hija <b>Ginevra Ena<\/b>, y una <b>residencia en Pontevedra<\/b>, en la localidad de Nigr\u00e1n, pensada para el descanso y la desconexi\u00f3n. <\/p>\n<p> A lo largo de los a\u00f1os, Lequio y Palacios han apostado por un estilo de vida tranquilo y discreto, alejado del ruido medi\u00e1tico. La vivienda madrile\u00f1a, situada <a href=\"https:\/\/www.vanitatis.elconfidencial.com\/famosos\/2025-04-02\/alessandro-lequio-casa-decoracion-habitaciones-1qrt_4099951\/\" target=\"_self\" rel=\"nofollow noopener\">en una zona residencial a las afueras de la capital<\/a>, refleja esa filosof\u00eda. Se trata de una casa <b>de estilo r\u00fastico y decoraci\u00f3n vintage<\/b>, rodeada de vegetaci\u00f3n y concebida como un hogar c\u00e1lido, con materiales naturales y muebles restaurados. La madera es el hilo conductor de los interiores, presente en techos, puertas y suelos, combinada con tonos tierra, grises y ocres. <\/p>\n<blockquote class=\"instagram-media\" data-instgrm-captioned=\"\" data-instgrm-permalink=\"https:\/\/www.instagram.com\/p\/CqiOWQNI18M\/?utm_source=ig_embed&amp;utm_campaign=loading\" data-instgrm-version=\"14\" style=\" background:#FFF; border:0; border-radius:3px; box-shadow:0 0 1px 0 rgba(0,0,0,0.5),0 1px 10px 0 rgba(0,0,0,0.15); margin: 1px; max-width:540px; min-width:326px; padding:0; width:99.375%; width:-webkit-calc(100% - 2px); width:calc(100% - 2px);\"\/>\n<p> El sal\u00f3n, <a href=\"https:\/\/www.vanitatis.elconfidencial.com\/famosos\/2025-03-26\/casa-blanca-suarez-madrid-barrio-salamanca_4094563\/\" target=\"_self\" rel=\"nofollow noopener\">punto neur\u00e1lgico de la casa<\/a>, mantiene una est\u00e9tica acogedora con <b>libros, fotograf\u00edas familiares y mobiliario retro<\/b>, mientras que el jard\u00edn exterior ofrece a la familia un espacio de privacidad y contacto con la naturaleza. En conjunto, la vivienda se aleja del minimalismo contempor\u00e1neo y apuesta por una <b>identidad personal y vivida<\/b>, donde cada pieza tiene una historia. <\/p>\n<p>            Pontevedra, su refugio           <\/p>\n<p> El otro pilar del patrimonio de Lequio se encuentra en <b>Nigr\u00e1n (Pontevedra)<\/b>, una zona costera que la pareja frecuenta desde hace a\u00f1os. Esta casa, pr\u00f3xima a la playa de Patos, es un lugar de descanso <a href=\"https:\/\/www.vanitatis.elconfidencial.com\/estilo\/ocio\/2025-08-11\/chantal-henar-mujer-alquila-mejores-casas-ibiza_4185759\/\" target=\"_self\" rel=\"nofollow noopener\">donde disfrutan del mar<\/a> y de un entorno m\u00e1s relajado. Su arquitectura, de <b>muros de piedra y contraventanas de madera<\/b>, conserva la est\u00e9tica tradicional de las R\u00edas Baixas. <\/p>\n<p> All\u00ed, la familia pasa <strong>largas temporadas durante el verano o en periodos de desconexi\u00f3n<\/strong>. La vivienda est\u00e1 rodeada de un peque\u00f1o <a href=\"https:\/\/www.vanitatis.elconfidencial.com\/estilo\/decoracion\/2025-11-12\/truco-decoracion-otono-casa-tendencia-sencillo-1qrt_4244773\/\" target=\"_self\" rel=\"nofollow noopener\">jard\u00edn con vistas abiertas y grandes ventanales<\/a> que inundan las estancias de luz. Es un refugio \u00edntimo, alejado de la exposici\u00f3n medi\u00e1tica y centrado en la vida familiar. <\/p>\n<blockquote class=\"instagram-media\" data-instgrm-captioned=\"\" data-instgrm-permalink=\"https:\/\/www.instagram.com\/p\/Cxd6DMENVh4\/?utm_source=ig_embed&amp;utm_campaign=loading\" data-instgrm-version=\"14\" style=\" background:#FFF; border:0; border-radius:3px; box-shadow:0 0 1px 0 rgba(0,0,0,0.5),0 1px 10px 0 rgba(0,0,0,0.15); margin: 1px; max-width:540px; min-width:326px; padding:0; width:99.375%; width:-webkit-calc(100% - 2px); width:calc(100% - 2px);\"\/>\n<p> Aunque siempre ha mostrado prudencia al hablar de su situaci\u00f3n econ\u00f3mica, se estima que Alessandro Lequio ha acumulado un patrimonio de <b>entre ocho y diez millones de euros<\/b>, fruto de su extensa trayectoria televisiva y d<strong>e diversas inversiones inmobiliarias.<\/strong> Su discreci\u00f3n ha sido constante a lo largo de los a\u00f1os, pero lo cierto es que ambas propiedades representan un espacio de estabilidad en un momento de cambios profesionales y personales. <\/p>\n<p>         <script async src=\"\/\/www.instagram.com\/embed.js\"><\/script><\/p>\n","protected":false},"excerpt":{"rendered":"Alessandro Lequio, tras su despido de Mediaset: las mujeres de su vida, sus tres hijos y las fotos&hellip;\n","protected":false},"author":2,"featured_media":307589,"comment_status":"","ping_status":"","sticky":false,"template":"","format":"standard","meta":{"footnotes":""},"categories":[174],"tags":[255,146,147,25,24,256,23],"class_list":{"0":"post-307588","1":"post","2":"type-post","3":"status-publish","4":"format-standard","5":"has-post-thumbnail","7":"category-famosos","8":"tag-celebrities","9":"tag-entertainment","10":"tag-entretenimiento","11":"tag-es","12":"tag-espana","13":"tag-famosos","14":"tag-spain"},"share_on_mastodon":{"url":"https:\/\/pubeurope.com\/@es\/115784142194822044","error":""},"_links":{"self":[{"href":"https:\/\/www.europesays.com\/es\/wp-json\/wp\/v2\/posts\/307588","targetHints":{"allow":["GET"]}}],"collection":[{"href":"https:\/\/www.europesays.com\/es\/wp-json\/wp\/v2\/posts"}],"about":[{"href":"https:\/\/www.europesays.com\/es\/wp-json\/wp\/v2\/types\/post"}],"author":[{"embeddable":true,"href":"https:\/\/www.europesays.com\/es\/wp-json\/wp\/v2\/users\/2"}],"replies":[{"embeddable":true,"href":"https:\/\/www.europesays.com\/es\/wp-json\/wp\/v2\/comments?post=307588"}],"version-history":[{"count":0,"href":"https:\/\/www.europesays.com\/es\/wp-json\/wp\/v2\/posts\/307588\/revisions"}],"wp:featuredmedia":[{"embeddable":true,"href":"https:\/\/www.europesays.com\/es\/wp-json\/wp\/v2\/media\/307589"}],"wp:attachment":[{"href":"https:\/\/www.europesays.com\/es\/wp-json\/wp\/v2\/media?parent=307588"}],"wp:term":[{"taxonomy":"category","embeddable":true,"href":"https:\/\/www.europesays.com\/es\/wp-json\/wp\/v2\/categories?post=307588"},{"taxonomy":"post_tag","embeddable":true,"href":"https:\/\/www.europesays.com\/es\/wp-json\/wp\/v2\/tags?post=307588"}],"curies":[{"name":"wp","href":"https:\/\/api.w.org\/{rel}","templated":true}]}}