{"id":307636,"date":"2025-12-26T05:47:07","date_gmt":"2025-12-26T05:47:07","guid":{"rendered":"https:\/\/www.europesays.com\/es\/307636\/"},"modified":"2025-12-26T05:47:07","modified_gmt":"2025-12-26T05:47:07","slug":"la-ule-refuerza-su-compromiso-con-la-cooperacion-internacional-a-traves-de-la-excelencia-del-master-interuniversitario-de-castilla-y-leon","status":"publish","type":"post","link":"https:\/\/www.europesays.com\/es\/307636\/","title":{"rendered":"La ULE refuerza su compromiso con la cooperaci\u00f3n internacional a trav\u00e9s de la excelencia del m\u00e1ster interuniversitario de Castilla y Le\u00f3n"},"content":{"rendered":"<p>                <img decoding=\"async\"   src=\"https:\/\/www.europesays.com\/es\/wp-content\/uploads\/2025\/12\/premioscooperacion.jpeg\" typeof=\"foaf:Image\" class=\"img-responsive\"\/><\/p>\n<ul>\n<li><strong>\u00b7Los premios de Cooperaci\u00f3n Internacional para el Desarrollo de la Junta reconocen la calidad acad\u00e9mica del m\u00e1ster y reconoce tres trabajos acad\u00e9micos que abordan desaf\u00edos como la gesti\u00f3n de incendios forestales en regiones vulnerables de Am\u00e9rica Latina o el acceso de agua potable en Ghana<\/strong><\/li>\n<li><strong>\u00b7El vicerrector de Internacionalizaci\u00f3n y Compromiso Global destaca el valor de la docencia y la investigaci\u00f3n universitaria para afrontar retos globales como la erradicaci\u00f3n de la pobreza o el desarrollo sostenible<\/strong><\/li>\n<\/ul>\n<p><strong>Le\u00f3n, 20 de diciembre de 2025.\u00a0<\/strong>La\u00a0<strong>Universidad de Le\u00f3n<\/strong>\u00a0consolida su papel como instituci\u00f3n comprometida con la cooperaci\u00f3n internacional y el desarrollo sostenible a trav\u00e9s de la calidad de su formaci\u00f3n de posgrado.<\/p>\n<p>As\u00ed lo ponen de manifiesto los reconocimientos obtenidos por varios Trabajos Fin de M\u00e1ster del\u00a0<strong>m\u00e1ster interuniversitario en Cooperaci\u00f3n Internacional de las Universidades P\u00fablicas de Castilla y Le\u00f3n<\/strong>\u00a0en los Premios a Trabajos Acad\u00e9micos sobre Cooperaci\u00f3n Internacional para el Desarrollo 2025, convocados por la Junta de Castilla y Le\u00f3n.<\/p>\n<p>Un programa formativo en el que participa la ULE y que se articula como un espacio de colaboraci\u00f3n interuniversitaria orientado a la formaci\u00f3n de profesionales capaces de analizar, dise\u00f1ar y evaluar intervenciones en contextos de desarrollo desde una perspectiva cr\u00edtica y aplicada.<\/p>\n<p>El vicerrector de Internacionalizaci\u00f3n y Compromiso Global de la ULE, Jos\u00e9 Alberto Ben\u00edtez-Andrades, destaca el\u00a0<strong>papel de la docencia y la investigaci\u00f3n universitaria<\/strong>\u00a0como herramientas para mejorar las pol\u00edticas p\u00fablicas y abrir nuevas v\u00edas de intervenci\u00f3n frente a retos globales.<\/p>\n<p>Un\u00a0<strong>enfoque formativo basado en la excelencia acad\u00e9mica y el compromiso social<\/strong>\u00a0que viene avalado por estos premios, que reconocen investigaciones acad\u00e9micas que abordan desaf\u00edos reales vinculados a la erradicaci\u00f3n de la pobreza, la gesti\u00f3n sostenible de los recursos, la defensa de los derechos humanos o la mejora de las pol\u00edticas p\u00fablicas desde una perspectiva aplicada y transformadora.<\/p>\n<p><strong>TRABAJOS PREMIADOS<\/strong><\/p>\n<p>Entre los trabajos premiados se encuentran tres investigaciones desarrolladas por estudiantado del m\u00e1ster interuniversitario en Cooperaci\u00f3n Internacional de las universidades p\u00fablicas de Castilla y Le\u00f3n Len y una investigaci\u00f3n realizada por una egresada del mismo programa, que destacan por su enfoque aplicado y su capacidad para dar respuesta a problem\u00e1ticas complejas en contextos reales de cooperaci\u00f3n internacional.<\/p>\n<p>Desde la mejora de la gesti\u00f3n de proyectos en organizaciones no gubernamentales, de\u00a0<strong>Laura Beatriz Calder\u00f3n<\/strong>; hasta el an\u00e1lisis de los desaf\u00edos que plantean los incendios forestales en regiones especialmente vulnerables de Am\u00e9rica Latina, de\u00a0<strong>Dalsy Luc\u00eda Ruiz y\u00a0<\/strong>tutelado por Jorge Ram\u00f3n Garc\u00eda Arias, profesor de la Universidad de Le\u00f3n; pasando por propuestas para garantizar el acceso al agua potable en Ghana, de\u00a0<strong>Isabel Vela Hortig\u00fcela<\/strong>; o para avanzar en modelos de gesti\u00f3n y reciclaje de residuos en comunidades locales,\u00a0<strong>de Aner Gallastegi<\/strong>.<\/p>\n<p>Investigaciones que, como subraya el vicerrector, evidencian el compromiso del estudiantado con un desarrollo m\u00e1s justo y sostenible, y que ponen de relieve la calidad acad\u00e9mica y docente del m\u00e1ster en Cooperaci\u00f3n Internacional, fruto de la colaboraci\u00f3n entre las universidades p\u00fablicas de Castilla y Le\u00f3n y del trabajo coordinado del programa, que en la ULE dirige Eduardo Fern\u00e1ndez Huerga.<\/p>\n<p>Un respaldo institucional que avala la solidez del m\u00e1ster y su enfoque aplicado, y que refuerza el papel de la Universidad de Le\u00f3n como instituci\u00f3n comprometida con una formaci\u00f3n de posgrado orientada a la cooperaci\u00f3n internacional, la transformaci\u00f3n social y la respuesta acad\u00e9mica a los grandes retos globales.<\/p>\n<p>\u00a0<\/p>\n<p>\u00a0<\/p>\n","protected":false},"excerpt":{"rendered":"\u00b7Los premios de Cooperaci\u00f3n Internacional para el Desarrollo de la Junta reconocen la calidad acad\u00e9mica del m\u00e1ster y&hellip;\n","protected":false},"author":2,"featured_media":307637,"comment_status":"","ping_status":"","sticky":false,"template":"","format":"standard","meta":{"footnotes":""},"categories":[5],"tags":[17,18,25,24,13,14,11,19,20,9,10,15,16,23,12,21,22],"class_list":{"0":"post-307636","1":"post","2":"type-post","3":"status-publish","4":"format-standard","5":"has-post-thumbnail","7":"category-titulares","8":"tag-breaking-news","9":"tag-breakingnews","10":"tag-es","11":"tag-espana","12":"tag-featured-news","13":"tag-featurednews","14":"tag-headlines","15":"tag-latest-news","16":"tag-latestnews","17":"tag-news","18":"tag-noticias","19":"tag-noticias-destacadas","20":"tag-noticiasdestacadas","21":"tag-spain","22":"tag-titulares","23":"tag-ultimas-noticias","24":"tag-ultimasnoticias"},"share_on_mastodon":{"url":"https:\/\/pubeurope.com\/@es\/115784295859329192","error":""},"_links":{"self":[{"href":"https:\/\/www.europesays.com\/es\/wp-json\/wp\/v2\/posts\/307636","targetHints":{"allow":["GET"]}}],"collection":[{"href":"https:\/\/www.europesays.com\/es\/wp-json\/wp\/v2\/posts"}],"about":[{"href":"https:\/\/www.europesays.com\/es\/wp-json\/wp\/v2\/types\/post"}],"author":[{"embeddable":true,"href":"https:\/\/www.europesays.com\/es\/wp-json\/wp\/v2\/users\/2"}],"replies":[{"embeddable":true,"href":"https:\/\/www.europesays.com\/es\/wp-json\/wp\/v2\/comments?post=307636"}],"version-history":[{"count":0,"href":"https:\/\/www.europesays.com\/es\/wp-json\/wp\/v2\/posts\/307636\/revisions"}],"wp:featuredmedia":[{"embeddable":true,"href":"https:\/\/www.europesays.com\/es\/wp-json\/wp\/v2\/media\/307637"}],"wp:attachment":[{"href":"https:\/\/www.europesays.com\/es\/wp-json\/wp\/v2\/media?parent=307636"}],"wp:term":[{"taxonomy":"category","embeddable":true,"href":"https:\/\/www.europesays.com\/es\/wp-json\/wp\/v2\/categories?post=307636"},{"taxonomy":"post_tag","embeddable":true,"href":"https:\/\/www.europesays.com\/es\/wp-json\/wp\/v2\/tags?post=307636"}],"curies":[{"name":"wp","href":"https:\/\/api.w.org\/{rel}","templated":true}]}}