{"id":307737,"date":"2025-12-26T07:19:30","date_gmt":"2025-12-26T07:19:30","guid":{"rendered":"https:\/\/www.europesays.com\/es\/307737\/"},"modified":"2025-12-26T07:19:30","modified_gmt":"2025-12-26T07:19:30","slug":"cenicienta-un-cuento-que-trasciende-generaciones","status":"publish","type":"post","link":"https:\/\/www.europesays.com\/es\/307737\/","title":{"rendered":"Cenicienta, un cuento que trasciende generaciones"},"content":{"rendered":"<p>&#8216;Hab\u00eda una vez una hermosa joven llamada Cenicienta que viv\u00eda con su cruel madrastra y sus dos hermanastras, que la obligaban a hacer todo el trabajo de la casa. Un d\u00eda, conoci\u00f3 en una fiesta palaciega a un pr\u00edncipe del cual se enamor\u00f3&#8230;&#8217; El cuento de<strong> Cenicienta <\/strong>es universalmente conocido, aunque no tanto su origen, del que hay numerosas versiones y todas podr\u00edan ser ciertas, aunque la procedencia que cobra m\u00e1s fuerza es la de un relato chino del siglo VIII.<\/p>\n<p>El cuento de la Cenicienta es uno de los m\u00e1s adaptados y versionados del mundo\u00a0Istockphoto<\/p>\n<p>El cuento se populariz\u00f3 para nuevas generaciones, gracias a figuras como el escritor franc\u00e9s<strong> Charles Perrault<\/strong>, los <strong>hermanos Grimm<\/strong> y Walt Disney. Precisamente, desde el \u00e9xito de la pel\u00edcula de animaci\u00f3n de la factor\u00eda, que se estren\u00f3 en 1950, la Cenicienta ha sido recreada de muchas formas, tanto para cine, televisi\u00f3n, \u00f3pera y teatro. Uno de los musicales m\u00e1s emblem\u00e1ticos de Broadway es el de <strong>&#8216;Cenicienta de Rodgers &amp; Hammerstein&#8217;<\/strong>, una versi\u00f3n moderna del cuento cl\u00e1sico de hadas, que acoge durante estos d\u00edas el Teatro Coliseum de Madrid, bajo la direcci\u00f3n de<strong> Anthony Van Laast<\/strong>, y con el sello de Stage Entertainment. <strong>Arturo Mart\u00edn <\/strong>recibe la visita de dos de sus protagonistas: la cantante y actriz, <strong>Paule Mallagarai,<\/strong> en el papel de Cecinienta; y <strong>Mayca Teba<\/strong>, una de las pocas sopranos crossover de Espa\u00f1a, como hada madrina del musical.  <\/p>\n<p>En los siguientes minutos de programa, repasamos con <strong>Mara Peterssen <\/strong>los acontemientos y sonidos m\u00e1s importantes ocurridos en 1952, como el desarrollo de la primera vacuna contra la poliomielitis o el estreno en los cines de &#8216;El hombre tranquilo&#8217;, de <strong>John Ford<\/strong>. Luc\u00eda Sancho nos lleva hasta el <strong>Movistar Arena<\/strong>, y no para asistir a un concierto, sino para conocer la historia de uno de los recintos multiusos con m\u00e1s actividad del mundo. Todo un templo del deporte y de los grandes eventos musicales que, curiosamente, comenz\u00f3 siendo una plaza de toros. <\/p>\n<p>El Palacio de Deportes de Madrid ha cambiado de nombre comercial en numerosas ocasiones\u00a0t<\/p>\n<p>Con <strong>Pastora Vega<\/strong> entramos en la sala de cine para recordar &#8216;Cantando bajo la lluvia&#8217;, uno de los musicales m\u00e1s ic\u00f3nicos, dirigido por <strong>Gene Kelly<\/strong> y <strong>Stanley Donen<\/strong>. En su historia m\u00ednima, <strong>David Zurdo<\/strong> se remonta al nacimiento de la cena congelada, tambi\u00e9n conocida como &#8216;TV Dinner&#8217;; y con <strong>JPelirrojo <\/strong>bailamos los temas de la primera lista oficial de venta de singles, surgida en Reino Unido en 1952. <\/p>\n","protected":false},"excerpt":{"rendered":"&#8216;Hab\u00eda una vez una hermosa joven llamada Cenicienta que viv\u00eda con su cruel madrastra y sus dos hermanastras,&hellip;\n","protected":false},"author":2,"featured_media":307738,"comment_status":"","ping_status":"","sticky":false,"template":"","format":"standard","meta":{"footnotes":""},"categories":[91],"tags":[146,147,25,24,23],"class_list":{"0":"post-307737","1":"post","2":"type-post","3":"status-publish","4":"format-standard","5":"has-post-thumbnail","7":"category-entretenimiento","8":"tag-entertainment","9":"tag-entretenimiento","10":"tag-es","11":"tag-espana","12":"tag-spain"},"share_on_mastodon":{"url":"https:\/\/pubeurope.com\/@es\/115784657496094719","error":""},"_links":{"self":[{"href":"https:\/\/www.europesays.com\/es\/wp-json\/wp\/v2\/posts\/307737","targetHints":{"allow":["GET"]}}],"collection":[{"href":"https:\/\/www.europesays.com\/es\/wp-json\/wp\/v2\/posts"}],"about":[{"href":"https:\/\/www.europesays.com\/es\/wp-json\/wp\/v2\/types\/post"}],"author":[{"embeddable":true,"href":"https:\/\/www.europesays.com\/es\/wp-json\/wp\/v2\/users\/2"}],"replies":[{"embeddable":true,"href":"https:\/\/www.europesays.com\/es\/wp-json\/wp\/v2\/comments?post=307737"}],"version-history":[{"count":0,"href":"https:\/\/www.europesays.com\/es\/wp-json\/wp\/v2\/posts\/307737\/revisions"}],"wp:featuredmedia":[{"embeddable":true,"href":"https:\/\/www.europesays.com\/es\/wp-json\/wp\/v2\/media\/307738"}],"wp:attachment":[{"href":"https:\/\/www.europesays.com\/es\/wp-json\/wp\/v2\/media?parent=307737"}],"wp:term":[{"taxonomy":"category","embeddable":true,"href":"https:\/\/www.europesays.com\/es\/wp-json\/wp\/v2\/categories?post=307737"},{"taxonomy":"post_tag","embeddable":true,"href":"https:\/\/www.europesays.com\/es\/wp-json\/wp\/v2\/tags?post=307737"}],"curies":[{"name":"wp","href":"https:\/\/api.w.org\/{rel}","templated":true}]}}