{"id":307810,"date":"2025-12-26T08:23:10","date_gmt":"2025-12-26T08:23:10","guid":{"rendered":"https:\/\/www.europesays.com\/es\/307810\/"},"modified":"2025-12-26T08:23:10","modified_gmt":"2025-12-26T08:23:10","slug":"un-2026-de-cine-y-premios-fechas-de-los-oscar-globos-de-oro-choice-awards-y-mas-y-donde-ver-las-galas-en-la-razon","status":"publish","type":"post","link":"https:\/\/www.europesays.com\/es\/307810\/","title":{"rendered":"Un 2026 de cine y premios: fechas de los Oscar, Globos de Oro, Choice Awards y m\u00e1s y d\u00f3nde ver las galas en &#8211; La Raz\u00f3n"},"content":{"rendered":"<ol>\n<li><a href=\"https:\/\/news.google.com\/rss\/articles\/CBMi-AFBVV95cUxORGh2VTNPeWJnQzdlcXRkOFNTNVNIcm9rZk1vMUlSeDVlYXRxU1htSFFESkRFN0NLMnhOTHExSE4zLWN4anJ0bnZqYkhjbjVyZ0UtNnJKTmZxemxFcmxJMEFfYWpsNElXXzlMenhtcUFFbEgxVThHVU53NW1nTTBEMXFla2RvSmxzeE5TTl9mbXEtZW9IVGVud2VkOUFtVGZIeVpVMFBhMkNJVTU0SUR4SnF3T1hMeVNzYnZKdUltaFh6NmYyaEdMVFJIcE5vUTlXWFduY0tWUjl0VnJtT1RhWGx2aVJsRmE4bEhaZWFUdUFOQ0N3NmVuNdIBjAJBVV95cUxQOWdtY2lsdmhIbllhYWhpZ2tTbFA0UmxhUFh3c1VOSThNc1l2ek9tOFBYODhNbVdyUDEwMm1WXzBab0RTSC1lWXAweFV4NzJVbnJlMVQ0UVBONExPVnlFVGNQNV9vTHUwdjRhRXhBOUsySEoyTzFIU1l3ekhqZHVmdUdTRjZXWDNSemNhcnlleDR5MTRVN0xrZkp4OFpQelFHQkdJVHZoc280UXJUYmctd19UZjZ2LWRQTzA3Wkt4dUNJcjJ6Z0pQU25QSXdnd2pvSjNFR2Z3c3U1bXN0eWhNd0swMmt0REZ6cFJsZXNWQkItMEpsaE80SnlJa3V4RUQzWS02RzFCOUFBUjIz?oc=5\" target=\"_blank\" rel=\"nofollow noopener\">Un 2026 de cine y premios: fechas de los Oscar, Globos de Oro, Choice Awards y m\u00e1s y d\u00f3nde ver las galas en<\/a>&nbsp;&nbsp;La Raz\u00f3n<\/li>\n<li><a href=\"https:\/\/news.google.com\/rss\/articles\/CBMi0AFBVV95cUxPeVNPYi0zVTdIT2s3eHJBYlp5UFp0dWNLX0NYT1hlVVI2bDRKZEhESWtIaEJOTGs2VDdOT0V4djZ0OE9xRWxQMk5XTUREMDZ2WTliOWt1UGh3TnJ0aEpobzNXdF9JbEd1RzJPeWZvYURNTWtSZWFXc3lFMTlIVS1VMS0yZEl0RFRPaFp6TW1CVzJyWnBUd2djU3N5YTI5MTFaeGprQ29FT0IzYW9NZXdfd3k2NDc2TVlaQjZqdm1vTV9wMUY5TWdoakFWeGxtMENC0gHWAUFVX3lxTE1lSF9nUnhmdkpCdDNzV1N6WldpN1pfQ2YxV3ZtOXNhV3ZZemFSQW4wUzFHSXJXRjRqRVg3QkVCeXc2d3IzS1ZLQmU0Q2poYXpKbHM3U0hQR0JtbDk5R3NZR1cyZEdRcVo2UVUtWVlELTdpRF92S1V1UnFqbldOYkZVVFBCOWl1V2Y5TnpmVDNNcUY4MkxEMkNJQkh6aUZvb1BfX2ZSTXdXSmc5UXBGVXNITXJrel9NUjBmM1ZYQ3dlTVhpTWxnM1pzWllYNnhJQU5OcHVTVVE?oc=5\" target=\"_blank\" rel=\"nofollow noopener\">Los Oscar, Globos de Oro, los Critics Choice se juntan en una sola plataforma<\/a>&nbsp;&nbsp;MUNDIARIO<\/li>\n<li><a href=\"https:\/\/news.google.com\/rss\/articles\/CBMiqAJBVV95cUxNdnR2V3B2R1RuNHZOR2U5LTI4T3dHRk9KbWJTMzJmN1Y5N0RzekpibEZENU45b3ZkYzdDS2hCZ3drYW9vMERsQ0dkdDRzSUwyTUw4cjc5bmhTbTVOanF6d2pXajhYcGJEWmhYZ2I3N1ljUlAxdW9FaDJTVWdFWVlWZVMxS2VNSzY1amkyM0hva1Yya3FrR1lkelNOQUc3TUxWQVd0VDY0NmhxbGRMekFOR2Z5aWxZaVZaRnRoal8zSEdUcTJIakJwNHlBdnhYX1NhYnd4MEhCcU1uN0U0YUNIeEdPUXBDR3BQdDE2TWV1TDVmUnYwem8zSHFDbXV3Y3hBZVc1MDJQZnF4QklKOGlhbW5rRFpCWmdLQ28yZ05ZRVdDUVlpZG4tbA?oc=5\" target=\"_blank\" rel=\"nofollow noopener\">Los Oscar, los Globos de Oro, los Critics Choice, los Premios del Cine Europeo: las galas de los grandes galardones de cine se ven en Movistar Plus+<\/a>&nbsp;&nbsp;Movistar Plus+<\/li>\n<li><a href=\"https:\/\/news.google.com\/rss\/articles\/CBMi8gFBVV95cUxQX2d1WlV5SVpFY2xYd0k0UVNhd3drbktMLXExcFd0WWN0cGx3Rng5MjRyakthSXRES1FVUk45d0k5WFVmUHJlUGo4X0p1YWJXdWNKZGppc1FHSXV3ZG0tMWJ1bzNIZGs4ZWo1RVh6UW9heGhKV0ZRNG1IdWJ3OFJwdlVRVG82Zkc1dXhSVmxkNXB6WXV3cjZsV1RLWENkS0stbjlGMHlsdkFkRVBodk1Bc0RDUDZFZWYwdXNxSlhuOVJaZ1RxUHl3NlJuMF81YzVoajM2eXFVZDhLZ3pza2FycE5JZkNXNU1fMVJrVTQ5WC1Ydw?oc=5\" target=\"_blank\" rel=\"nofollow noopener\">Los Oscar, los Globos de Oro, los Critics Choice y los Premios del Cine Europeo: las grandes galas del cine se ven en Movistar Plus+<\/a>&nbsp;&nbsp;Neeo<\/li>\n<li><a href=\"https:\/\/news.google.com\/rss\/articles\/CBMi8wFBVV95cUxPZnotbzZrZ3BrZVNJS1hqUi1zN2JBQ29EYjV0TE1uX2lEbVQwLUJzQlMwZkNuNUtsYzd5ekVKd2M1dDFUemhMWmNMTmdEaWNUclRBRHBGZzEteV8tRDJGOEtKeUZramxzSlNEMW5ld1lPb3AxNkJYSHFXVndtX1lCV3MwNHU4cTNRVlR2WGZNYTVISkFfLWFNcHRHdGgyNGxqYkZMU0djSG1QY3hOczhjaDIzVFFfcjhNc29FSHJ5QkNPR2g0MDJXMDk2a19jSjBjdlFDN1FWd25oVFBZMDROWnhrb1lnY3lNWS1rdG5FZUtMVjTSAYcCQVVfeXFMTlhVQkp1MlNQc3FOVDhRUk1IaVRGQVRzYTBHNVJOd2lQOE9CblNwdVROUFBEYzJNQm53LWJabldTSzdmNk9qanNTZG4tUVQ2bEl0REJWWUVlRXZwV1J5LU5OMlhOTVJ3dUJFUXN6dDBlN0k3X1I0a2hfRlUwVmlodEdPRTB1SVpJa0ZlUktiYUV2VTc2LTc2akRCR1dOVnlhNUlWaXNpcXNXRlpQbldiSnpJbVVEM2pBTUU2MzVEY25GZU9KUGhsd0Y4bk9aYTh6ekpPblB4Y3dSZk1vVUZwRl9wcExERk52aXRCV2lqSWt5bElLWkJ0c0ZNekpMMkdpQU1GZmo0MDg?oc=5\" target=\"_blank\" rel=\"nofollow noopener\">Movistar Plus+ emitir\u00e1 en directo y en exclusiva los Oscar, Globos de Oro y las grandes galas del cine<\/a>&nbsp;&nbsp;La Raz\u00f3n<\/li>\n<\/ol>\n","protected":false},"excerpt":{"rendered":"Un 2026 de cine y premios: fechas de los Oscar, Globos de Oro, Choice Awards y m\u00e1s y&hellip;\n","protected":false},"author":2,"featured_media":297172,"comment_status":"","ping_status":"","sticky":false,"template":"","format":"standard","meta":{"footnotes":""},"categories":[174],"tags":[255,146,147,25,24,256,23],"class_list":{"0":"post-307810","1":"post","2":"type-post","3":"status-publish","4":"format-standard","5":"has-post-thumbnail","7":"category-famosos","8":"tag-celebrities","9":"tag-entertainment","10":"tag-entretenimiento","11":"tag-es","12":"tag-espana","13":"tag-famosos","14":"tag-spain"},"share_on_mastodon":{"url":"https:\/\/pubeurope.com\/@es\/115784909126526284","error":""},"_links":{"self":[{"href":"https:\/\/www.europesays.com\/es\/wp-json\/wp\/v2\/posts\/307810","targetHints":{"allow":["GET"]}}],"collection":[{"href":"https:\/\/www.europesays.com\/es\/wp-json\/wp\/v2\/posts"}],"about":[{"href":"https:\/\/www.europesays.com\/es\/wp-json\/wp\/v2\/types\/post"}],"author":[{"embeddable":true,"href":"https:\/\/www.europesays.com\/es\/wp-json\/wp\/v2\/users\/2"}],"replies":[{"embeddable":true,"href":"https:\/\/www.europesays.com\/es\/wp-json\/wp\/v2\/comments?post=307810"}],"version-history":[{"count":0,"href":"https:\/\/www.europesays.com\/es\/wp-json\/wp\/v2\/posts\/307810\/revisions"}],"wp:featuredmedia":[{"embeddable":true,"href":"https:\/\/www.europesays.com\/es\/wp-json\/wp\/v2\/media\/297172"}],"wp:attachment":[{"href":"https:\/\/www.europesays.com\/es\/wp-json\/wp\/v2\/media?parent=307810"}],"wp:term":[{"taxonomy":"category","embeddable":true,"href":"https:\/\/www.europesays.com\/es\/wp-json\/wp\/v2\/categories?post=307810"},{"taxonomy":"post_tag","embeddable":true,"href":"https:\/\/www.europesays.com\/es\/wp-json\/wp\/v2\/tags?post=307810"}],"curies":[{"name":"wp","href":"https:\/\/api.w.org\/{rel}","templated":true}]}}