{"id":307815,"date":"2025-12-26T08:27:09","date_gmt":"2025-12-26T08:27:09","guid":{"rendered":"https:\/\/www.europesays.com\/es\/307815\/"},"modified":"2025-12-26T08:27:09","modified_gmt":"2025-12-26T08:27:09","slug":"taylor-swift-rosalia-o-aitana-pueden-despedir-2025-en-el-no1-de-la-lista-de-los40","status":"publish","type":"post","link":"https:\/\/www.europesays.com\/es\/307815\/","title":{"rendered":"Taylor Swift, Rosal\u00eda o Aitana pueden despedir 2025 en el N\u00ba1 de la lista de LOS40"},"content":{"rendered":"<p>Este 2025 llega a su fin. Han sido, de momento, 51 semanas de emoci\u00f3n e historia en nuestra lista; nos aproximamos ahora a la n\u00famero 52, \u00faltima de un a\u00f1o intenso en lo musical, y con ella, el repaso a su \u00faltima lista. Este s\u00e1bado sabremos <b>qu\u00e9 canci\u00f3n despide 2025 y empieza 2026 en el n\u00famero uno.<\/b> Hay varios favoritos: podr\u00eda ser de nuevo <a href=\"https:\/\/los40.com\/2025\/12\/20\/taylor-swift-consigue-el-n1-de-navidad-en-los40-con-the-fate-of-ophelia\/\" target=\"_blank\" rel=\"noreferrer nofollow noopener\" title=\"https:\/\/los40.com\/2025\/12\/20\/taylor-swift-consigue-el-n1-de-navidad-en-los40-con-the-fate-of-ophelia\/\">Taylor Swift<\/a>, que el s\u00e1bado pasado recuper\u00f3 el puesto de honor con The fate of Ophelia. Es una de las artistas claves de estos doce meses y tendr\u00eda todo el sentido que se mantuviera en lo m\u00e1s alto.<\/p>\n<p>Pero ocurre que si descendemos un poco por la clasificaci\u00f3n encontramos otros nombres que han triunfado a lo largo del a\u00f1o y cuentan tambi\u00e9n como serios aspirantes. En el #2 est\u00e1 <a href=\"https:\/\/los40.com\/2025\/11\/15\/diosa-absoluta-rosalia-es-n1-directo-de-la-lista-de-los40-con-dios-es-un-stalker\/\" target=\"_blank\" rel=\"noreferrer nofollow noopener\" title=\"https:\/\/los40.com\/2025\/11\/15\/diosa-absoluta-rosalia-es-n1-directo-de-la-lista-de-los40-con-dios-es-un-stalker\/\">Rosal\u00eda <\/a>con La perla; en el #3, <a href=\"https:\/\/los40.com\/2025\/12\/25\/las-mejores-canciones-de-2025-segun-la-redaccion-de-los40\/\" target=\"_blank\" rel=\"noreferrer nofollow noopener\" title=\"https:\/\/los40.com\/2025\/12\/25\/las-mejores-canciones-de-2025-segun-la-redaccion-de-los40\/\">Aitana <\/a>con Superestrella; en el #4, <a href=\"https:\/\/los40.com\/2025\/11\/06\/bizarrap-agiganta-la-leyenda-de-daddy-yankee-en-bzrp-music-sessions-066\/\" target=\"_blank\" rel=\"noreferrer nofollow noopener\" title=\"https:\/\/los40.com\/2025\/11\/06\/bizarrap-agiganta-la-leyenda-de-daddy-yankee-en-bzrp-music-sessions-066\/\">Daddy Yankee y Bizarrap<\/a> con BZRP Music sessions, vol. 0\/66; y en el #5, <a href=\"https:\/\/los40.com\/2025\/12\/13\/rels-b-rubrica-su-gran-ano-regresando-al-n1-de-la-lista-de-los40-con-tu-vas-sin-fav\/\" target=\"_blank\" rel=\"noreferrer nofollow noopener\" title=\"https:\/\/los40.com\/2025\/12\/13\/rels-b-rubrica-su-gran-ano-regresando-al-n1-de-la-lista-de-los40-con-tu-vas-sin-fav\/\">Rels B <\/a>con T\u00fa vas sin (fav).<\/p>\n<p>En el transcurso del programa, que este s\u00e1bado presentar\u00e1 \u00d3scar Mart\u00ednez, conoceremos si los dos <b>candidatos <\/b>logran hacerse hueco en el chart. De un lado tenemos a <a href=\"https:\/\/los40.com\/2025\/12\/25\/damiano-david-y-el-grupo-de-chicas-katseye-pueden-entrar-en-la-lista-antes-de-que-acabe-el-ano\/\" target=\"_blank\" rel=\"nofollow noopener\">Damiano David<\/a> con Talk to me, en colaboraci\u00f3n con Tyla y Nile Rodgers; de otro, la girl band <a href=\"https:\/\/los40.com\/2025\/12\/25\/quien-es-quien-en-katseye-la-girlband-internacional-que-triunfa-con-gabriela-y-que-salio-de-netflix\/\" target=\"_blank\" rel=\"nofollow noopener\">KATSEYE<\/a>, que puede estrenarse en la lista con Gabriela. Una vez que realicemos el recuento de apoyos recibidos con el HT <b>#MiVoto40<\/b> tendremos el veredicto.<\/p>\n<p><img decoding=\"async\" src=\"https:\/\/los40.com\/pf\/resources\/img\/logo-40-v-c.svg?d=922\" alt=\"LOS40\" class=\"i-pro\" width=\"68\" height=\"68\" loading=\"lazy\"\/><\/p>\n<p>Por votar en antena (900 35 40 40) regalaremos unas chul\u00edsimas <b>sudaderas reversibles de <\/b><b>Avatar: Fuego y cenizas,<\/b><b> <\/b>celebrando que la peli ya est\u00e1 arrasando en los cines. Presentaremos nuevos candidatos, viajaremos al pasado en La M\u00e1quina del Tiempo y daremos un buen repaso a la actualidad del pop y lo que promete el inminente 2026. \u00a1No falt\u00e9is, familia!<\/p>\n","protected":false},"excerpt":{"rendered":"Este 2025 llega a su fin. Han sido, de momento, 51 semanas de emoci\u00f3n e historia en nuestra&hellip;\n","protected":false},"author":2,"featured_media":307816,"comment_status":"","ping_status":"","sticky":false,"template":"","format":"standard","meta":{"footnotes":""},"categories":[170],"tags":[146,147,25,24,184,185,23],"class_list":{"0":"post-307815","1":"post","2":"type-post","3":"status-publish","4":"format-standard","5":"has-post-thumbnail","7":"category-musica","8":"tag-entertainment","9":"tag-entretenimiento","10":"tag-es","11":"tag-espana","12":"tag-music","13":"tag-musica","14":"tag-spain"},"share_on_mastodon":{"url":"https:\/\/pubeurope.com\/@es\/115784925195972403","error":""},"_links":{"self":[{"href":"https:\/\/www.europesays.com\/es\/wp-json\/wp\/v2\/posts\/307815","targetHints":{"allow":["GET"]}}],"collection":[{"href":"https:\/\/www.europesays.com\/es\/wp-json\/wp\/v2\/posts"}],"about":[{"href":"https:\/\/www.europesays.com\/es\/wp-json\/wp\/v2\/types\/post"}],"author":[{"embeddable":true,"href":"https:\/\/www.europesays.com\/es\/wp-json\/wp\/v2\/users\/2"}],"replies":[{"embeddable":true,"href":"https:\/\/www.europesays.com\/es\/wp-json\/wp\/v2\/comments?post=307815"}],"version-history":[{"count":0,"href":"https:\/\/www.europesays.com\/es\/wp-json\/wp\/v2\/posts\/307815\/revisions"}],"wp:featuredmedia":[{"embeddable":true,"href":"https:\/\/www.europesays.com\/es\/wp-json\/wp\/v2\/media\/307816"}],"wp:attachment":[{"href":"https:\/\/www.europesays.com\/es\/wp-json\/wp\/v2\/media?parent=307815"}],"wp:term":[{"taxonomy":"category","embeddable":true,"href":"https:\/\/www.europesays.com\/es\/wp-json\/wp\/v2\/categories?post=307815"},{"taxonomy":"post_tag","embeddable":true,"href":"https:\/\/www.europesays.com\/es\/wp-json\/wp\/v2\/tags?post=307815"}],"curies":[{"name":"wp","href":"https:\/\/api.w.org\/{rel}","templated":true}]}}