{"id":307820,"date":"2025-12-26T08:31:17","date_gmt":"2025-12-26T08:31:17","guid":{"rendered":"https:\/\/www.europesays.com\/es\/307820\/"},"modified":"2025-12-26T08:31:17","modified_gmt":"2025-12-26T08:31:17","slug":"ice-age-la-edad-de-hielo-segunda-sesion-de-la-filmoteca-cajacanarias-de-navidad-en-santa-cruz-de-tenerife-y-la-palma","status":"publish","type":"post","link":"https:\/\/www.europesays.com\/es\/307820\/","title":{"rendered":"Ice Age. La edad de hielo, segunda sesi\u00f3n de la Filmoteca CajaCanarias de Navidad en Santa Cruz de Tenerife y La Palma"},"content":{"rendered":"<p>\n\t\t\t\u201cCu\u00e9ntame la Navidad\u201d<\/p>\n<p>Este proyecto es la culminaci\u00f3n de un deseo personal por interpretar una selecci\u00f3n de textos en torno a la Navidad que no tienen un denominador com\u00fan pero que, sin embargo, resaltan la manifestaci\u00f3n de unos sentimientos compartidos entre los autores y la int\u00e9rprete, coincidencias que existen debido a la implicaci\u00f3n emocional de Mar\u00eda Galiana con el espect\u00e1culo. El piano de V\u00edctor Carbajo y la maravillosa voz de Luis Santana completan este emotivo viaje sentimental.<\/p>\n<p>Lope de Vega (1562-1635)<\/p>\n<ul>\n<li><strong>La ni\u00f1a a quien dijo el \u00c1ngel ( recitado)<\/strong><\/li>\n<\/ul>\n<p>Luis Rosales (1910-1992)<\/p>\n<ul>\n<li><strong>De c\u00f3mo estaba la luz\u2026. ( recitado)<\/strong><\/li>\n<\/ul>\n<p>Franz Schubert (1797-1828)<\/p>\n<p>San Juan De la Cruz ( 1542-1591)<\/p>\n<ul>\n<li><strong>Romance del Nacimiento (recitado)<\/strong><\/li>\n<\/ul>\n<p>Gaetano Donizetti (1797-1848)<\/p>\n<p>Gerardo Diego (1896-1987)<\/p>\n<ul>\n<li><strong>\u00bfQui\u00e9n ha entrado en el portal de Bel\u00e9n? ( recitado)<\/strong><\/li>\n<\/ul>\n<p>Giulio Caccini (1551-1618)<\/p>\n<p>Fray Luis de Le\u00f3n (1527-1591)<\/p>\n<ul>\n<li><strong>Oda a la Virgen ( recitado)<\/strong><\/li>\n<\/ul>\n<p>An\u00f3nimo<\/p>\n<ul>\n<li><strong>Villancico de las manos vac\u00edas ( recitado)<\/strong><\/li>\n<\/ul>\n<p>Emilio Ant\u00f3n (1918-1993)<\/p>\n<p>Amado Nervo ( 1870-1919)<\/p>\n<p>Juan Ram\u00f3n Jim\u00e9nez ( 1881-1958)<\/p>\n<ul>\n<li><strong>Jes\u00fas, el Dulce, viene\u2026 ( recitado)<\/strong><\/li>\n<\/ul>\n<p>Popular<\/p>\n<p>Sor Juana In\u00e9s De la Cruz ( 1651-1695)<\/p>\n<ul>\n<li><strong>Nacimiento de Cristo, en que se discurri\u00f3 la abeja ( recitado)<\/strong><\/li>\n<\/ul>\n<p>Ariel Ramirez (1921-2010)<\/p>\n<p>Lope de Vega (1562-1635)<\/p>\n<ul>\n<li><strong>Al nacimiento de Cristo ( recitado)<\/strong><\/li>\n<\/ul>\n<p>Popular<\/p>\n<p>Lope de Vega (1562-1635)<\/p>\n<ul>\n<li><strong>Las pajas del pesebre ( recitado)<\/strong><\/li>\n<\/ul>\n<p>Popular<\/p>\n<p>Lope de Vega ( 1562-1635)<\/p>\n<ul>\n<li><strong>Yo vengo de ver ( recitado)<\/strong><\/li>\n<\/ul>\n<p>Lope de Vega (1562-1635)<\/p>\n<ul>\n<li><strong>Zagalejo de perlas ( recitado)<\/strong><\/li>\n<\/ul>\n<p>Santa Teresa de Jes\u00fas (1515-1582)<\/p>\n<ul>\n<li><strong>Al nacimiento de Jes\u00fas ( recitado)<\/strong><\/li>\n<\/ul>\n<p>Jos\u00e9 Maria Collado (1946-2013)<\/p>\n<p>Rub\u00e9n Dar\u00edo (1867-1916)<\/p>\n<ul>\n<li><strong>Los tres reyes magos ( recitado)<\/strong><\/li>\n<\/ul>\n<p>Gloria Fuertes ( 1917-1998)<\/p>\n<p>Victor Carbajo (1970)<\/p>\n<p>Benito P\u00e9rez Gald\u00f3s ( 1843-1920)<\/p>\n<ul>\n<li><strong>La mula y el buey ( narrado)<\/strong><\/li>\n<\/ul>\n<p>Irving Berlin (1888-1989)<\/p>\n<p>Ram\u00f3n G\u00f3mez de la Serna ( 1888-1963)<\/p>\n<p>Villancicos populares <\/p>\n<ul>\n<li><strong>MEDLEY de villancicos para cantarlos con todo el p\u00fablico<\/strong><\/li>\n<li><strong>Adeste Fideles<\/strong><\/li>\n<\/ul>\n","protected":false},"excerpt":{"rendered":"\u201cCu\u00e9ntame la Navidad\u201d Este proyecto es la culminaci\u00f3n de un deseo personal por interpretar una selecci\u00f3n de textos&hellip;\n","protected":false},"author":2,"featured_media":307821,"comment_status":"","ping_status":"","sticky":false,"template":"","format":"standard","meta":{"footnotes":""},"categories":[91],"tags":[146,147,25,24,23],"class_list":{"0":"post-307820","1":"post","2":"type-post","3":"status-publish","4":"format-standard","5":"has-post-thumbnail","7":"category-entretenimiento","8":"tag-entertainment","9":"tag-entretenimiento","10":"tag-es","11":"tag-espana","12":"tag-spain"},"share_on_mastodon":{"url":"https:\/\/pubeurope.com\/@es\/115784940459450848","error":""},"_links":{"self":[{"href":"https:\/\/www.europesays.com\/es\/wp-json\/wp\/v2\/posts\/307820","targetHints":{"allow":["GET"]}}],"collection":[{"href":"https:\/\/www.europesays.com\/es\/wp-json\/wp\/v2\/posts"}],"about":[{"href":"https:\/\/www.europesays.com\/es\/wp-json\/wp\/v2\/types\/post"}],"author":[{"embeddable":true,"href":"https:\/\/www.europesays.com\/es\/wp-json\/wp\/v2\/users\/2"}],"replies":[{"embeddable":true,"href":"https:\/\/www.europesays.com\/es\/wp-json\/wp\/v2\/comments?post=307820"}],"version-history":[{"count":0,"href":"https:\/\/www.europesays.com\/es\/wp-json\/wp\/v2\/posts\/307820\/revisions"}],"wp:featuredmedia":[{"embeddable":true,"href":"https:\/\/www.europesays.com\/es\/wp-json\/wp\/v2\/media\/307821"}],"wp:attachment":[{"href":"https:\/\/www.europesays.com\/es\/wp-json\/wp\/v2\/media?parent=307820"}],"wp:term":[{"taxonomy":"category","embeddable":true,"href":"https:\/\/www.europesays.com\/es\/wp-json\/wp\/v2\/categories?post=307820"},{"taxonomy":"post_tag","embeddable":true,"href":"https:\/\/www.europesays.com\/es\/wp-json\/wp\/v2\/tags?post=307820"}],"curies":[{"name":"wp","href":"https:\/\/api.w.org\/{rel}","templated":true}]}}