{"id":307824,"date":"2025-12-26T08:34:10","date_gmt":"2025-12-26T08:34:10","guid":{"rendered":"https:\/\/www.europesays.com\/es\/307824\/"},"modified":"2025-12-26T08:34:10","modified_gmt":"2025-12-26T08:34:10","slug":"economia-de-eeuu-crecio-43-en-periodo-julio-septiembre","status":"publish","type":"post","link":"https:\/\/www.europesays.com\/es\/307824\/","title":{"rendered":"Econom\u00eda de EEUU creci\u00f3 4,3% en per\u00edodo julio-septiembre"},"content":{"rendered":"\n<p>WASHINGTON\u00a0\u2014\u00a0La econom\u00eda de Estados Unidos se expandi\u00f3 a un sorprendentemente fuerte ritmo anual del 4,3% en el tercer trimestre, la expansi\u00f3n m\u00e1s r\u00e1pida en dos a\u00f1os, en base al aumento del gasto de los consumidores, las exportaciones y el gasto gubernamental.<\/p>\n<p>El producto interno bruto de julio a septiembre \u2014la producci\u00f3n total de bienes y servicios de la econom\u00eda\u2014 aument\u00f3 desde su tasa de crecimiento del 3,8% en el trimestre de abril a junio, inform\u00f3 el martes el Departamento de Comercio en un informe retrasado por el cierre del gobierno. Los analistas encuestados por la firma de datos FactSet hab\u00edan pronosticado un crecimiento del 3% en el per\u00edodo.<\/p>\n<p>Sin embargo, la inflaci\u00f3n sigue siendo m\u00e1s alta de lo que la Reserva Federal desear\u00eda. El \u00edndice de inflaci\u00f3n preferido por la Fed \u2014llamado \u00edndice de gastos de consumo personal, o PCE\u2014 subi\u00f3 a un ritmo anual del 2,8% el \u00faltimo trimestre, frente al 2,1% en el segundo trimestre.<\/p>\n<p>Excluyendo los precios vol\u00e1tiles de alimentos y energ\u00eda, la llamada inflaci\u00f3n subyacente del PCE fue del 2,9%, frente al 2,6% en el trimestre de abril a junio.<\/p>\n<p>Los economistas dicen que la inflaci\u00f3n persistente podr\u00eda hacer menos probable un recorte de tasas de inter\u00e9s en enero por parte de la Fed, incluso cuando los funcionarios del banco central siguen preocupados por un mercado laboral en desaceleraci\u00f3n.<\/p>\n<p>\u201cSi la econom\u00eda sigue produciendo a este nivel, entonces no hay tanta necesidad de preocuparse por una econom\u00eda en desaceleraci\u00f3n\u201d, explic\u00f3 Chris Zaccarelli, director de inversiones de Northlight Asset Management, agregando que la inflaci\u00f3n podr\u00eda volver a ser la mayor preocupaci\u00f3n de la entidad. <\/p>\n<p>En una semana de comercio lento por las festividades, los mercados burs\u00e1tiles cayeron tras el informe del PIB, probablemente debido a las crecientes dudas de que se produzca otro recorte de tasas de la Fed el pr\u00f3ximo mes.<\/p>\n<p>El gasto de los consumidores, que representa aproximadamente el 70% de la actividad econ\u00f3mica, aument\u00f3 a un ritmo anual del 3,5% el \u00faltimo trimestre, frente al 2,5% en el per\u00edodo de abril a junio.<\/p>\n<p>El consumo y la inversi\u00f3n del gobierno crecieron un 2,2% en el trimestre despu\u00e9s de contraerse un 0,1% en el segundo trimestre. La cifra del tercer trimestre se vio impulsada por un aumento en los gastos a nivel estatal y local y el gasto en defensa del gobierno federal.<\/p>\n<p>La inversi\u00f3n privada empresarial cay\u00f3 un 0,3%, liderada por descensos en la inversi\u00f3n en vivienda y en edificios no residenciales como oficinas y almacenes. Sin embargo, esa ca\u00edda fue mucho menor que el descenso del 13,8% en el segundo trimestre.<\/p>\n<p>Dentro de los datos del PIB, una categor\u00eda que mide la fortaleza subyacente de la econom\u00eda creci\u00f3 a un ritmo anual del 3% de julio a septiembre, ligeramente superior al 2,9% en el segundo trimestre. Esta categor\u00eda incluye el gasto de los consumidores y la inversi\u00f3n privada, pero excluye elementos vol\u00e1tiles como las exportaciones, los inventarios y el gasto gubernamental.<\/p>\n<p>Las exportaciones crecieron a un ritmo del 8,8%, mientras que las importaciones, que restan al PIB, cayeron otro 4,7%.<\/p>\n<p>El informe es la primera de tres estimaciones que el gobierno har\u00e1 del crecimiento del PIB para el tercer trimestre del a\u00f1o.<\/p>\n<p>Fuera del primer trimestre, cuando la econom\u00eda se contrajo por primera vez en tres a\u00f1os mientras las empresas se apresuraban a importar bienes antes del lanzamiento de aranceles del presidente Donald Trump, la econom\u00eda ha continuado expandi\u00e9ndose a un ritmo saludable. Eso a pesar de las tasas de endeudamiento mucho m\u00e1s altas que la Fed impuso en 2022 y 2023 en su esfuerzo por frenar la inflaci\u00f3n que aument\u00f3 cuando Estados Unidos se recuper\u00f3 con una fuerza inesperada de la breve pero devastadora recesi\u00f3n por COVID-19 de 2020.<\/p>\n<p>Aunque la inflaci\u00f3n sigue por encima del objetivo del 2% de la Fed, el banco central redujo su tasa de inter\u00e9s de referencia tres veces seguidas para cerrar 2025, principalmente por preocupaci\u00f3n por un mercado laboral que ha perdido impulso constantemente desde la primavera.<\/p>\n<p>La semana pasada, el gobierno inform\u00f3 que la econom\u00eda gan\u00f3 unos 64.000 empleos en noviembre, pero perdi\u00f3 105.000 en octubre. Notablemente, la tasa de desempleo subi\u00f3 al 4,6% el mes pasado, la m\u00e1s alta desde 2021.<\/p>\n<p>El mercado laboral del pa\u00eds ha estado atrapado en un estado de \u201cni contratamos ni despedimos\u201d en que las empresas son renuentes a actuar dada la incertidumbre sobre los aranceles de Trump y los efectos persistentes de las tasas de inter\u00e9s elevadas. Desde marzo, la creaci\u00f3n de empleo ha ca\u00eddo a un promedio de 35.000 al mes, en comparaci\u00f3n con 71.000 en el a\u00f1o que termin\u00f3 en marzo. El presidente de la Fed, Jerome Powell, ha dicho que sospecha que esos n\u00fameros ser\u00e1n revisados a\u00fan m\u00e1s a la baja.<\/p>\n<p>___________________________________<\/p>\n<p>Esta historia fue traducida del ingl\u00e9s por un editor de AP con ayuda de una herramienta de inteligencia artificial generativa.<\/p>\n","protected":false},"excerpt":{"rendered":"WASHINGTON\u00a0\u2014\u00a0La econom\u00eda de Estados Unidos se expandi\u00f3 a un sorprendentemente fuerte ritmo anual del 4,3% en el tercer&hellip;\n","protected":false},"author":2,"featured_media":307825,"comment_status":"","ping_status":"","sticky":false,"template":"","format":"standard","meta":{"footnotes":""},"categories":[80],"tags":[1611,21142,82,95,94,25,24,939,72683,6362,582,1847,8803,9478,921,1239,8064,23,7816,8114],"class_list":{"0":"post-307824","1":"post","2":"type-post","3":"status-publish","4":"format-standard","5":"has-post-thumbnail","7":"category-economia","8":"tag-ano","9":"tag-anual","10":"tag-business","11":"tag-economia","12":"tag-economy","13":"tag-es","14":"tag-espana","15":"tag-fed","16":"tag-fuerte-ritmo","17":"tag-gasto","18":"tag-gobierno","19":"tag-inflacion","20":"tag-informe","21":"tag-interes","22":"tag-inversion","23":"tag-mercado","24":"tag-pib","25":"tag-spain","26":"tag-tasa","27":"tag-trimestre"},"share_on_mastodon":{"url":"https:\/\/pubeurope.com\/@es\/115784952531248970","error":""},"_links":{"self":[{"href":"https:\/\/www.europesays.com\/es\/wp-json\/wp\/v2\/posts\/307824","targetHints":{"allow":["GET"]}}],"collection":[{"href":"https:\/\/www.europesays.com\/es\/wp-json\/wp\/v2\/posts"}],"about":[{"href":"https:\/\/www.europesays.com\/es\/wp-json\/wp\/v2\/types\/post"}],"author":[{"embeddable":true,"href":"https:\/\/www.europesays.com\/es\/wp-json\/wp\/v2\/users\/2"}],"replies":[{"embeddable":true,"href":"https:\/\/www.europesays.com\/es\/wp-json\/wp\/v2\/comments?post=307824"}],"version-history":[{"count":0,"href":"https:\/\/www.europesays.com\/es\/wp-json\/wp\/v2\/posts\/307824\/revisions"}],"wp:featuredmedia":[{"embeddable":true,"href":"https:\/\/www.europesays.com\/es\/wp-json\/wp\/v2\/media\/307825"}],"wp:attachment":[{"href":"https:\/\/www.europesays.com\/es\/wp-json\/wp\/v2\/media?parent=307824"}],"wp:term":[{"taxonomy":"category","embeddable":true,"href":"https:\/\/www.europesays.com\/es\/wp-json\/wp\/v2\/categories?post=307824"},{"taxonomy":"post_tag","embeddable":true,"href":"https:\/\/www.europesays.com\/es\/wp-json\/wp\/v2\/tags?post=307824"}],"curies":[{"name":"wp","href":"https:\/\/api.w.org\/{rel}","templated":true}]}}