{"id":307826,"date":"2025-12-26T08:35:09","date_gmt":"2025-12-26T08:35:09","guid":{"rendered":"https:\/\/www.europesays.com\/es\/307826\/"},"modified":"2025-12-26T08:35:09","modified_gmt":"2025-12-26T08:35:09","slug":"la-economia-no-se-encuentra-cerca-de-una-recesion","status":"publish","type":"post","link":"https:\/\/www.europesays.com\/es\/307826\/","title":{"rendered":"La econom\u00eda no se encuentra cerca de una recesi\u00f3n"},"content":{"rendered":"<p class=\"\">El diagn\u00f3stico de una econom\u00eda \u201cestancada\u201d descansa m\u00e1s en una lectura selectiva de indicadores y en se\u00f1ales anecd\u00f3ticas que en un an\u00e1lisis macroecon\u00f3mico integral. Si bien existen retos claros \u2014particularmente en sectores expuestos al ciclo externo\u2014, la evidencia disponible no es consistente <a href=\"https:\/\/elpais.com\/mexico\/economia\/2025-12-21\/las-senales-de-una-economia-estancada-mas-alla-de-las-estadisticas-oficiales.html\" target=\"_self\" rel=\"nofollow noopener\" title=\"https:\/\/elpais.com\/mexico\/economia\/2025-12-21\/las-senales-de-una-economia-estancada-mas-alla-de-las-estadisticas-oficiales.html\">con una narrativa de estancamiento generalizado<\/a> ni de proximidad a una recesi\u00f3n.<\/p>\n<p class=\"\">En el tercer trimestre, la actividad econ\u00f3mica registr\u00f3 una contracci\u00f3n de 0,3% trimestral (cifras ajustadas por estacionalidad), explicada principalmente por ca\u00eddas en la manufactura <a href=\"https:\/\/elpais.com\/mexico\/economia\/2025-12-16\/la-cepal-estima-que-el-pib-de-mexico-crecera-un-13-en-2026.html\" target=\"_self\" rel=\"nofollow noopener\" title=\"https:\/\/elpais.com\/mexico\/economia\/2025-12-16\/la-cepal-estima-que-el-pib-de-mexico-crecera-un-13-en-2026.html\">y la construcci\u00f3n, sectores particularmente sensibles a la incertidumbre comercial<\/a> y al ciclo externo. Este desempe\u00f1o refleja una desaceleraci\u00f3n sectorial puntual, no un deterioro generalizado de la econom\u00eda.<\/p>\n<p class=\"\">No obstante, bajo una definici\u00f3n est\u00e1ndar de recesi\u00f3n, esta requiere al menos dos trimestres consecutivos de contracci\u00f3n, escenario que actualmente luce poco probable. De hecho, el cuarto trimestre inici\u00f3 con se\u00f1ales claras de fortaleza: en octubre la actividad creci\u00f3 1% mensual, uno de los mayores avances del a\u00f1o.<\/p>\n<p class=\"\">Este arranque implica que, aun en un escenario conservador en el que noviembre y diciembre no registraran crecimiento adicional, el PIB del cuarto trimestre mostrar\u00eda un avance cercano a 0,8% trimestral, <a href=\"https:\/\/elpais.com\/mexico\/economia\/2025-12-23\/la-inflacion-en-mexico-da-un-giro-insospechado-y-se-desacelera-a-372-en-la-primera-quincena-de-diciembre.html\" target=\"_self\" rel=\"nofollow noopener\" title=\"https:\/\/elpais.com\/mexico\/economia\/2025-12-23\/la-inflacion-en-mexico-da-un-giro-insospechado-y-se-desacelera-a-372-en-la-primera-quincena-de-diciembre.html\">un ritmo superior al crecimiento promedio hist\u00f3rico<\/a>, lo cual es dif\u00edcil de reconciliar con una narrativa de estancamiento inminente.<\/p>\n<p>No se observa una debilidad del consumo hacia el cierre del a\u00f1o<\/p>\n<p class=\"\">Durante el tercer trimestre, el consumo de los hogares creci\u00f3 1,1% trimestral, con cifras ajustadas por estacionalidad, manteniendo un dinamismo consistente con un mercado interno resiliente, incluso en un entorno de elevada incertidumbre externa.<\/p>\n<p class=\"\">Al inicio del cuarto trimestre, los indicadores vinculados a la demanda interna reforzaron esta se\u00f1al: en octubre, el comercio al por menor y los servicios de esparcimiento crecieron 1,8% y 3.5% mensual, respectivamente, reflejando una expansi\u00f3n amplia del gasto en bienes y servicios.<\/p>\n<p class=\"\">En noviembre, las ventas reales de la ANTAD aumentaron 2,6% anual, aceler\u00e1ndose frente al 1,3% observado en octubre. El mayor dinamismo se concentr\u00f3 en rubros t\u00edpicamente sensibles al ingreso disponible, como la venta de ropa (3,3% anual) y las tiendas especializadas (5,2%), lo que contradice la idea de una contracci\u00f3n del consumo hacia el cierre del a\u00f1o.<\/p>\n<p>Las medidas de pol\u00edtica comercial y los ajustes impositivos tienen un impacto inflacionario acotado<\/p>\n<p class=\"\">El paquete arancelario aprobado tendr\u00eda <a href=\"https:\/\/elpais.com\/mexico\/economia\/2025-10-22\/la-debilidad-de-la-industria-y-de-las-inversiones-ponen-en-duda-el-plan-mexico-para-apuntalar-la-economia.html\" target=\"_self\" rel=\"nofollow noopener\" title=\"https:\/\/elpais.com\/mexico\/economia\/2025-10-22\/la-debilidad-de-la-industria-y-de-las-inversiones-ponen-en-duda-el-plan-mexico-para-apuntalar-la-economia.html\">un efecto limitado sobre la inflaci\u00f3n<\/a>, dado que en la mayor\u00eda de las fracciones afectadas existen proveedores alternativos, lo que restringe el traslado a precios finales. Aproximadamente 85% de las importaciones de insumos involucrados proviene de pa\u00edses con los que M\u00e9xico mantiene acuerdos comerciales, reduciendo de forma significativa el riesgo de presiones inflacionarias.<\/p>\n<p class=\"\">En el caso de los bienes finales, esta proporci\u00f3n es menor, poco m\u00e1s de 50%, lo cual es consistente con el objetivo de incentivar la producci\u00f3n nacional sin generar disrupciones relevantes en las cadenas de suministro ni presiones inflacionarias generalizadas.<\/p>\n","protected":false},"excerpt":{"rendered":"El diagn\u00f3stico de una econom\u00eda \u201cestancada\u201d descansa m\u00e1s en una lectura selectiva de indicadores y en se\u00f1ales anecd\u00f3ticas&hellip;\n","protected":false},"author":2,"featured_media":307827,"comment_status":"","ping_status":"","sticky":false,"template":"","format":"standard","meta":{"footnotes":""},"categories":[42],"tags":[889,17,18,3213,95,13,14,11,1847,61,62,63,64,19,20,1804,1906,9,10,15,16,8064,71683,12,21,22,65,66,67],"class_list":{"0":"post-307826","1":"post","2":"type-post","3":"status-publish","4":"format-standard","5":"has-post-thumbnail","7":"category-internacional","8":"tag-america","9":"tag-breaking-news","10":"tag-breakingnews","11":"tag-consumo","12":"tag-economia","13":"tag-featured-news","14":"tag-featurednews","15":"tag-headlines","16":"tag-inflacion","17":"tag-internacional","18":"tag-international","19":"tag-international-news","20":"tag-internationalnews","21":"tag-latest-news","22":"tag-latestnews","23":"tag-latinoamerica","24":"tag-mexico","25":"tag-news","26":"tag-noticias","27":"tag-noticias-destacadas","28":"tag-noticiasdestacadas","29":"tag-pib","30":"tag-recesion-economica","31":"tag-titulares","32":"tag-ultimas-noticias","33":"tag-ultimasnoticias","34":"tag-world","35":"tag-world-news","36":"tag-worldnews"},"share_on_mastodon":{"url":"https:\/\/pubeurope.com\/@es\/115784956384623068","error":""},"_links":{"self":[{"href":"https:\/\/www.europesays.com\/es\/wp-json\/wp\/v2\/posts\/307826","targetHints":{"allow":["GET"]}}],"collection":[{"href":"https:\/\/www.europesays.com\/es\/wp-json\/wp\/v2\/posts"}],"about":[{"href":"https:\/\/www.europesays.com\/es\/wp-json\/wp\/v2\/types\/post"}],"author":[{"embeddable":true,"href":"https:\/\/www.europesays.com\/es\/wp-json\/wp\/v2\/users\/2"}],"replies":[{"embeddable":true,"href":"https:\/\/www.europesays.com\/es\/wp-json\/wp\/v2\/comments?post=307826"}],"version-history":[{"count":0,"href":"https:\/\/www.europesays.com\/es\/wp-json\/wp\/v2\/posts\/307826\/revisions"}],"wp:featuredmedia":[{"embeddable":true,"href":"https:\/\/www.europesays.com\/es\/wp-json\/wp\/v2\/media\/307827"}],"wp:attachment":[{"href":"https:\/\/www.europesays.com\/es\/wp-json\/wp\/v2\/media?parent=307826"}],"wp:term":[{"taxonomy":"category","embeddable":true,"href":"https:\/\/www.europesays.com\/es\/wp-json\/wp\/v2\/categories?post=307826"},{"taxonomy":"post_tag","embeddable":true,"href":"https:\/\/www.europesays.com\/es\/wp-json\/wp\/v2\/tags?post=307826"}],"curies":[{"name":"wp","href":"https:\/\/api.w.org\/{rel}","templated":true}]}}