{"id":307831,"date":"2025-12-26T08:41:09","date_gmt":"2025-12-26T08:41:09","guid":{"rendered":"https:\/\/www.europesays.com\/es\/307831\/"},"modified":"2025-12-26T08:41:09","modified_gmt":"2025-12-26T08:41:09","slug":"recta-final-para-saber-si-rahm-debera-pagar-una-multa-al-circuito-europeo","status":"publish","type":"post","link":"https:\/\/www.europesays.com\/es\/307831\/","title":{"rendered":"Recta final para saber si Rahm deber\u00e1 pagar una multa al circuito europeo"},"content":{"rendered":"<p>Sumergido en las vacaciones m\u00e1s largas de su carrera, desde que compiti\u00f3 en el Open de Espa\u00f1a a principios de octubre, Jon Rahm espera impaciente  &#8230; una resoluci\u00f3n judicial que marcar\u00e1 su futuro inmediato en el golf, dividido todav\u00eda entre los circuitos cl\u00e1sicos y la rompedora superliga saud\u00ed. El fichaje del vizca\u00edno por el LIV en diciembre de 2023 ocasion\u00f3 un se\u00edsmo en el deporte de la bolita del que todav\u00eda hay r\u00e9plicas. La principal es la multa econ\u00f3mica que le puso el Tour Europeo al ser su nueva rutina incompatible.<\/p>\n<p class=\"v-p\">El asunto se encuentra en los tribunales desde el a\u00f1o pasado, momento en el que Rahm recurri\u00f3 la multa para as\u00ed quedar el asunto en &#8216;stand by&#8217;, de tal manera que pudo seguir siendo miembro del DP World Tour y ser elegible para la Copa Ryder que Europa conquist\u00f3 en septiembre en Nueva York. Ahora la situaci\u00f3n es distinta, ya que de la decisi\u00f3n del juez depende la participaci\u00f3n del &#8216;Le\u00f3n de Barrika&#8217; en el centenario de la competici\u00f3n que medir\u00e1 al Viejo Continente con Estados Unidos en Adare Manor (Irlanda) en 2027.<\/p>\n<p>\nDos temporadas en el LIV\n<\/p>\n<p>Se calcula que la cuant\u00eda que deber\u00eda pagar el vizca\u00edno ronda los tres millones de euros<\/p>\n<p class=\"v-p\">Para poder participar en el torneo hace falta ser miembro del circuito europeo, que en sus normas proh\u00edbe la participaci\u00f3n regular en otras competiciones como es el caso del LIV. Tambi\u00e9n el golf americano le retir\u00f3 la membres\u00eda a Rahm en el momento que en febrero de 2024 debut\u00f3 en la liga saud\u00ed. Para regresar, seg\u00fan sus estatutos, deber\u00e1 pasar un a\u00f1o desde su \u00faltima actuaci\u00f3n en el LIV.<\/p>\n<p class=\"v-p\">El motivo por el que el doble ganador de &#8216;majors&#8217; lleva a los tribunales al circuito europeo es su negaci\u00f3n a pagar la multa, algo que han hecho otros miembros de la liga saud\u00ed como Sergio Garc\u00eda, que pas\u00f3 por el aro en su intento de acudir a la Ryder de Nueva York. La cantidad es incierta, pero se estipula en torno a los 100.000 euros por torneo del LIV disputado; en el caso de Rahm rondar\u00eda los tres millones. En paralelo, el CEO del LIV, Scott O&#8217;Neil, desliz\u00f3 hace unos d\u00edas que trabaja junto al circuito europeo para llegar a un acuerdo \u00abantes de que empiece la temporada\u00bb. Es decir, la primera semana de febrero, cuando la liga suba el tel\u00f3n en Riad.<\/p>\n","protected":false},"excerpt":{"rendered":"Sumergido en las vacaciones m\u00e1s largas de su carrera, desde que compiti\u00f3 en el Open de Espa\u00f1a a&hellip;\n","protected":false},"author":2,"featured_media":307832,"comment_status":"","ping_status":"","sticky":false,"template":"","format":"standard","meta":{"footnotes":""},"categories":[275],"tags":[3201,18299,168,25,24,5824,1058,329,5273,19901,330,19892,10005,23,167],"class_list":{"0":"post-307831","1":"post","2":"type-post","3":"status-publish","4":"format-standard","5":"has-post-thumbnail","7":"category-golf","8":"tag-circuito","9":"tag-debera","10":"tag-deportes","11":"tag-es","12":"tag-espana","13":"tag-europeo","14":"tag-final","15":"tag-golf","16":"tag-multa","17":"tag-pagar","18":"tag-rahm","19":"tag-recta","20":"tag-saber","21":"tag-spain","22":"tag-sports"},"share_on_mastodon":{"url":"https:\/\/pubeurope.com\/@es\/115784979803582887","error":""},"_links":{"self":[{"href":"https:\/\/www.europesays.com\/es\/wp-json\/wp\/v2\/posts\/307831","targetHints":{"allow":["GET"]}}],"collection":[{"href":"https:\/\/www.europesays.com\/es\/wp-json\/wp\/v2\/posts"}],"about":[{"href":"https:\/\/www.europesays.com\/es\/wp-json\/wp\/v2\/types\/post"}],"author":[{"embeddable":true,"href":"https:\/\/www.europesays.com\/es\/wp-json\/wp\/v2\/users\/2"}],"replies":[{"embeddable":true,"href":"https:\/\/www.europesays.com\/es\/wp-json\/wp\/v2\/comments?post=307831"}],"version-history":[{"count":0,"href":"https:\/\/www.europesays.com\/es\/wp-json\/wp\/v2\/posts\/307831\/revisions"}],"wp:featuredmedia":[{"embeddable":true,"href":"https:\/\/www.europesays.com\/es\/wp-json\/wp\/v2\/media\/307832"}],"wp:attachment":[{"href":"https:\/\/www.europesays.com\/es\/wp-json\/wp\/v2\/media?parent=307831"}],"wp:term":[{"taxonomy":"category","embeddable":true,"href":"https:\/\/www.europesays.com\/es\/wp-json\/wp\/v2\/categories?post=307831"},{"taxonomy":"post_tag","embeddable":true,"href":"https:\/\/www.europesays.com\/es\/wp-json\/wp\/v2\/tags?post=307831"}],"curies":[{"name":"wp","href":"https:\/\/api.w.org\/{rel}","templated":true}]}}