{"id":307838,"date":"2025-12-26T08:47:11","date_gmt":"2025-12-26T08:47:11","guid":{"rendered":"https:\/\/www.europesays.com\/es\/307838\/"},"modified":"2025-12-26T08:47:11","modified_gmt":"2025-12-26T08:47:11","slug":"buenafuente-avisa-de-que-los-malos-estan-ganando-le-preguntan-quien-son-los-malos-y-da-una-respuesta-inapelable","status":"publish","type":"post","link":"https:\/\/www.europesays.com\/es\/307838\/","title":{"rendered":"Buenafuente avisa de que &#8216;los malos est\u00e1n ganando&#8217; le preguntan qui\u00e9n son &#8216;los malos&#8217; y da una respuesta inapelable"},"content":{"rendered":"<p><a href=\"https:\/\/www.huffingtonpost.es\/life\/cultura\/andreu-buenafuente-silvia-abril-presentaran-campanadas-tve-f202512.html\" rel=\"nofollow noopener\" target=\"_blank\">El humorista Andreu Buenafuente,<\/a> Premio Nacional de Televisi\u00f3n y ganador de varios Premios Ondas, ha dado una respuesta inapelable cuando <a href=\"https:\/\/www.huffingtonpost.es\/virales\/james-rhodes-resume-cinco-palabras-pensando-retirada-espana-eurovision.html\" rel=\"nofollow noopener\" target=\"_blank\">el pianista James Rhodes <\/a>le ha preguntado <b>\u00abqui\u00e9nes son los malos\u00bb en el mundo actual.\u00a0<\/b><\/p>\n<p>\u00abSi est\u00e1s ap\u00e1tico ganan los malos y, cuidado, que<b> los malos est\u00e1n ganando y todav\u00eda no ha termiado el partido. <\/b>Yo tengo fe en que remontemos al final del partido\u00bb, ha se\u00f1alado Buenafuente durante una entrevista con Rhodes en el programa de la Cadena Ser En Clave de Rhodes.<\/p>\n<p>En ese momento, el m\u00fasico le ha preguntado directamente \u00abqui\u00e9nes son los malos\u00bb y Buenafuente se ha pronunciado sin pa\u00f1os calientes: \u00abCada uno tiene sus malos. <b>Para m\u00ed, los intolerantes, los neofascistas, <\/b>la gente que va contra unos derechos b\u00e1sicos adquiridos y que se han infiltrado en la democracia para destruirla desde dentro\u00bb.\u00a0<\/p>\n<p><b>\u00abM\u00e1s claro imposible\u00bb,<\/b> le ha contestado el pianista en esa entrevista, en la que Buenafuente tambi\u00e9n ha explicado la importancia que tiene, a su juicio, ayudar a quienes lo necesitan.<\/p>\n<p>\u00abSoy un privilegiado\u00bb\u00a0<\/p>\n<p>\u00abCreo que soy un privilegiado que goza de un estatus y de unos medios y de unos ingresos y una repercusi\u00f3n que no tiene la mayor\u00eda y <b>eso se me convierte en necesidad de tener que apoyar algo. <\/b>Bien pensado, bien planificado hasta cierto punto, pero tienes que comprometerte un poco socialmente\u00bb, ha reflexionado el humorista.<\/p>\n<p>\u00abNo lo hago por impostura, hay muchas teor\u00edas sobre eso tambi\u00e9n, pero intento no caer ah\u00ed. Sabes que hay turismo humanitario, a veces un ego. Yo hago muchas cosas que no trascienden y me encanta hacerlas, pero yo tengo que ayudar. Yo siempre digo que<b>, el que gana m\u00e1s, tiene que devolverlo un poco\u00bb<\/b>, ha insistido.<\/p>\n<p>\u00abIgual tienes una amiga que no puede pagar el alquiler\u00bb<\/p>\n<p>Buenafuente ha explicado en ese sentido que <b>\u00abhay muchas l\u00edneas de apoyo\u00bb<\/b>. Unas, por ejemplo, \u00abque buscan impacto\u00bb y ah\u00ed ha dicho que ahora est\u00e1 \u00abcon Open Arms a tope\u00bb.<\/p>\n<p>\u00abHay que estar por la lucha humanitaria contra Israel en Palestina, hay cosas que son de caj\u00f3n humanitario, no puedes girar la cabeza. Pero luego quiero aprovechar para decir que<b> hay una ayuda que no trasciende que tenemos.<\/b> Yo ayudo a amigos, a amigas, que pasan por alg\u00fan problema y s\u00e9 que mi ayuda, que tampoco es la bomba, puntual en un gesto, en contacto, les saca del problema\u00bb, ha admitido.<\/p>\n<p>\u00abTambi\u00e9n hago eso. <b>Creo que cerca tenemos una cotidianeidad muy necesitada tambi\u00e9n.<\/b> Cuidado con eso, que est\u00e1s fuera, pero igual tienes una amiga que no puede pagar el alquiler. No tanto dar dinero como qu\u00e9 puedo hacer por ayudarte\u00bb, ha reiterado Buenafuente.<\/p>\n","protected":false},"excerpt":{"rendered":"El humorista Andreu Buenafuente, Premio Nacional de Televisi\u00f3n y ganador de varios Premios Ondas, ha dado una respuesta&hellip;\n","protected":false},"author":2,"featured_media":307839,"comment_status":"","ping_status":"","sticky":false,"template":"","format":"standard","meta":{"footnotes":""},"categories":[174],"tags":[7994,1270,255,146,147,25,24,256,41820,3294,11928,23],"class_list":{"0":"post-307838","1":"post","2":"type-post","3":"status-publish","4":"format-standard","5":"has-post-thumbnail","7":"category-famosos","8":"tag-avisa","9":"tag-buenafuente","10":"tag-celebrities","11":"tag-entertainment","12":"tag-entretenimiento","13":"tag-es","14":"tag-espana","15":"tag-famosos","16":"tag-ganando","17":"tag-le","18":"tag-malos","19":"tag-spain"},"share_on_mastodon":{"url":"https:\/\/pubeurope.com\/@es\/115785003646862098","error":""},"_links":{"self":[{"href":"https:\/\/www.europesays.com\/es\/wp-json\/wp\/v2\/posts\/307838","targetHints":{"allow":["GET"]}}],"collection":[{"href":"https:\/\/www.europesays.com\/es\/wp-json\/wp\/v2\/posts"}],"about":[{"href":"https:\/\/www.europesays.com\/es\/wp-json\/wp\/v2\/types\/post"}],"author":[{"embeddable":true,"href":"https:\/\/www.europesays.com\/es\/wp-json\/wp\/v2\/users\/2"}],"replies":[{"embeddable":true,"href":"https:\/\/www.europesays.com\/es\/wp-json\/wp\/v2\/comments?post=307838"}],"version-history":[{"count":0,"href":"https:\/\/www.europesays.com\/es\/wp-json\/wp\/v2\/posts\/307838\/revisions"}],"wp:featuredmedia":[{"embeddable":true,"href":"https:\/\/www.europesays.com\/es\/wp-json\/wp\/v2\/media\/307839"}],"wp:attachment":[{"href":"https:\/\/www.europesays.com\/es\/wp-json\/wp\/v2\/media?parent=307838"}],"wp:term":[{"taxonomy":"category","embeddable":true,"href":"https:\/\/www.europesays.com\/es\/wp-json\/wp\/v2\/categories?post=307838"},{"taxonomy":"post_tag","embeddable":true,"href":"https:\/\/www.europesays.com\/es\/wp-json\/wp\/v2\/tags?post=307838"}],"curies":[{"name":"wp","href":"https:\/\/api.w.org\/{rel}","templated":true}]}}