{"id":307842,"date":"2025-12-26T08:50:14","date_gmt":"2025-12-26T08:50:14","guid":{"rendered":"https:\/\/www.europesays.com\/es\/307842\/"},"modified":"2025-12-26T08:50:14","modified_gmt":"2025-12-26T08:50:14","slug":"ni-en-mis-mejores-suenos-lo-habria-imaginado","status":"publish","type":"post","link":"https:\/\/www.europesays.com\/es\/307842\/","title":{"rendered":"Ni en mis mejores sue\u00f1os lo habr\u00eda imaginado"},"content":{"rendered":"<p class=\"c-paragraph\"><b><a href=\"https:\/\/www.20minutos.es\/tags\/personas\/carlos-sobera.html\" title=\"Carlos Sobera\" rel=\"nofollow noopener\" target=\"_blank\">Carlos Sobera<\/a> y todo el staff de <a href=\"https:\/\/www.20minutos.es\/tags\/instituciones-empresas\/first-dates.html\" title=\"First dates\" rel=\"nofollow noopener\" target=\"_blank\">First Dates<\/a> celebraron la Nochebuena<\/b> con un especial del programa de Cuatro recibiendo a varios comensales con sus respectivas historias de amor.<\/p>\n<p class=\"c-paragraph\">Antes del recibirles, el presentador quiso reuni\u00f3 a Lidia Santos, las gemelas Marisa y Cristina Zapata y Mat\u00edas Roure: <b>\u00abNo sab\u00e9is con qui\u00e9n me he encontrado antes de abrir el restaurante&#8230;\u00bb<\/b>, les dijo.<\/p>\n<p class=\"c-paragraph\">\u00ab<b>\u00a1Con el mism\u00edsimo Papa Noel!<\/b> Y nos ha dejado unos regalitos que tenemos que abrir. Su visita nos recuerda que la ilusi\u00f3n hay que mantenerla viva a cualquier edad\u00bb, se\u00f1al\u00f3.<\/p>\n<p class=\"c-paragraph\">Sobera a\u00f1adi\u00f3 que \u00ab<b>el amor es un poquito como la magia<\/b>, no se ve, no hay que entenderlo, solamente hay que disfrutarlo. Por eso vamos a llenar el restaurante de magia y amor\u00bb.<\/p>\n<p class=\"c-paragraph\">Una de las citas la protagoniz\u00f3 Lucio, que ya pas\u00f3 hace unos a\u00f1os por First Dates en busca del amor\u2026 y vaya si lo encontr\u00f3. Tanto, que esta Nochebuena regres\u00f3 al restaurante con un objetivo muy distinto: <b>pedir matrimonio a su pareja<\/b>.\u00a0<\/p>\n<p class=\"c-paragraph\">El comensal le confes\u00f3 al presentador que ten\u00eda grabada la fecha en el coraz\u00f3n, ya que lleva exactamente <b>\u00abdos a\u00f1os, un mes y 11 d\u00edas\u00bb junto a In\u00e9s<\/b>.<\/p>\n<p class=\"c-paragraph\">Desde el primer instante, asegur\u00f3, que <b>ella le rob\u00f3 el coraz\u00f3n<\/b> y tras su cita inicial fueron hablando, buscando huecos para verse y mantener viva la conexi\u00f3n.<\/p>\n<p class=\"c-paragraph\">A comienzos de verano, la distancia se volvi\u00f3 insostenible y Lucio decidi\u00f3 mudarse para estar con ella. Por eso, el comensal decidi\u00f3 que <b>el mejor d\u00eda para dar el paso definitivo era en Nochebuena<\/b>.<\/p>\n<p class=\"c-paragraph\">In\u00e9s entr\u00f3 por la puerta con una sonrisa enorme, preparada para disfrutar de una cena especial, <b>sin imaginar la sorpresa que le esperaba<\/b>. Para ella, Lucio es alguien \u00fanico: \u00abCari\u00f1oso, comprensi\u00f3n, detallista\u2026 hablamos de todo. Siempre est\u00e1 para apoyarme\u00bb.<\/p>\n<p class=\"c-paragraph\"><b>Sobera acompa\u00f1\u00f3 a la pareja hasta una sala m\u00e1s \u00edntima<\/b>, la terraza, mientras el presentador y las camareras se convierten en testigos privilegiados del gran momento.\u00a0<\/p>\n<p class=\"c-paragraph\">La velada avanz\u00f3 entre confidencias hasta que<b> In\u00e9s descubri\u00f3 un regalo<\/b> y pregunt\u00f3, sorprendida: \u00ab\u00bfEsto es para m\u00ed?\u00bb.\u00a0 En ese momento, Lucio hinc\u00f3 rodilla y le formul\u00f3 la pregunta que llevaba tiempo deseando hacer.<\/p>\n<p class=\"c-paragraph\"><b>\u00abIn\u00e9s, \u00bfme har\u00edas el grand\u00edsimo honor de concederme tu mano en matrimonio?\u00bb<\/b>, le pregunt\u00f3 a su pareja. Ella no lo dud\u00f3: \u00abEres el amor de mi vida. Por supuesto, cari\u00f1o\u00bb, le dijo antes de sellar el instante con un beso y un baile al ritmo de Perfect, de Ed Sheeran.<\/p>\n<p class=\"c-paragraph\">Ya m\u00e1s tranquila, In\u00e9s reconoci\u00f3 que jam\u00e1s habr\u00eda imaginado una pedida as\u00ed: <b>\u00abNi en mis mejores sue\u00f1os la habr\u00eda imaginado de este calibre\u00bb<\/b>, admiti\u00f3.<\/p>\n<p class=\"c-paragraph\">Para cerrar una noche inolvidable, mir\u00f3 a Lucio y para dedicarle unas palabras: \u00abEstas Navidades las vamos a pasar juntos y quiero pasar el resto de ellas a tu lado. <b>El a\u00f1o que viene seremos marido y mujer<\/b>\u00ab, concluy\u00f3.<\/p>\n","protected":false},"excerpt":{"rendered":"Carlos Sobera y todo el staff de First Dates celebraron la Nochebuena con un especial del programa de&hellip;\n","protected":false},"author":2,"featured_media":307843,"comment_status":"","ping_status":"","sticky":false,"template":"","format":"standard","meta":{"footnotes":""},"categories":[171],"tags":[2721,146,147,25,24,2720,72684,2078,23,214,739],"class_list":{"0":"post-307842","1":"post","2":"type-post","3":"status-publish","4":"format-standard","5":"has-post-thumbnail","7":"category-tv","8":"tag-dates","9":"tag-entertainment","10":"tag-entretenimiento","11":"tag-es","12":"tag-espana","13":"tag-first","14":"tag-lucio","15":"tag-para","16":"tag-spain","17":"tag-tv","18":"tag-vuelve"},"share_on_mastodon":{"url":"https:\/\/pubeurope.com\/@es\/115785015280527891","error":""},"_links":{"self":[{"href":"https:\/\/www.europesays.com\/es\/wp-json\/wp\/v2\/posts\/307842","targetHints":{"allow":["GET"]}}],"collection":[{"href":"https:\/\/www.europesays.com\/es\/wp-json\/wp\/v2\/posts"}],"about":[{"href":"https:\/\/www.europesays.com\/es\/wp-json\/wp\/v2\/types\/post"}],"author":[{"embeddable":true,"href":"https:\/\/www.europesays.com\/es\/wp-json\/wp\/v2\/users\/2"}],"replies":[{"embeddable":true,"href":"https:\/\/www.europesays.com\/es\/wp-json\/wp\/v2\/comments?post=307842"}],"version-history":[{"count":0,"href":"https:\/\/www.europesays.com\/es\/wp-json\/wp\/v2\/posts\/307842\/revisions"}],"wp:featuredmedia":[{"embeddable":true,"href":"https:\/\/www.europesays.com\/es\/wp-json\/wp\/v2\/media\/307843"}],"wp:attachment":[{"href":"https:\/\/www.europesays.com\/es\/wp-json\/wp\/v2\/media?parent=307842"}],"wp:term":[{"taxonomy":"category","embeddable":true,"href":"https:\/\/www.europesays.com\/es\/wp-json\/wp\/v2\/categories?post=307842"},{"taxonomy":"post_tag","embeddable":true,"href":"https:\/\/www.europesays.com\/es\/wp-json\/wp\/v2\/tags?post=307842"}],"curies":[{"name":"wp","href":"https:\/\/api.w.org\/{rel}","templated":true}]}}