{"id":307862,"date":"2025-12-26T09:00:07","date_gmt":"2025-12-26T09:00:07","guid":{"rendered":"https:\/\/www.europesays.com\/es\/307862\/"},"modified":"2025-12-26T09:00:07","modified_gmt":"2025-12-26T09:00:07","slug":"la-seguridad-social-abona-en-diciembre-104-millones-de-pensiones-a-94-millones-de-pensionistas","status":"publish","type":"post","link":"https:\/\/www.europesays.com\/es\/307862\/","title":{"rendered":"La Seguridad Social abona en diciembre 10,4 millones de pensiones a 9,4 millones de pensionistas"},"content":{"rendered":"<p>La Seguridad Social ha abonado 10.434.856 pensiones a m\u00e1s de 9,4 millones de personas en la n\u00f3mina de diciembre, que asciende a 13.750 millones de euros.<\/p>\n<p>El martes 23 de diciembre <a href=\"https:\/\/www.lamoncloa.gob.es\/consejodeministros\/resumenes\/Paginas\/2025\/231225-rueda-de-prensa-ministros.aspx\" onclick=\"javascript:GoogleTrackEvent(&#039;True&#039;,&#039;Contenido&#039;,&#039;Click&#039;,&#039;[https:\/\/www.lamoncloa.gob.es\/serviciosdeprensa\/notasprensa\/inclusion\/Paginas\/2025\/261225-pensiones-diciembre.aspx] el Consejo de Ministros aprob\u00f3 la revalorizaci\u00f3n de las pensiones. [\/consejodeministros\/resumenes\/Paginas\/2025\/231225-rueda-de-prensa-ministros.aspx]&#039;);\" rel=\"nofollow noopener\" target=\"_blank\">el Consejo de Ministros aprob\u00f3 la revalorizaci\u00f3n de las pensiones<\/a>, que ser\u00e1 efectiva el pr\u00f3ximo 1 de enero. La subida es en 2026 del 2,7%, con car\u00e1cter general, de acuerdo con el IPC medio entre diciembre de 2024 y noviembre de 2025, en aplicaci\u00f3n de la Ley de garant\u00eda del poder adquisitivo de las pensiones aprobada en 2021.<\/p>\n<p>En el caso de las pensiones m\u00ednimas, la subida ser\u00e1 del 7% en 2026, un porcentaje que ser\u00e1 mayor para pensiones con c\u00f3nyuge a cargo y de viudedad con cargas familiares, que aumentar\u00e1n un 11,4%, el mismo porcentaje que se aplicar\u00e1 a las pensiones no contributivas.<\/p>\n<p>Esta medida se aplicar\u00e1 a los m\u00e1s de 6,6 millones de pensiones de jubilaci\u00f3n y a los 2,3 millones de pensiones de viudedad del Sistema de la Seguridad Social, adem\u00e1s de a las pensiones de incapacidad permanente (1.054.935), orfandad (337.183) y en favor de familiares (46.784).<\/p>\n<p>La revalorizaci\u00f3n tambi\u00e9n se aplicar\u00e1 a las 735.663 pensiones de Clases Pasivas, de los funcionarios p\u00fablicos del R\u00e9gimen de Clases Pasivas del Estado.<\/p>\n<p>En cuanto al n\u00famero de pensionistas contributivos, en diciembre ascendi\u00f3 a 9,4 millones, que ver\u00e1n revalorizadas sus pensiones. De ellos, casi 4,8 millones son hombres y cerca de 4,7 millones, mujeres.<\/p>\n<p>La revalorizaci\u00f3n supondr\u00e1, aproximadamente, 570 euros adicionales al a\u00f1o para las personas con una pensi\u00f3n media de jubilaci\u00f3n, mientras que las pensiones medias del sistema aumentar\u00e1n en torno a 500 euros anuales. De esta forma, se garantiza el mantenimiento de su poder adquisitivo.<\/p>\n<p>Pensiones medias<\/p>\n<p>La pensi\u00f3n media del sistema de la Seguridad Social es de 1.317,7 euros este mes, un 4,4% m\u00e1s que en el mismo mes del a\u00f1o anterior. Esta media incluye la cuant\u00eda de las distintas clases de pensi\u00f3n (jubilaci\u00f3n, incapacidad permanente, viudedad, orfandad y en favor de familiares). La pensi\u00f3n media de jubilaci\u00f3n, que perciben m\u00e1s de dos tercios del total de pensionistas (6,6 millones de personas), se sit\u00faa en 1.512,7 euros mensuales.<\/p>\n<p>Por reg\u00edmenes, el importe de la pensi\u00f3n media de jubilaci\u00f3n procedente del R\u00e9gimen General es de 1.670,9 euros mensuales, mientras que en el R\u00e9gimen Especial de Trabajadores Aut\u00f3nomos es de 1.013,4 euros. En la Miner\u00eda del Carb\u00f3n, la cuant\u00eda de la pensi\u00f3n media es de 2.913 euros, y de 1.675,3 euros en el R\u00e9gimen del Mar. La cuant\u00eda mensual de las nuevas altas de jubilaci\u00f3n en el sistema ascendi\u00f3 en noviembre a 1.594,1 euros de media, seg\u00fan los \u00faltimos datos disponibles.<\/p>\n<p>En cuanto a la pensi\u00f3n media de viudedad, en diciembre alcanz\u00f3 los 937,6 euros al mes.<\/p>\n<p>N\u00f3mina y pensiones por clase<\/p>\n<p>La n\u00f3mina mensual de pensiones contributivas de la Seguridad Social alcanz\u00f3 los 13.750,1 millones de euros. Tres cuartas partes de la n\u00f3mina de pensiones contributivas corresponden a pensiones de jubilaci\u00f3n, como es habitual. En concreto, estas pensiones suponen el 73,1% de la n\u00f3mina, 10.054,1 millones de euros. A pensiones de viudedad se han destinado 2.203 millones de euros, mientras que la n\u00f3mina de las prestaciones por incapacidad permanente asciende a 1.278,7 millones; la de orfandad, a 177,7 millones de euros y la de las prestaciones en favor de familiares, a 36,7 millones.<\/p>\n<p>Crecen las jubilaciones demoradas y bajan las anticipadas<\/p>\n<p>Los datos de 2025 contin\u00faan mostrando un cambio de tendencia en el momento de solicitar la pensi\u00f3n de jubilaci\u00f3n, pues crecen las jubilaciones demoradas y bajan las anticipadas.<\/p>\n<p>Entre enero y noviembre de 2025, \u00faltimo dato disponible, se han registrado 342.665 nuevas altas en pensiones de jubilaci\u00f3n. Del an\u00e1lisis de los datos, se desprende que la cifra de jubilaciones anticipadas se ha reducido considerablemente y se sit\u00faa por debajo del 30% del total (26,9%), dos puntos porcentuales menos que en 2024. Son 92.069 jubilaciones anticipadas, lo que supone un descenso del 13,1% de respecto a 2019, cuando se anticipaba el 40% de las nuevas jubilaciones. El 73,1% de los nuevos jubilados accedieron con edad ordinaria (250.554).<\/p>\n<p>En este mismo per\u00edodo, el 11,1% de las altas correspondieron a la modalidad de jubilaci\u00f3n demorada, frente al 4,8% que supon\u00edan en 2019. Son 37.920 altas de este tipo, mientras que en 2019 apenas llegaban a 14.000. Como resultado del retraso voluntario del momento de retiro y del menor adelanto, la edad media de acceso a la jubilaci\u00f3n se sit\u00faa en 65,3 a\u00f1os, cuando en 2019 era de 64,4. Hay que recordar que en 2022 entraron en vigor nuevos incentivos para la demora en el acceso a la jubilaci\u00f3n y se reconfigur\u00f3 el marco legal para la jubilaci\u00f3n anticipada.<\/p>\n<p>La media de tiempo de resoluci\u00f3n de los expedientes en noviembre (\u00faltimo dato disponible) fue de 8,8 d\u00edas en el caso de la pensi\u00f3n de jubilaci\u00f3n y de 10,8 d\u00edas en el caso de las pensiones de viudedad. El plazo m\u00e1ximo de resoluci\u00f3n en estos procedimientos, seg\u00fan el RD 286\/2003, de 7 de marzo, y el RD 1192\/2021, de 3 de agosto, es de 90 d\u00edas, tanto en las prestaciones de jubilaci\u00f3n como en las de viudedad.<\/p>\n<p>Con complemento para la reducci\u00f3n de la brecha de g\u00e9nero<\/p>\n<p>En diciembre, 1.286.354 pensiones cuentan con el complemento para la reducci\u00f3n de la brecha de g\u00e9nero, de las que en un 80% de sus titulares son mujeres (1.029.389). El importe medio mensual de este complemento en la pensi\u00f3n es de 75,05 euros, que se revalorizar\u00e1 un 2,7% sobre la cuant\u00eda reconocida en 2025. Del total de pensiones complementadas, el 24,4% corresponde a pensionistas con un hijo (313.384); el 48,9% a beneficiarios con dos hijos (628.923); cerca de un 18% lo perciben con tres hijos (230.902), y por cuatro hijos, el 8,8% (113.144).<\/p>\n<p>Este complemento, vigente desde febrero de 2021, consiste en una cuant\u00eda fija de 33,20 euros al mes por hijo, tras la revalorizaci\u00f3n aplicada en 2024. La solicitud debe realizarse en el momento en el que se solicita la pensi\u00f3n.<\/p>\n<p>Clases Pasivas<\/p>\n<p>Por otra parte, la n\u00f3mina mensual de pensiones de Clases Pasivas ascendi\u00f3 a 1.715,7 millones de euros en el mes de noviembre (\u00faltimo dato disponible). Esta cifra supone un aumento de 103,1 millones de euros respecto a la del a\u00f1o anterior, un 6,4% m\u00e1s.<\/p>\n<p>El n\u00famero de pensiones en vigor fue de 735.663, que son 14.388 pensiones m\u00e1s que en el mismo mes del a\u00f1o anterior (1,9% de variaci\u00f3n anual).<\/p>\n<p>El R\u00e9gimen de Clases Pasivas del Estado incluye fundamentalmente al personal militar y al personal civil de la Administraci\u00f3n General del Estado, de la Administraci\u00f3n de Justicia, de las Cortes Generales y de otros \u00f3rganos constitucionales o estatales, as\u00ed como a funcionarios transferidos a las comunidades aut\u00f3nomas.<\/p>\n<p>La <a href=\"http:\/\/run.gob.es\/estadiss\" onclick=\"javascript:GoogleTrackEvent(&#039;True&#039;,&#039;Contenido&#039;,&#039;Click&#039;,&#039;[https:\/\/www.lamoncloa.gob.es\/serviciosdeprensa\/notasprensa\/inclusion\/Paginas\/2025\/261225-pensiones-diciembre.aspx] aplicaci\u00f3n eSTADISS. [http:\/\/run.gob.es\/estadiss]&#039;);\" rel=\"nofollow noopener\" target=\"_blank\">aplicaci\u00f3n eSTADISS<\/a> permite obtener informaci\u00f3n estad\u00edstica en materia de pensiones de la Seguridad Social, con selecci\u00f3n de los par\u00e1metros que resulten de inter\u00e9s y posibilidad de exportar los resultados en distintos formatos. Para m\u00e1s informaci\u00f3n estad\u00edstica de las pensiones de Clases Pasivas est\u00e1 disponible el <a href=\"https:\/\/www.portalclasespasivas.gob.es\/\" onclick=\"javascript:GoogleTrackEvent(&#039;True&#039;,&#039;Contenido&#039;,&#039;Click&#039;,&#039;[https:\/\/www.lamoncloa.gob.es\/serviciosdeprensa\/notasprensa\/inclusion\/Paginas\/2025\/261225-pensiones-diciembre.aspx] Portal de Clases Pasivas. [https:\/\/www.portalclasespasivas.gob.es\/]&#039;);\" rel=\"nofollow noopener\" target=\"_blank\">Portal de Clases Pasivas<\/a>.<\/p>\n","protected":false},"excerpt":{"rendered":"La Seguridad Social ha abonado 10.434.856 pensiones a m\u00e1s de 9,4 millones de personas en la n\u00f3mina de&hellip;\n","protected":false},"author":2,"featured_media":307863,"comment_status":"","ping_status":"","sticky":false,"template":"","format":"standard","meta":{"footnotes":""},"categories":[5],"tags":[517,17,18,25,24,13,14,11,17322,19,20,9,10,15,16,2330,29767,23,12,21,22],"class_list":{"0":"post-307862","1":"post","2":"type-post","3":"status-publish","4":"format-standard","5":"has-post-thumbnail","7":"category-titulares","8":"tag-actualidad","9":"tag-breaking-news","10":"tag-breakingnews","11":"tag-es","12":"tag-espana","13":"tag-featured-news","14":"tag-featurednews","15":"tag-headlines","16":"tag-inclusion","17":"tag-latest-news","18":"tag-latestnews","19":"tag-news","20":"tag-noticias","21":"tag-noticias-destacadas","22":"tag-noticiasdestacadas","23":"tag-prensa","24":"tag-seguridad-social-y-migraciones","25":"tag-spain","26":"tag-titulares","27":"tag-ultimas-noticias","28":"tag-ultimasnoticias"},"share_on_mastodon":{"url":"https:\/\/pubeurope.com\/@es\/115785054484612481","error":""},"_links":{"self":[{"href":"https:\/\/www.europesays.com\/es\/wp-json\/wp\/v2\/posts\/307862","targetHints":{"allow":["GET"]}}],"collection":[{"href":"https:\/\/www.europesays.com\/es\/wp-json\/wp\/v2\/posts"}],"about":[{"href":"https:\/\/www.europesays.com\/es\/wp-json\/wp\/v2\/types\/post"}],"author":[{"embeddable":true,"href":"https:\/\/www.europesays.com\/es\/wp-json\/wp\/v2\/users\/2"}],"replies":[{"embeddable":true,"href":"https:\/\/www.europesays.com\/es\/wp-json\/wp\/v2\/comments?post=307862"}],"version-history":[{"count":0,"href":"https:\/\/www.europesays.com\/es\/wp-json\/wp\/v2\/posts\/307862\/revisions"}],"wp:featuredmedia":[{"embeddable":true,"href":"https:\/\/www.europesays.com\/es\/wp-json\/wp\/v2\/media\/307863"}],"wp:attachment":[{"href":"https:\/\/www.europesays.com\/es\/wp-json\/wp\/v2\/media?parent=307862"}],"wp:term":[{"taxonomy":"category","embeddable":true,"href":"https:\/\/www.europesays.com\/es\/wp-json\/wp\/v2\/categories?post=307862"},{"taxonomy":"post_tag","embeddable":true,"href":"https:\/\/www.europesays.com\/es\/wp-json\/wp\/v2\/tags?post=307862"}],"curies":[{"name":"wp","href":"https:\/\/api.w.org\/{rel}","templated":true}]}}