{"id":307894,"date":"2025-12-26T09:22:09","date_gmt":"2025-12-26T09:22:09","guid":{"rendered":"https:\/\/www.europesays.com\/es\/307894\/"},"modified":"2025-12-26T09:22:09","modified_gmt":"2025-12-26T09:22:09","slug":"la-oferta-de-empleo-publico-2025-incluye-45-plazas-de-acceso-libre-y-promocion-interna","status":"publish","type":"post","link":"https:\/\/www.europesays.com\/es\/307894\/","title":{"rendered":"La Oferta de Empleo P\u00fablico 2025 incluye 45 plazas de acceso libre y promoci\u00f3n interna"},"content":{"rendered":"<p>El Bolet\u00edn Oficial de la Provincia ha publicado la Oferta de Empleo P\u00fablico 2025 del Ayuntamiento de Puertollano, que incluye 28 plazas de funcionario de acceso libre y 17 de promoci\u00f3n interna, una vez estudiadas las necesidades de personal, as\u00ed como las vacantes existentes dentro de la plantilla de funcionarios del consistorio.<\/p>\n<p><strong>Acceso libre<\/strong><\/p>\n<p>La Oferta del 2025 cuenta con cinco plazas (dos de t\u00e9cnico de administraci\u00f3n general, una de t\u00e9cnico de gesti\u00f3n, una de auxiliar administrativo y una ordenanza.<\/p>\n<p>De la Escala de administraci\u00f3n especial se incluyen un total de veintitr\u00e9s plazas (nueve de polic\u00eda, cuatro de oficiales de alba\u00f1iler\u00eda una de ingeniero industrial, una de t\u00e9cnico superior, una de ingeniero t\u00e9cnico industrial, una de t\u00e9cnico superior del \u00e1rea de la mujer, dos de educadores sociales, una de encargado de obras, una de encargado general, una de dinamizador, y una de ayudante, para personas con discapacidad intelectual).<\/p>\n<p><strong>Promoci\u00f3n interna<\/strong><\/p>\n<p>Adem\u00e1s en la Oferta de Empleo aparecen diecisiete plazas de promoci\u00f3n interna, tres vacantes de t\u00e9cnico de gesti\u00f3n de escala de administraci\u00f3n general. Adem\u00e1s de la escala de administraci\u00f3n especial se convocar\u00e1n dos plazas de oficial de Polic\u00eda, dos de oficial de Jardines, dos de oficial de sonido e iluminaci\u00f3n, una de t\u00e9cnico de deportes, una de t\u00e9cnico de archivo, una de t\u00e9cnico de biblioteca, una de inspector de Polic\u00eda, una de subinspector, una de encargado de parque m\u00f3vil, una de oficial conductor de jardines y una de oficial mec\u00e1nico. <\/p>\n<p><strong>Oferta P\u00fablica de Empleo 2025<\/strong><\/p>\n","protected":false},"excerpt":{"rendered":"El Bolet\u00edn Oficial de la Provincia ha publicado la Oferta de Empleo P\u00fablico 2025 del Ayuntamiento de Puertollano,&hellip;\n","protected":false},"author":2,"featured_media":307895,"comment_status":"","ping_status":"","sticky":false,"template":"","format":"standard","meta":{"footnotes":""},"categories":[8],"tags":[17,18,25,24,13,14,11,19,20,9,10,15,16,23,12,21,22],"class_list":{"0":"post-307894","1":"post","2":"type-post","3":"status-publish","4":"format-standard","5":"has-post-thumbnail","7":"category-espana","8":"tag-breaking-news","9":"tag-breakingnews","10":"tag-es","11":"tag-espana","12":"tag-featured-news","13":"tag-featurednews","14":"tag-headlines","15":"tag-latest-news","16":"tag-latestnews","17":"tag-news","18":"tag-noticias","19":"tag-noticias-destacadas","20":"tag-noticiasdestacadas","21":"tag-spain","22":"tag-titulares","23":"tag-ultimas-noticias","24":"tag-ultimasnoticias"},"share_on_mastodon":{"url":"https:\/\/pubeurope.com\/@es\/115785141247938409","error":""},"_links":{"self":[{"href":"https:\/\/www.europesays.com\/es\/wp-json\/wp\/v2\/posts\/307894","targetHints":{"allow":["GET"]}}],"collection":[{"href":"https:\/\/www.europesays.com\/es\/wp-json\/wp\/v2\/posts"}],"about":[{"href":"https:\/\/www.europesays.com\/es\/wp-json\/wp\/v2\/types\/post"}],"author":[{"embeddable":true,"href":"https:\/\/www.europesays.com\/es\/wp-json\/wp\/v2\/users\/2"}],"replies":[{"embeddable":true,"href":"https:\/\/www.europesays.com\/es\/wp-json\/wp\/v2\/comments?post=307894"}],"version-history":[{"count":0,"href":"https:\/\/www.europesays.com\/es\/wp-json\/wp\/v2\/posts\/307894\/revisions"}],"wp:featuredmedia":[{"embeddable":true,"href":"https:\/\/www.europesays.com\/es\/wp-json\/wp\/v2\/media\/307895"}],"wp:attachment":[{"href":"https:\/\/www.europesays.com\/es\/wp-json\/wp\/v2\/media?parent=307894"}],"wp:term":[{"taxonomy":"category","embeddable":true,"href":"https:\/\/www.europesays.com\/es\/wp-json\/wp\/v2\/categories?post=307894"},{"taxonomy":"post_tag","embeddable":true,"href":"https:\/\/www.europesays.com\/es\/wp-json\/wp\/v2\/tags?post=307894"}],"curies":[{"name":"wp","href":"https:\/\/api.w.org\/{rel}","templated":true}]}}