{"id":307896,"date":"2025-12-26T09:23:10","date_gmt":"2025-12-26T09:23:10","guid":{"rendered":"https:\/\/www.europesays.com\/es\/307896\/"},"modified":"2025-12-26T09:23:10","modified_gmt":"2025-12-26T09:23:10","slug":"segunda-prueba-piloto-del-panot-del-siglo-xxi-en-un-tramo-de-la-gran-via-de-les-corts-catalanes-distrito-de-leixample","status":"publish","type":"post","link":"https:\/\/www.europesays.com\/es\/307896\/","title":{"rendered":"Segunda prueba piloto del \u2018panot\u2019 del siglo XXI en un tramo de la Gran Via de les Corts Catalanes | Distrito de l&#8217;Eixample"},"content":{"rendered":"<p>Esta segunda prueba da continuidad a la primera, hecha en el Poblenou en el mes de marzo. Tambi\u00e9n incorpora <strong>un t\u00f3tem interactivo<\/strong> para informar a tiempo real del n\u00famero de peatones que pisan la loseta.<\/p>\n<p>Si los resultados de esta prueba piloto son satisfactorios, las nuevas losetas se podr\u00e1n <strong>incorporar progresivamente a los futuros contratos de obra p\u00fablica<\/strong> para sustituir de manera gradual las losetas convencionales. Con esta transici\u00f3n, Barcelona impulsa y refuerza el compromiso del sector de la construcci\u00f3n por la descarbonizaci\u00f3n y la circularidad.<\/p>\n<p>Los <strong>tres nuevos modelos de loseta<\/strong> son las soluciones ganadoras del reto lanzado por el Ayuntamiento de Barcelona, a trav\u00e9s de la <strong>Fundaci\u00f3n BIT Habitat<\/strong>, para codise\u00f1ar <a href=\"https:\/\/bithabitat.barcelona\/projectes\/el-panot-del-segle-xxi\/\" target=\"_blank\" rel=\"noopener nofollow\">el panot del siglo XXI<\/a>, en el a\u00f1o 2022. Se buscaba mantener el dise\u00f1o actual, pero incorporando soluciones basadas en la econom\u00eda circular y la disminuci\u00f3n de la huella de carbono.<\/p>\n<p>M\u00e1s informaci\u00f3n en este <a href=\"https:\/\/www.youtube.com\/watch?v=RhYYiL7b8Eo\" target=\"_blank\" rel=\"noopener nofollow\">v\u00eddeo<\/a>.<\/p>\n","protected":false},"excerpt":{"rendered":"Esta segunda prueba da continuidad a la primera, hecha en el Poblenou en el mes de marzo. Tambi\u00e9n&hellip;\n","protected":false},"author":2,"featured_media":307897,"comment_status":"","ping_status":"","sticky":false,"template":"","format":"standard","meta":{"footnotes":""},"categories":[5],"tags":[17,18,25,24,13,14,11,19,20,9,10,15,16,23,12,21,22],"class_list":{"0":"post-307896","1":"post","2":"type-post","3":"status-publish","4":"format-standard","5":"has-post-thumbnail","7":"category-titulares","8":"tag-breaking-news","9":"tag-breakingnews","10":"tag-es","11":"tag-espana","12":"tag-featured-news","13":"tag-featurednews","14":"tag-headlines","15":"tag-latest-news","16":"tag-latestnews","17":"tag-news","18":"tag-noticias","19":"tag-noticias-destacadas","20":"tag-noticiasdestacadas","21":"tag-spain","22":"tag-titulares","23":"tag-ultimas-noticias","24":"tag-ultimasnoticias"},"share_on_mastodon":{"url":"https:\/\/pubeurope.com\/@es\/115785144988317080","error":""},"_links":{"self":[{"href":"https:\/\/www.europesays.com\/es\/wp-json\/wp\/v2\/posts\/307896","targetHints":{"allow":["GET"]}}],"collection":[{"href":"https:\/\/www.europesays.com\/es\/wp-json\/wp\/v2\/posts"}],"about":[{"href":"https:\/\/www.europesays.com\/es\/wp-json\/wp\/v2\/types\/post"}],"author":[{"embeddable":true,"href":"https:\/\/www.europesays.com\/es\/wp-json\/wp\/v2\/users\/2"}],"replies":[{"embeddable":true,"href":"https:\/\/www.europesays.com\/es\/wp-json\/wp\/v2\/comments?post=307896"}],"version-history":[{"count":0,"href":"https:\/\/www.europesays.com\/es\/wp-json\/wp\/v2\/posts\/307896\/revisions"}],"wp:featuredmedia":[{"embeddable":true,"href":"https:\/\/www.europesays.com\/es\/wp-json\/wp\/v2\/media\/307897"}],"wp:attachment":[{"href":"https:\/\/www.europesays.com\/es\/wp-json\/wp\/v2\/media?parent=307896"}],"wp:term":[{"taxonomy":"category","embeddable":true,"href":"https:\/\/www.europesays.com\/es\/wp-json\/wp\/v2\/categories?post=307896"},{"taxonomy":"post_tag","embeddable":true,"href":"https:\/\/www.europesays.com\/es\/wp-json\/wp\/v2\/tags?post=307896"}],"curies":[{"name":"wp","href":"https:\/\/api.w.org\/{rel}","templated":true}]}}