{"id":307910,"date":"2025-12-26T09:37:12","date_gmt":"2025-12-26T09:37:12","guid":{"rendered":"https:\/\/www.europesays.com\/es\/307910\/"},"modified":"2025-12-26T09:37:12","modified_gmt":"2025-12-26T09:37:12","slug":"discos-de-2026-el-regreso-de-bts-madonna-o-charli-xcx-y-las-incognitas-de-beyonce-o-springsteen-heraldo-es","status":"publish","type":"post","link":"https:\/\/www.europesays.com\/es\/307910\/","title":{"rendered":"Discos de 2026: el regreso de BTS, Madonna o Charli XCX y las inc\u00f3gnitas de Beyonc\u00e9 o Springsteen &#8211; heraldo.es"},"content":{"rendered":"<ol>\n<li><a href=\"https:\/\/news.google.com\/rss\/articles\/CBMi-gFBVV95cUxPODA4azg5Q1BMbjJoaHAtMlJKdlFmQlREdXVjSk5TOHJmNWUxaTNWVU9JZ3F6Z1c5b0pvYXZMTlN3WlROdnBrc1ZaUGJaSVhNeWJ6ZFY1dHBBc3A3dE9PRjNVUGVmRlRqU2RqOHJtWnhlQzVvcjNvMUQzSmNoQ3BFSGZMc3MyZXl2OG1Lak1Ua1FZWVpEVEJuSmVJUm53YWM2bWMtRklKbFExSGpoTHo1cml6ZmNpdnZONUI1VGR3N1ZOeUtOMmVBM05FQjR6aVRNWk9JODNoeDVtSENTVURJWmU4NkhDWW4ydXNES2tDRVFDRWFzTnRTa1Jn0gH_AUFVX3lxTE9OYlF5ZXB2U1ByZTN4ZUpoX0V6YmthTV9TbkFtX2MwSWZIQk44YnByMzlOOU5NQXZpU2t3c0Zic1FkcjczekJhWkhORWhocWp0S1BDczJTaHMxY1d4Z1QtWU04Q1RzalpXZnN0UTZERzFKMmNCMDVVeExyUmlER2FNQ0twSWo3TDhkSGRLQjk0bXdmc3RaMHhXVksybTlaa2VxeFN0cTZMNE1hMnpzaTBGUnB4Vm1BUm84eWtxR1lKSXRSdlBBYjM3M1BlQTdObmFGQ0xRR0xsSkVYdDVsdmdyODF4UXBjaFRqQWJkUGVBZklXd1FJcjhoQjJPLTVEaw?oc=5\" target=\"_blank\" rel=\"nofollow noopener\">Discos de 2026: el regreso de BTS, Madonna o Charli XCX y las inc\u00f3gnitas de Beyonc\u00e9 o Springsteen<\/a>&nbsp;&nbsp;heraldo.es<\/li>\n<li><a href=\"https:\/\/news.google.com\/rss\/articles\/CBMi2AFBVV95cUxOT1FqM2pocHgxdnp0SzVaNldyQVRWdGNUYkFhWHQzYkpHQ0kwQzlXVkhfOWxTX1RtVU54UjR1NUo3ZGFFODVOWTdKN0ZoU2ZWcTFtWjI3dFRRYjc1TjlzRW5IRHZfWEduMnN2c2k5eW1waFpkdkd3b1paS3JrdTJFNWNkNGczT28yX1pDNGxXM3d3Z2pCRzZjWlFsQ0F2T0EzZ1lOVGl2Ym4tYkZFWW9KaWNIUV9hS05YcTJ0TkIzTVZMQ0FGYjZJR00tbXFvamVfUW1ldUpjVFrSAewBQVVfeXFMTkg0cDBjQ0c0b29sb01GdzRuQzNHZTBBdnRnV2pWZE1vZVdfR2FiQXhPLTV0X3d6RndrdUl1TkFvZkNsMTNwcVVvRy1pMVpqZ1hVMUt4U2tNcXUzWllWR0tfb3V4bWF0OHllYkVkdDZOS0dfVTdUZkVPcW1oMktrVS1vVDFkNWlaVXNvWWEyYndNNVdSYldQeGk2NnNDZ29Qb2tXVDI5TUZ1Ym8yWU5pNExINlZ0cEJ3Z0tOdHU2UXZnTWtZdWptY01PZUdOTDhMd1pRaTBjV0FwcDdnQ1lCVC1XTjNZVWowQUNGTkw?oc=5\" target=\"_blank\" rel=\"nofollow noopener\">Beyonc\u00e9 es la gran inc\u00f3gnita de un 2026 con nuevos discos de Madonna, Bad Gyal y Bisbal<\/a>&nbsp;&nbsp;La Raz\u00f3n<\/li>\n<li><a href=\"https:\/\/news.google.com\/rss\/articles\/CBMinAFBVV95cUxPbkJLSHptaVVhbEZsbWUyMkpmSFktMmM1YlhraHJRTURsSmZzbzVpaXRYRHl4QjNCbkJ1R3ZkUTYwaHMwZl9COF9Rdmc0MVZxaDZCRFVqalNSMDhuRnltNkxrbWRmbTBOSUZYU08xdlY5THNnVmpnOUw4Rno3eTdBM0JqYm50cXlDUEdYeGpSdFFYUjdhNmlodmI0cHXSAaIBQVVfeXFMTi1uUWFzYUc1N19HSXQ0UFJrcU1IZjRxaER2aHBWM01FY3l2THotZ2JlTVFvSlJRV25mM2lvYUhJQkhpX0VpYld3LTMwSnpmN0ZaT1BZbnM4aE5vRGpjRXhoUTF6QnVvUUJfckxla0xGdUxwZjc3WDVCbktCMHB4RGxXdURaVlgydk9Lakxmd3ZZaDIwaDliQ3VtQ2Q2OVVjd2hn?oc=5\" target=\"_blank\" rel=\"nofollow noopener\">2026: El A\u00f1o de regresos hist\u00f3ricos y la renovaci\u00f3n del Pop<\/a>&nbsp;&nbsp;Diario de M\u00e9xico<\/li>\n<li><a href=\"https:\/\/news.google.com\/rss\/articles\/CBMiaEFVX3lxTE9rSW96Q2NxM0xOaVZPZmpqeW9RUng2MlotVUpmX0pUZUJOT3ljQ2YzbDYyVF9jcWd1VzZWMXpyNDQ4V0FRc2Eya01FRG1MN19EZEFKVndVclVDU2ZtQmo1QkJ0NVVOUXNP0gFuQVVfeXFMTkVhU2ctX3gyM19BRVM1dWhzaTlGMmdIQ1RCQXF3djFEakVwOVNxVjFoQWJGNy1vRERzTm1TZUNvRnlJZm5oQ0hudEJDSjlpNkZBZ3Rvc0xsTmJMWGxrVG9KeFhDbVFyVUtpRktNR1E?oc=5\" target=\"_blank\" rel=\"nofollow noopener\">Los 15 discos m\u00e1s esperados del 2026 (al momento)<\/a>&nbsp;&nbsp;Sopitas.com<\/li>\n<li><a href=\"https:\/\/news.google.com\/rss\/articles\/CBMimwFBVV95cUxNVzQ4R0gycnFNb2ItUXdxb3dCdGlqMTJKdDBPWWtkd2lTT09RUnNmSUtzU21BSWRPZVh6b0pRUVVVOXhxRFlGVjhuOGF3c1pubE51bFBmM3dWd3FtcjVBaUxKZlZHQTFjR2Q4WGplVVNBR2VRTk4wMlcwdWpnblJDei05Q1Z5Y0VDcHpmaVZMb24zRnpWZ0ZlS3lnbw?oc=5\" target=\"_blank\" rel=\"nofollow noopener\">2026 promete: Madonna, Beyonc\u00e9 y m\u00e1s grandes regresos musicales<\/a>&nbsp;&nbsp;KISS FM<\/li>\n<\/ol>\n","protected":false},"excerpt":{"rendered":"Discos de 2026: el regreso de BTS, Madonna o Charli XCX y las inc\u00f3gnitas de Beyonc\u00e9 o Springsteen&nbsp;&nbsp;heraldo.es&hellip;\n","protected":false},"author":2,"featured_media":297172,"comment_status":"","ping_status":"","sticky":false,"template":"","format":"standard","meta":{"footnotes":""},"categories":[170],"tags":[146,147,25,24,184,185,23],"class_list":{"0":"post-307910","1":"post","2":"type-post","3":"status-publish","4":"format-standard","5":"has-post-thumbnail","7":"category-musica","8":"tag-entertainment","9":"tag-entretenimiento","10":"tag-es","11":"tag-espana","12":"tag-music","13":"tag-musica","14":"tag-spain"},"share_on_mastodon":{"url":"https:\/\/pubeurope.com\/@es\/115785200121304855","error":""},"_links":{"self":[{"href":"https:\/\/www.europesays.com\/es\/wp-json\/wp\/v2\/posts\/307910","targetHints":{"allow":["GET"]}}],"collection":[{"href":"https:\/\/www.europesays.com\/es\/wp-json\/wp\/v2\/posts"}],"about":[{"href":"https:\/\/www.europesays.com\/es\/wp-json\/wp\/v2\/types\/post"}],"author":[{"embeddable":true,"href":"https:\/\/www.europesays.com\/es\/wp-json\/wp\/v2\/users\/2"}],"replies":[{"embeddable":true,"href":"https:\/\/www.europesays.com\/es\/wp-json\/wp\/v2\/comments?post=307910"}],"version-history":[{"count":0,"href":"https:\/\/www.europesays.com\/es\/wp-json\/wp\/v2\/posts\/307910\/revisions"}],"wp:featuredmedia":[{"embeddable":true,"href":"https:\/\/www.europesays.com\/es\/wp-json\/wp\/v2\/media\/297172"}],"wp:attachment":[{"href":"https:\/\/www.europesays.com\/es\/wp-json\/wp\/v2\/media?parent=307910"}],"wp:term":[{"taxonomy":"category","embeddable":true,"href":"https:\/\/www.europesays.com\/es\/wp-json\/wp\/v2\/categories?post=307910"},{"taxonomy":"post_tag","embeddable":true,"href":"https:\/\/www.europesays.com\/es\/wp-json\/wp\/v2\/tags?post=307910"}],"curies":[{"name":"wp","href":"https:\/\/api.w.org\/{rel}","templated":true}]}}