{"id":307923,"date":"2025-12-26T09:44:10","date_gmt":"2025-12-26T09:44:10","guid":{"rendered":"https:\/\/www.europesays.com\/es\/307923\/"},"modified":"2025-12-26T09:44:10","modified_gmt":"2025-12-26T09:44:10","slug":"del-burnout-a-la-falta-de-personal","status":"publish","type":"post","link":"https:\/\/www.europesays.com\/es\/307923\/","title":{"rendered":"del burnout a la falta de personal"},"content":{"rendered":"<p>            <a href=\"https:\/\/www.europesays.com\/es\/wp-content\/uploads\/2025\/12\/agresiones-medicos.jpg\" data-caption=\"\"><img loading=\"lazy\" decoding=\"async\" width=\"612\" height=\"408\" class=\"entry-thumb td-modal-image\" src=\"https:\/\/www.europesays.com\/es\/wp-content\/uploads\/2025\/12\/agresiones-medicos.jpg\"   alt=\"\" title=\"agresiones medicos\"\/><\/a><\/p>\n<p>El sistema sanitario espa\u00f1ol afronta una tormenta perfecta que amenaza su sostenibilidad a medio plazo: <strong>el agotamiento psicol\u00f3gico de los m\u00e9dicos y una distribuci\u00f3n desigual de los profesionales<\/strong>, especialmente en Atenci\u00f3n Primaria y zonas de dif\u00edcil cobertura. Dos fen\u00f3menos estrechamente relacionados que ya no pueden entenderse como problemas coyunturales, sino como fallos estructurales de planificaci\u00f3n, organizaci\u00f3n y condiciones laborales.<\/p>\n<p>El <strong>s\u00edndrome de burnout<\/strong> se ha convertido en uno de los principales indicadores del <a href=\"https:\/\/gacetamedica.com\/profesion\/medicos-jovene-sintomas-burnout-formamos-perdemos-residencia\/\" rel=\"nofollow noopener\" target=\"_blank\">malestar m\u00e9dico.<\/a> As\u00ed lo constata el <strong>Estudio IKERBURN: de la vocaci\u00f3n al agotamiento<\/strong>, presentado por la Organizaci\u00f3n M\u00e9dica Colegial (OMC). Seg\u00fan sus resultados, el <strong>93,9% de los participantes presenta s\u00edntomas compatibles con burnout<\/strong> y m\u00e1s del 50% cumple criterios completos en las tres dimensiones cl\u00e1sicas: agotamiento emocional, despersonalizaci\u00f3n y baja realizaci\u00f3n personal, seg\u00fan la escala internacional Maslach Burnout Inventory.<\/p>\n<p>El estudio, en el que han participado m\u00e1s de 1.400 m\u00e9dicos j\u00f3venes de todo el pa\u00eds, dibuja el retrato de una generaci\u00f3n que, tras m\u00e1s de una d\u00e9cada de formaci\u00f3n, se enfrenta a <strong>contratos precarios, jornadas prolongadas, sobrecarga asistencial y escasas oportunidades de desarrollo profesional<\/strong>. \u201cNo se trata solo de un problema individual, sino de un fen\u00f3meno estructural que compromete la calidad asistencial y la seguridad del paciente\u201d, advirti\u00f3 el presidente de la OMC, Tom\u00e1s Cobo, durante la presentaci\u00f3n.<\/p>\n<p>Los datos muestran un impacto directo tambi\u00e9n en la salud de los propios profesionales: el 79% sufre agotamiento emocional, dos de cada tres padecen insomnio, uno de cada cuatro ha necesitado una baja laboral relacionada con el burnout y el 38% reconoce consumo de ansiol\u00edticos o alcohol. Adem\u00e1s, el desgaste es un <strong>24% mayor en mujeres<\/strong>, lo que apunta a una brecha de g\u00e9nero en el impacto del estr\u00e9s laboral.<\/p>\n<p>Esta situaci\u00f3n no es exclusiva de los m\u00e9dicos j\u00f3venes ni del \u00e1mbito hospitalario. Un estudio del <strong>CSIC y el Instituto de Salud Carlos III (ISCIII)<\/strong> revela que el <strong>18% de los profesionales de Atenci\u00f3n Primaria<\/strong> presenta s\u00edndrome de burnout, es decir, <strong>uno de cada seis<\/strong>. Al desglosar por categor\u00edas, la prevalencia alcanza a <strong>uno de cada cuatro m\u00e9dicos<\/strong> y a <strong>una de cada seis enfermeras<\/strong>, confirmando que el primer nivel asistencial es uno de los entornos m\u00e1s expuestos al <a href=\"https:\/\/gacetamedica.com\/investigacion\/profesionales-atencion-primaria-sns-desgaste-profesional\/\" rel=\"nofollow noopener\" target=\"_blank\">desgaste profesional.<\/a><\/p>\n<p>Los autores del metan\u00e1lisis, basado en 39 estudios con m\u00e1s de 9.000 profesionales, se\u00f1alan como principales factores desencadenantes la <strong>sobrecarga de trabajo, la falta de recursos y personal, la presi\u00f3n asistencial, la escasa autonom\u00eda profesional y el bajo reconocimiento institucional<\/strong>. Un escenario que, seg\u00fan concluyen, exige cambios organizativos profundos y una revisi\u00f3n de las pol\u00edticas sanitarias para proteger tanto a los profesionales como a los pacientes.<\/p>\n<p><strong>Escasez de profesionales<\/strong><\/p>\n<p>Paralelamente al deterioro del bienestar m\u00e9dico, el debate sobre la <strong>escasez de profesionales<\/strong> ha vuelto a primera l\u00ednea. Sin embargo, la OMC matiza el diagn\u00f3stico. \u201c<a href=\"https:\/\/gacetamedica.com\/profesion\/omc-asegura-no-faltan-medicos-espana-necesita-planificacion-incentivos\/\" rel=\"nofollow noopener\" target=\"_blank\">No faltan m\u00e9dicos en Espa\u00f1a<\/a>, aunque s\u00ed existen carencias puntuales en determinadas especialidades y zonas geogr\u00e1ficas, como sucede en Atenci\u00f3n Primaria\u201d, subray\u00f3 Cobo al presentar el <strong>Estudio de Demograf\u00eda M\u00e9dica 2025<\/strong>.<\/p>\n<p>Espa\u00f1a cuenta actualmente con <strong>310.558 m\u00e9dicos colegiados<\/strong>, de los cuales <strong>275.963 est\u00e1n en activo<\/strong>, lo que supone un incremento del 22% respecto a 2017 y una densidad de 633 m\u00e9dicos por cada 100.000 habitantes, por encima de la media europea. \u201cEstamos mejor que hace unos a\u00f1os, pero seguimos teniendo un problema estructural de precariedad laboral y desigualdad entre territorios\u201d, reconoci\u00f3 el presidente de la OMC.<\/p>\n<p>El informe descarta una fuga masiva de talento \u2014menos de 500 m\u00e9dicos emigraron el \u00faltimo a\u00f1o\u2014 y apunta a que los problemas de cobertura se deben a la <strong>falta de atractivo de determinados puestos<\/strong>, especialmente en zonas rurales y de dif\u00edcil cobertura. \u201cLa sobrecarga asistencial y las malas condiciones laborales disuaden a muchos facultativos\u201d, explic\u00f3 el secretario general de la OMC, Jos\u00e9 M.\u00aa Rodr\u00edguez Vicente, quien defendi\u00f3 incentivos, estabilidad contractual y una planificaci\u00f3n m\u00e1s equitativa.<\/p>\n<p>La distribuci\u00f3n territorial sigue siendo desigual: casi la mitad de los m\u00e9dicos se concentran en Catalu\u00f1a, Madrid y Andaluc\u00eda, mientras que comunidades como Castilla-La Mancha o las ciudades aut\u00f3nomas se sit\u00faan por debajo de la media. A ello se suma un desaf\u00edo adicional: entre 2025 y 2035 se prev\u00e9 la jubilaci\u00f3n de <strong>casi 69.000 m\u00e9dicos<\/strong>, con especial impacto en determinadas especialidades y territorios.<\/p>\n<p>La creciente <strong>feminizaci\u00f3n de la profesi\u00f3n<\/strong>, con un 59% de mujeres entre los m\u00e9dicos en activo y dos de cada tres menores de 35 a\u00f1os, a\u00f1ade nuevos retos en conciliaci\u00f3n, carrera profesional y liderazgo, todav\u00eda mayoritariamente masculino. Al mismo tiempo, el envejecimiento de la poblaci\u00f3n y el aumento de la cronicidad auguran una mayor presi\u00f3n asistencial en las pr\u00f3ximas d\u00e9cadas.<\/p>\n<p>El diagn\u00f3stico es claro: <strong>burnout y desigualdad en la distribuci\u00f3n de m\u00e9dicos son dos caras de un mismo problema<\/strong>. Sin mejoras en las condiciones laborales, estabilidad contractual, planificaci\u00f3n del relevo generacional y refuerzo de la Atenci\u00f3n Primaria, el sistema corre el riesgo de erosionar la vocaci\u00f3n de quienes est\u00e1n llamados a sostenerlo. <\/p>\n<p><strong>Tambi\u00e9n te puede interesar\u2026<\/strong><\/p>\n","protected":false},"excerpt":{"rendered":"El sistema sanitario espa\u00f1ol afronta una tormenta perfecta que amenaza su sostenibilidad a medio plazo: el agotamiento psicol\u00f3gico&hellip;\n","protected":false},"author":2,"featured_media":307924,"comment_status":"","ping_status":"","sticky":false,"template":"","format":"standard","meta":{"footnotes":""},"categories":[42],"tags":[17,18,13,14,11,61,62,63,64,19,20,9,10,15,16,12,21,22,65,66,67],"class_list":{"0":"post-307923","1":"post","2":"type-post","3":"status-publish","4":"format-standard","5":"has-post-thumbnail","7":"category-internacional","8":"tag-breaking-news","9":"tag-breakingnews","10":"tag-featured-news","11":"tag-featurednews","12":"tag-headlines","13":"tag-internacional","14":"tag-international","15":"tag-international-news","16":"tag-internationalnews","17":"tag-latest-news","18":"tag-latestnews","19":"tag-news","20":"tag-noticias","21":"tag-noticias-destacadas","22":"tag-noticiasdestacadas","23":"tag-titulares","24":"tag-ultimas-noticias","25":"tag-ultimasnoticias","26":"tag-world","27":"tag-world-news","28":"tag-worldnews"},"share_on_mastodon":{"url":"https:\/\/pubeurope.com\/@es\/115785227699757842","error":""},"_links":{"self":[{"href":"https:\/\/www.europesays.com\/es\/wp-json\/wp\/v2\/posts\/307923","targetHints":{"allow":["GET"]}}],"collection":[{"href":"https:\/\/www.europesays.com\/es\/wp-json\/wp\/v2\/posts"}],"about":[{"href":"https:\/\/www.europesays.com\/es\/wp-json\/wp\/v2\/types\/post"}],"author":[{"embeddable":true,"href":"https:\/\/www.europesays.com\/es\/wp-json\/wp\/v2\/users\/2"}],"replies":[{"embeddable":true,"href":"https:\/\/www.europesays.com\/es\/wp-json\/wp\/v2\/comments?post=307923"}],"version-history":[{"count":0,"href":"https:\/\/www.europesays.com\/es\/wp-json\/wp\/v2\/posts\/307923\/revisions"}],"wp:featuredmedia":[{"embeddable":true,"href":"https:\/\/www.europesays.com\/es\/wp-json\/wp\/v2\/media\/307924"}],"wp:attachment":[{"href":"https:\/\/www.europesays.com\/es\/wp-json\/wp\/v2\/media?parent=307923"}],"wp:term":[{"taxonomy":"category","embeddable":true,"href":"https:\/\/www.europesays.com\/es\/wp-json\/wp\/v2\/categories?post=307923"},{"taxonomy":"post_tag","embeddable":true,"href":"https:\/\/www.europesays.com\/es\/wp-json\/wp\/v2\/tags?post=307923"}],"curies":[{"name":"wp","href":"https:\/\/api.w.org\/{rel}","templated":true}]}}