{"id":307927,"date":"2025-12-26T09:46:11","date_gmt":"2025-12-26T09:46:11","guid":{"rendered":"https:\/\/www.europesays.com\/es\/307927\/"},"modified":"2025-12-26T09:46:11","modified_gmt":"2025-12-26T09:46:11","slug":"del-27-al-30-de-diciembre-parque-de-juegos-navideno-en-el-garcia-fraguas","status":"publish","type":"post","link":"https:\/\/www.europesays.com\/es\/307927\/","title":{"rendered":"Del 27 al 30 de diciembre, Parque de Juegos Navide\u00f1o en el Garc\u00eda Fraguas"},"content":{"rendered":"<p>El Complejo Deportivo \u2018Garc\u00eda Fraguas\u2019 acoge durante los \u00faltimos d\u00edas de diciembre un gran Parque de Juegos infantil con hinchables de todo tipo por tan solo 1 euro la entrada de d\u00eda completo, que ser\u00e1 donada a la Asociaci\u00f3n Espa\u00f1ola Contra el C\u00e1ncer.<\/p>\n<p>Del 27 al 30 de diciembre la pista central del Complejo Deportivo \u2018Garc\u00eda Fraguas\u2019 volver\u00e1 a acoger el ya habitual Parque de Juegos Navide\u00f1o del Ayuntamiento de Marchamalo, con hinchables de gran formato para ni\u00f1os y ni\u00f1as a partir de los 2 a\u00f1os de edad.<\/p>\n<p>Se podr\u00e1 acceder al mismo previo pago de 1 euro por persona y d\u00eda, coloc\u00e1ndose una pulsera con la que poder acceder una vez abonada la entrada tanto en horario de ma\u00f1ana (de 11.00 a 14.00 horas) como de tarde (de 16.00 a 20.30 horas), siendo toda la recaudaci\u00f3n donada posteriormente a la delegaci\u00f3n de la Asociaci\u00f3n Espa\u00f1ola Contra el C\u00e1ncer en Guadalajara.<\/p>\n<p>EL ACCESO A LA PISTA SOLO EST\u00c1 PERMITIDO CON CALZADO DEPORTIVO. No se permite el acceso a la pista con carros de beb\u00e9 u otros elementos que puedan da\u00f1ar el parquet.<\/p>\n","protected":false},"excerpt":{"rendered":"El Complejo Deportivo \u2018Garc\u00eda Fraguas\u2019 acoge durante los \u00faltimos d\u00edas de diciembre un gran Parque de Juegos infantil&hellip;\n","protected":false},"author":2,"featured_media":307928,"comment_status":"","ping_status":"","sticky":false,"template":"","format":"standard","meta":{"footnotes":""},"categories":[5],"tags":[17,18,25,24,13,14,11,19,20,9,10,15,16,23,12,21,22],"class_list":{"0":"post-307927","1":"post","2":"type-post","3":"status-publish","4":"format-standard","5":"has-post-thumbnail","7":"category-titulares","8":"tag-breaking-news","9":"tag-breakingnews","10":"tag-es","11":"tag-espana","12":"tag-featured-news","13":"tag-featurednews","14":"tag-headlines","15":"tag-latest-news","16":"tag-latestnews","17":"tag-news","18":"tag-noticias","19":"tag-noticias-destacadas","20":"tag-noticiasdestacadas","21":"tag-spain","22":"tag-titulares","23":"tag-ultimas-noticias","24":"tag-ultimasnoticias"},"share_on_mastodon":{"url":"https:\/\/pubeurope.com\/@es\/115785235399928071","error":""},"_links":{"self":[{"href":"https:\/\/www.europesays.com\/es\/wp-json\/wp\/v2\/posts\/307927","targetHints":{"allow":["GET"]}}],"collection":[{"href":"https:\/\/www.europesays.com\/es\/wp-json\/wp\/v2\/posts"}],"about":[{"href":"https:\/\/www.europesays.com\/es\/wp-json\/wp\/v2\/types\/post"}],"author":[{"embeddable":true,"href":"https:\/\/www.europesays.com\/es\/wp-json\/wp\/v2\/users\/2"}],"replies":[{"embeddable":true,"href":"https:\/\/www.europesays.com\/es\/wp-json\/wp\/v2\/comments?post=307927"}],"version-history":[{"count":0,"href":"https:\/\/www.europesays.com\/es\/wp-json\/wp\/v2\/posts\/307927\/revisions"}],"wp:featuredmedia":[{"embeddable":true,"href":"https:\/\/www.europesays.com\/es\/wp-json\/wp\/v2\/media\/307928"}],"wp:attachment":[{"href":"https:\/\/www.europesays.com\/es\/wp-json\/wp\/v2\/media?parent=307927"}],"wp:term":[{"taxonomy":"category","embeddable":true,"href":"https:\/\/www.europesays.com\/es\/wp-json\/wp\/v2\/categories?post=307927"},{"taxonomy":"post_tag","embeddable":true,"href":"https:\/\/www.europesays.com\/es\/wp-json\/wp\/v2\/tags?post=307927"}],"curies":[{"name":"wp","href":"https:\/\/api.w.org\/{rel}","templated":true}]}}