{"id":307931,"date":"2025-12-26T09:54:13","date_gmt":"2025-12-26T09:54:13","guid":{"rendered":"https:\/\/www.europesays.com\/es\/307931\/"},"modified":"2025-12-26T09:54:13","modified_gmt":"2025-12-26T09:54:13","slug":"joan-penarroya-arranca-el-reto-mas-dificil-de-su-carrera","status":"publish","type":"post","link":"https:\/\/www.europesays.com\/es\/307931\/","title":{"rendered":"Joan Pe\u00f1arroya arranca el reto m\u00e1s dif\u00edcil de su carrera"},"content":{"rendered":"<p class=\"ft-text\">No han pasado ni dos meses desde que el <strong>Bar\u00e7a<\/strong> hiciese efectiva su destituci\u00f3n como entrenador del primer equipo. Pero en este d\u00eda de San Esteban, <a class=\"ft-link ft-link--decoration\" href=\"https:\/\/www.sport.es\/es\/noticias\/baloncesto\/oficial-joan-penarroya-firma-partizan-125065982\" rel=\"nofollow noopener\" target=\"_blank\"><strong>Joan Pe\u00f1arroya<\/strong><\/a> vuelve a sonre\u00edr, en un <strong>26 de diciembre<\/strong> que recordar\u00e1 para siempre: a partir de las 18h (CET), el t\u00e9cnico catal\u00e1n dirige a <strong>Partiz\u00e1n<\/strong> en un primer partido exigente de <strong>Euroliga<\/strong> ante <strong>Maccabi Tel Aviv.<\/strong><\/p>\n<p class=\"ft-text\">A principios de semana, <strong>Pe\u00f1arroya recibi\u00f3 su regalo de Navidad<\/strong> en forma de fichaje por el cuadro serbio. <strong>Tras entrenar en Euroliga a Valencia Basket, Baskonia y Bar\u00e7a,<\/strong> el egarense sigue alargando su trayectoria en la m\u00e1xima competici\u00f3n continental. Ahora bien, Pe\u00f1arroya deber\u00e1 ejecutar una <strong>doble funci\u00f3n de entrenador y &#8216;bombero&#8217; <\/strong>para tratar de remontar una situaci\u00f3n realmente cr\u00edtica como la que vive el Partiz\u00e1n.<\/p>\n<p class=\"ft-text\">La afici\u00f3n serbia sigue recuper\u00e1ndose todav\u00eda del <strong>duro palo de la dimisi\u00f3n irrevocable de Zeljko Obradovic.<\/strong> Una &#8216;deidad&#8217; que puso punto final a una trayectoria empezada en 2021, a\u00f1o en el que regres\u00f3 al club de su vida, y con el que levant\u00f3 la primera de sus <strong>nueve Copas de Europa<\/strong> en 1992. Acab\u00f3 harto de una plantilla que se ven\u00eda arrastrando por Europa desde aquella eliminaci\u00f3n a manos del <strong>Real Madrid<\/strong> en el Playoff de 2023, y de la que el equipo no ha logrado rehacerse: en 2024 y 2025, el conjunto de Belgrado vio por televisi\u00f3n los cruces de cuartos de final previos a la Final Four.<\/p>\n<p><img decoding=\"async\" src=\"https:\/\/www.europesays.com\/es\/wp-content\/uploads\/2025\/12\/f22c2d3a-e2d8-44c2-95e0-917f682b5449_alta-libre-aspect-ratio_default_0.jpg\" width=\"1200\" height=\"800\" alt=\"Obradovic no reconsider\u00f3 su salida del Partizan a pesar de los ruegos de la directiva serbia\" class=\"ft-helper-img-rd\" loading=\"lazy\"\/><\/p>\n<p class=\"ft-helper-fontColor-quaternary ft-helper-fontSize-body-S ft-helper-spacer-t-xxs\">Obradovic no reconsider\u00f3 su salida del Partizan a pesar de los ruegos de la directiva serbia  \/ PARTIZAN<\/p>\n<p>Tiempos dif\u00edciles para Partiz\u00e1n<\/p>\n<p class=\"ft-text\"><strong>Pe\u00f1arroya llega a un Belgrado Arena muy decepcionado con sus jugadores, y no es para menos.<\/strong> A ese adi\u00f3s de Obradovic se le unen las derrotas europeas de la semana pasada por<strong> 18 puntos de diferencia ante la Virtus Bolonia (68-86) y 41 contra Zalgiris (109-68)<\/strong> que han dejado a Partiz\u00e1n en la parte baja de la clasificaci\u00f3n, con el pen\u00faltimo peor balance de la competici\u00f3n (6-11).<\/p>\n<p class=\"ft-text\">Esta tarde, Pe\u00f1arroya y sus jugadores se medir\u00e1n a un Maccabi que, aprovechando que la Euroliga les permite volver a jugar en casa con p\u00fablico, y que sigue jugando a puerta cerrada muchos de sus encuentros como visitante, <strong>ha ido ascendiendo en la clasificaci\u00f3n.<\/strong> Llegan a la capital serbia con<strong> cuatro victorias consecutivas<\/strong> en el torneo, la \u00faltima ante <strong>Valencia Basket <\/strong>por <strong>85-82.<\/strong><\/p>\n<p>Reencuentro con Jabari Parker<\/p>\n<p class=\"ft-text\">Un Pe\u00f1arroya que en el Partiz\u00e1n se va a reencontrar con <strong>Jabari Parker,<\/strong> tras la coincidencia de ambos en el Bar\u00e7a la temporada pasada, con un <strong>Dylan Osetkowski<\/strong> que son\u00f3 en su d\u00eda para reforzar al conjunto azulgrana, y con un <strong>Vanja Marinkovic<\/strong> al que ya entren\u00f3 en Baskonia. Adem\u00e1s, la llegada del egarense a Serbia ha venido acompa\u00f1ada del desembarco del NBA <strong>Cameron Payne,<\/strong> con m\u00e1s de 500 partidos jugados en la liga americana entre liga regular y playoffs.<\/p>\n<p><img decoding=\"async\" src=\"https:\/\/www.europesays.com\/es\/wp-content\/uploads\/2025\/12\/7af4c0d0-9d49-46f6-80e3-6cf04bbcd75f_alta-libre-aspect-ratio_default_0.jpg\" width=\"1200\" height=\"675\" alt=\"Jabari Parker y Joan Pe\u00f1arroya se vuelven a reencontrar en el Partiz\u00e1n\" class=\"ft-helper-img-rd\" loading=\"lazy\"\/><\/p>\n<p class=\"ft-helper-fontColor-quaternary ft-helper-fontSize-body-S ft-helper-spacer-t-xxs\">Jabari Parker y Joan Pe\u00f1arroya se vuelven a reencontrar en el Partiz\u00e1n  \/ Valent\u00ed Enrich<\/p>\n<p class=\"ft-text\">La primera convocatoria de Pe\u00f1arroya contar\u00e1 con un &#8216;handicap&#8217; que ya sufri\u00f3 en su etapa al frente del Bar\u00e7a como son las lesiones. El catal\u00e1n tiene las bajas aseguradas de <strong>Carlik Jones, Mario Nakic y Aleksej Pokusevski,<\/strong> y las dudas de <strong>Isaac Bonga, Tyrique Jones, Shake Milton, Miikka Muurinen, Mitar Bosnjakovic,<\/strong> m\u00e1s el reci\u00e9n llegado Payne.<\/p>\n<p>No tardar\u00e1 en volver al Palau<\/p>\n<p class=\"ft-text\">Quedar\u00e1 por ver, como arranca y evoluciona la andadura de Pe\u00f1arroya al frente de Partiz\u00e1n. <strong>Su estilo ofensivo puede encajar bien<\/strong> con ese talento en ataque que atesoran varias de sus estrellas estadounidenses. El cuadro serbio debe ser uno de los conjuntos que m\u00e1s puntos anote en toda la competici\u00f3n, y desde ah\u00ed, intentar encontrar el equilibrio para que las lagunas defensivas no sean tan pronunciadas.<strong> Toda la suerte del mundo para un Pe\u00f1arroya que no tardar\u00e1 mucho en volver al Palau:<\/strong> ser\u00e1 el <strong>9 de enero<\/strong> en la 21\u00aa jornada de la Euroliga.<\/p>\n","protected":false},"excerpt":{"rendered":"No han pasado ni dos meses desde que el Bar\u00e7a hiciese efectiva su destituci\u00f3n como entrenador del primer&hellip;\n","protected":false},"author":2,"featured_media":307932,"comment_status":"","ping_status":"","sticky":false,"template":"","format":"standard","meta":{"footnotes":""},"categories":[269],"tags":[299,2296,298,168,25,24,833,5170,45749,4819,23,167],"class_list":{"0":"post-307931","1":"post","2":"type-post","3":"status-publish","4":"format-standard","5":"has-post-thumbnail","7":"category-baloncesto","8":"tag-baloncesto","9":"tag-barca","10":"tag-basketball","11":"tag-deportes","12":"tag-es","13":"tag-espana","14":"tag-euroliga","15":"tag-joan","16":"tag-partizan","17":"tag-penarroya","18":"tag-spain","19":"tag-sports"},"share_on_mastodon":{"url":"https:\/\/pubeurope.com\/@es\/115785267316114129","error":""},"_links":{"self":[{"href":"https:\/\/www.europesays.com\/es\/wp-json\/wp\/v2\/posts\/307931","targetHints":{"allow":["GET"]}}],"collection":[{"href":"https:\/\/www.europesays.com\/es\/wp-json\/wp\/v2\/posts"}],"about":[{"href":"https:\/\/www.europesays.com\/es\/wp-json\/wp\/v2\/types\/post"}],"author":[{"embeddable":true,"href":"https:\/\/www.europesays.com\/es\/wp-json\/wp\/v2\/users\/2"}],"replies":[{"embeddable":true,"href":"https:\/\/www.europesays.com\/es\/wp-json\/wp\/v2\/comments?post=307931"}],"version-history":[{"count":0,"href":"https:\/\/www.europesays.com\/es\/wp-json\/wp\/v2\/posts\/307931\/revisions"}],"wp:featuredmedia":[{"embeddable":true,"href":"https:\/\/www.europesays.com\/es\/wp-json\/wp\/v2\/media\/307932"}],"wp:attachment":[{"href":"https:\/\/www.europesays.com\/es\/wp-json\/wp\/v2\/media?parent=307931"}],"wp:term":[{"taxonomy":"category","embeddable":true,"href":"https:\/\/www.europesays.com\/es\/wp-json\/wp\/v2\/categories?post=307931"},{"taxonomy":"post_tag","embeddable":true,"href":"https:\/\/www.europesays.com\/es\/wp-json\/wp\/v2\/tags?post=307931"}],"curies":[{"name":"wp","href":"https:\/\/api.w.org\/{rel}","templated":true}]}}