{"id":307956,"date":"2025-12-26T10:09:14","date_gmt":"2025-12-26T10:09:14","guid":{"rendered":"https:\/\/www.europesays.com\/es\/307956\/"},"modified":"2025-12-26T10:09:14","modified_gmt":"2025-12-26T10:09:14","slug":"torrevieja-impulsa-el-estudio-de-la-futura-ciudad-administrativa-junto-a-la-universidad-politecnica-de-madrid","status":"publish","type":"post","link":"https:\/\/www.europesays.com\/es\/307956\/","title":{"rendered":"Torrevieja impulsa el estudio de la futura ciudad administrativa junto a la Universidad Polit\u00e9cnica de Madrid"},"content":{"rendered":"<p class=\"MsoNoSpacing\" style=\"border:none; text-align:justify\">El Ayuntamiento de Torrevieja ha dado un nuevo paso estrat\u00e9gico para planificar el crecimiento y modernizaci\u00f3n de su estructura administrativa con la firma de un convenio de colaboraci\u00f3n con la Universidad Polit\u00e9cnica de Madrid, orientado a estudiar y definir el futuro modelo de Ciudad Administrativa en el entorno del actual Ayuntamiento.<\/p>\n<p class=\"MsoNoSpacing\" style=\"border:none; text-align:justify\">El acuerdo permitir\u00e1 trabajar de forma conjunta en la definici\u00f3n de una visi\u00f3n global que integre el antiguo Ayuntamiento, el actual edificio consistorial y los nuevos inmuebles municipales adquiridos en el entorno, configurando un conjunto administrativo coherente, funcional y adaptado a las necesidades presentes y futuras de la ciudad.<\/p>\n<p class=\"MsoNoSpacing\" style=\"border:none; text-align:justify\">El \u00e1mbito de actuaci\u00f3n se centra en el conjunto formado por el edificio hist\u00f3rico del Ayuntamiento, el actual consistorio y un nuevo inmueble previsto en la parte trasera, con acceso desde la calle Clemente Gos\u00e1lvez. Sobre este espacio se desarrollar\u00e1 un estudio integral que sirva de base para el proyecto denominado \u201cRehabilitaci\u00f3n integral y de conexi\u00f3n del Complejo Administrativo Ciudad de Torrevieja\u201d, con el objetivo de ordenar, conectar y poner en valor todo el patrimonio municipal existente.<\/p>\n<p class=\"MsoNoSpacing\" style=\"border:none; text-align:justify\">El concejal de Patrimonio, Domingo Paredes, ha subrayado que \u201cTorrevieja necesita planificar con rigor el crecimiento de su administraci\u00f3n. Cada vez prestamos m\u00e1s servicios, contamos con m\u00e1s personal y atendemos a una poblaci\u00f3n mayor, por lo que este convenio nos permite pensar en el Ayuntamiento del futuro, unificando espacios, poniendo en valor nuestro patrimonio hist\u00f3rico y creando un entorno administrativo m\u00e1s accesible y eficiente para los ciudadanos\u201d.<\/p>\n<p class=\"MsoNoSpacing\" style=\"border:none; text-align:justify\">En el marco del convenio, profesorado y alumnado del Grado en Dise\u00f1o de Interiores de la Universidad Polit\u00e9cnica de Madrid elaborar\u00e1n estudios y propuestas de car\u00e1cter acad\u00e9mico y no ejecutivo, centradas en la organizaci\u00f3n funcional de los edificios, la conexi\u00f3n entre espacios, el acondicionamiento interior, las instalaciones y la mejora de la experiencia del ciudadano. Estos trabajos no tendr\u00e1n en ning\u00fan caso car\u00e1cter de proyecto t\u00e9cnico de obra ni supondr\u00e1n direcci\u00f3n facultativa o asistencia profesional.<\/p>\n<p class=\"MsoNoSpacing\" style=\"border:none; text-align:justify\">Domingo Paredes ha a\u00f1adido que \u201cla finalidad es clara, facilitar el acceso de los vecinos a los servicios municipales, reducir desplazamientos innecesarios, disminuir la burocracia y concentrar en un mismo entorno administrativo la mayor parte de los tr\u00e1mites que hoy se encuentran dispersos\u201d.<\/p>\n<p class=\"MsoNoSpacing\" style=\"border:none; text-align:justify\">La Universidad Polit\u00e9cnica de Madrid cuenta con una amplia trayectoria en proyectos docentes vinculados a la regeneraci\u00f3n y rehabilitaci\u00f3n de espacios p\u00fablicos y administrativos, lo que garantiza un enfoque innovador, riguroso y alineado con las necesidades reales de las administraciones locales.<\/p>\n<p class=\"MsoNoSpacing\" style=\"border:none; text-align:justify\">El convenio, con un presupuesto total de 54.450 euros (IVA incluido) con cargo al ejercicio 2025, refuerza la apuesta del Ayuntamiento de Torrevieja por la planificaci\u00f3n estrat\u00e9gica, la colaboraci\u00f3n institucional y la innovaci\u00f3n aplicada, sentando las bases de una futura Ciudad Administrativa moderna, funcional y pensada para el servicio directo al ciudadano.<\/p>\n","protected":false},"excerpt":{"rendered":"El Ayuntamiento de Torrevieja ha dado un nuevo paso estrat\u00e9gico para planificar el crecimiento y modernizaci\u00f3n de su&hellip;\n","protected":false},"author":2,"featured_media":307957,"comment_status":"","ping_status":"","sticky":false,"template":"","format":"standard","meta":{"footnotes":""},"categories":[5],"tags":[17,18,25,24,13,14,11,19,20,9,10,15,16,23,12,21,22],"class_list":{"0":"post-307956","1":"post","2":"type-post","3":"status-publish","4":"format-standard","5":"has-post-thumbnail","7":"category-titulares","8":"tag-breaking-news","9":"tag-breakingnews","10":"tag-es","11":"tag-espana","12":"tag-featured-news","13":"tag-featurednews","14":"tag-headlines","15":"tag-latest-news","16":"tag-latestnews","17":"tag-news","18":"tag-noticias","19":"tag-noticias-destacadas","20":"tag-noticiasdestacadas","21":"tag-spain","22":"tag-titulares","23":"tag-ultimas-noticias","24":"tag-ultimasnoticias"},"share_on_mastodon":{"url":"https:\/\/pubeurope.com\/@es\/115785325816022006","error":""},"_links":{"self":[{"href":"https:\/\/www.europesays.com\/es\/wp-json\/wp\/v2\/posts\/307956","targetHints":{"allow":["GET"]}}],"collection":[{"href":"https:\/\/www.europesays.com\/es\/wp-json\/wp\/v2\/posts"}],"about":[{"href":"https:\/\/www.europesays.com\/es\/wp-json\/wp\/v2\/types\/post"}],"author":[{"embeddable":true,"href":"https:\/\/www.europesays.com\/es\/wp-json\/wp\/v2\/users\/2"}],"replies":[{"embeddable":true,"href":"https:\/\/www.europesays.com\/es\/wp-json\/wp\/v2\/comments?post=307956"}],"version-history":[{"count":0,"href":"https:\/\/www.europesays.com\/es\/wp-json\/wp\/v2\/posts\/307956\/revisions"}],"wp:featuredmedia":[{"embeddable":true,"href":"https:\/\/www.europesays.com\/es\/wp-json\/wp\/v2\/media\/307957"}],"wp:attachment":[{"href":"https:\/\/www.europesays.com\/es\/wp-json\/wp\/v2\/media?parent=307956"}],"wp:term":[{"taxonomy":"category","embeddable":true,"href":"https:\/\/www.europesays.com\/es\/wp-json\/wp\/v2\/categories?post=307956"},{"taxonomy":"post_tag","embeddable":true,"href":"https:\/\/www.europesays.com\/es\/wp-json\/wp\/v2\/tags?post=307956"}],"curies":[{"name":"wp","href":"https:\/\/api.w.org\/{rel}","templated":true}]}}