{"id":308088,"date":"2025-12-26T11:58:08","date_gmt":"2025-12-26T11:58:08","guid":{"rendered":"https:\/\/www.europesays.com\/es\/308088\/"},"modified":"2025-12-26T11:58:08","modified_gmt":"2025-12-26T11:58:08","slug":"james-cameron-confirma-un-remake-para-un-gran-referente-de-la-ciencia-ficcion-que-casi-hace-10-anos-con-guillermo-del-toro","status":"publish","type":"post","link":"https:\/\/www.europesays.com\/es\/308088\/","title":{"rendered":"James Cameron confirma un remake para un gran referente de la ciencia ficci\u00f3n que casi hace 10 a\u00f1os con Guillermo del Toro"},"content":{"rendered":"<p>James Cameron sigue <a class=\"text-outboundlink\" href=\"https:\/\/www.3djuegos.com\/tv-series\/noticias\/pueden-irse-a-mierda-mi-decision-james-cameron-director-avatar-explota-quienes-le-piden-hacer-otras-pelis\" data-vars-post-title=\"James Cameron reparte estopa: &quot;Pueden irse a la mierda&quot;. As\u00ed ha sido su respuesta a quienes dicen que est\u00e1 desaprovechando su talento con tanto Avatar\" data-vars-post-url=\"https:\/\/www.3djuegos.com\/tv-series\/noticias\/pueden-irse-a-mierda-mi-decision-james-cameron-director-avatar-explota-quienes-le-piden-hacer-otras-pelis\" rel=\"nofollow noopener\" target=\"_blank\">comprometido con el futuro cinematogr\u00e1fico de Avatar,<\/a> y eso no va a cambiar al menos durante los pr\u00f3ximos cinco a\u00f1os con dos entregas m\u00e1s confirmadas de la franquicia. Pero el cineasta canadiense tambi\u00e9n ha asegurado estar m\u00e1s dispuesto en esta nueva etapa a ceder responsabilidades en su universo m\u00e1s mimado, lo que le permitir\u00eda disponer de tiempo para dirigir alguna otra obra y, sobre todo, para <strong>impulsar diversos proyectos como productor<\/strong>. Uno de ellos podr\u00eda ser el remake de <a class=\"text-outboundlink\" href=\"https:\/\/www.3djuegos.com\/tv-series\/noticias\/viaje-alucinante-dejo-boca-abierta-a-guillermo-toro-james-cameron-ese-no-su-logro-importante\" data-vars-post-title=\"Fantastic Voyage dej\u00f3 con la boca abierta a Guillermo del Toro y James Cameron pero ese no es su logro m\u00e1s importante\" data-vars-post-url=\"https:\/\/www.3djuegos.com\/tv-series\/noticias\/viaje-alucinante-dejo-boca-abierta-a-guillermo-toro-james-cameron-ese-no-su-logro-importante\" rel=\"nofollow noopener\" target=\"_blank\">Viaje alucinante (Fantastic Voyage, 1966)<\/a>, todo un referente de la ciencia ficci\u00f3n.<\/p>\n<p>Para quien nunca haya o\u00eddo hablar de esta pel\u00edcula, basta con decir que trata sobre un equipo de cient\u00edficos y una nave que <strong>son reducidos a un tama\u00f1o microsc\u00f3pico e inyectados en el cuerpo humano<\/strong>. Su misi\u00f3n consiste en navegar a trav\u00e9s del organismo para realizar una operaci\u00f3n m\u00e9dica de vida o muerte desde el interior, luchando contra el reloj antes de recuperar su escala normal y destruir accidentalmente al paciente. \u00bfOs suena ya, verdad? Su premisa ha influido a multitud de creadores desde su estreno, pero esto no ha sido suficiente para garantizar la luz verde a una nueva versi\u00f3n.<\/p>\n<p>\u00abEspero ponerlo en marcha el a\u00f1o que viene\u00bb<\/p>\n<p>Aunque ha habido intentos, el proyecto ha estado \u00aben el horno\u00bb durante d\u00e9cadas con grandes nombres de Hollywood vinculados a \u00e9l; entre ellos Guillermo del Toro y el mencionado Cameron, quienes se declaran fervientes seguidores del filme de Richard Fleischer. Ahora, el director de Avatar: Fuego y Ceniza confirma que no ha tirado la toalla y, es m\u00e1s, afirma que quiere empezar a trabajar seriamente en la idea de cara a 2026: \u00abFantastic Voyage. He estado alimentando ese proyecto durante un tiempo. Espero ponerlo en marcha el a\u00f1o que viene. <strong>Yo lo producir\u00e9 y ahora mismo estoy trabajando con un director en un nuevo guion<\/strong>. As\u00ed que, s\u00ed, vamos a hacerlo\u00bb.<\/p>\n<p>                   <img class=\"\" height=\"956\" width=\"1700\" loading=\"lazy\" decoding=\"async\"  fetchpriority=\"high\"  src=\"https:\/\/www.europesays.com\/es\/wp-content\/uploads\/2025\/12\/1766750288_618_450_1000.jpeg\" alt=\"Viaje alucinante\"\/><\/p>\n<p>Desde MovieWeb nos recuerdan que a comienzos de 2025 habl\u00f3 David S. Goyer, quien estuvo vinculado a la producci\u00f3n hace una d\u00e9cada, rememorando por qu\u00e9 no lleg\u00f3 a buen puerto: \u00abGuillermo es un buen amigo. Hemos trabajado juntos en unos cinco o seis proyectos. <strong>Est\u00e1bamos en la fase de preparaci\u00f3n de Viaje alucinante y estuvo muy cerca de hacerse<\/strong>. Ya hab\u00eda un dise\u00f1ador de producci\u00f3n contratado y todo lo dem\u00e1s. Mientras la prepar\u00e1bamos, Guillermo me dijo: &#8216;Tengo este acuerdo con Searchlight&#8217; y &#8216;\u00bfTienes alg\u00fan guion que se pueda hacer por 20 millones de d\u00f3lares?&#8217;. Entonces le di un libreto llamado Antlers, que terminamos produciendo juntos. Conozco a Guillermo de toda la vida. Espero que alg\u00fan d\u00eda podamos encontrar la manera de lograr que se ruede. De hecho, ahora que mi amigo Steve Asbell dirige 20th Century Studios, se me ocurre que deber\u00eda llamarlo y decirle: &#8216;Oye, tal vez deber\u00edamos intentar resucitar esto'\u00bb, record\u00f3 el escritor de El Caballero Oscuro en <a rel=\"noopener, noreferrer nofollow\" href=\"https:\/\/www.forbes.com\/sites\/timlammers\/2025\/05\/31\/fantastic-voyage-david-s-goyer-on-hopes-he-and-guillermo-del-toro-can-complete-remake-of-sci-fi-classic\/\" target=\"_blank\">Forbes<\/a>.<\/p>\n<p>Confiemos en que esta vez, y con un James Cameron empujando con firmeza para hacer realidad el remake, el plan prospere. Mientras tanto, cabe decir que Viaje alucinante no est\u00e1 disponible en plataformas de streaming (aunque <strong>tampoco es muy complicado encontrarla al completo en YouTube<\/strong>). En Movistar Plus+ s\u00ed tienes <strong>El chip prodigioso (Innerspace, 1987)<\/strong>, con una premisa parecida, pero no id\u00e9ntica, por si te apetece eso de hacerte muy peque\u00f1o y adentrarte en el cuerpo de un ser vivo. Un buen plan para hoy.<\/p>\n<p>V\u00eda | <a class=\"text-outboundlink\" href=\"https:\/\/www.vidaextra.com\/cine\/casi-60-anos-despues-su-estreno-james-cameron-reaviva-esperanzas-para-remake-este-clasico-ciencia-ficcion\" data-vars-post-title=\"Casi 60 a\u00f1os despu\u00e9s de su estreno, James Cameron reaviva las esperanzas para el remake de este cl\u00e1sico de la ciencia ficci\u00f3n\" data-vars-post-url=\"https:\/\/www.vidaextra.com\/cine\/casi-60-anos-despues-su-estreno-james-cameron-reaviva-esperanzas-para-remake-este-clasico-ciencia-ficcion\" rel=\"nofollow noopener\" target=\"_blank\">VX<\/a><\/p>\n<p>En 3DJuegos | <a class=\"text-outboundlink\" href=\"https:\/\/www.3djuegos.com\/3djuegos-trivia\/noticias\/pocas-personas-saben-quien-era-bambi-ahora-estan-descubriendo-que-detras-se-escondia-condecorado-militar-vietnam\" data-vars-post-title=\"Pocas personas saben qui\u00e9n era Bambi, y ahora est\u00e1n descubriendo que detr\u00e1s se escond\u00eda un condecorado militar de Vietnam \" data-vars-post-url=\"https:\/\/www.3djuegos.com\/3djuegos-trivia\/noticias\/pocas-personas-saben-quien-era-bambi-ahora-estan-descubriendo-que-detras-se-escondia-condecorado-militar-vietnam\" rel=\"nofollow noopener\" target=\"_blank\">Pocas personas saben qui\u00e9n era Bambi, y ahora est\u00e1n descubriendo que detr\u00e1s se escond\u00eda un condecorado militar de Vietnam<\/a><\/p>\n<p>En 3DJuegos | <a class=\"text-outboundlink\" href=\"https:\/\/www.3djuegos.com\/tv-series\/noticias\/todas-temporadas-stranger-things-empiezan-igual-no-se-chiste-falta-ideas-me-gusta-pensar-que-referencia-a-alicia-pais-maravillas\" data-vars-post-title=\"Todas las temporadas de Stranger Things empiezan igual y no s\u00e9 si es un chiste o falta de ideas. Me gusta pensar que es una referencia a Alicia en el Pa\u00eds de las Maravillas  \" data-vars-post-url=\"https:\/\/www.3djuegos.com\/tv-series\/noticias\/todas-temporadas-stranger-things-empiezan-igual-no-se-chiste-falta-ideas-me-gusta-pensar-que-referencia-a-alicia-pais-maravillas\" rel=\"nofollow noopener\" target=\"_blank\">Todas las temporadas de Stranger Things empiezan igual y no s\u00e9 si es un chiste o falta de ideas. Me gusta pensar que es una referencia a Alicia en el Pa\u00eds de las Maravillas<\/a><\/p>\n","protected":false},"excerpt":{"rendered":"James Cameron sigue comprometido con el futuro cinematogr\u00e1fico de Avatar, y eso no va a cambiar al menos&hellip;\n","protected":false},"author":2,"featured_media":308089,"comment_status":"","ping_status":"","sticky":false,"template":"","format":"standard","meta":{"footnotes":""},"categories":[169],"tags":[177,146,147,25,24,176,175,23],"class_list":{"0":"post-308088","1":"post","2":"type-post","3":"status-publish","4":"format-standard","5":"has-post-thumbnail","7":"category-cine","8":"tag-cine","9":"tag-entertainment","10":"tag-entretenimiento","11":"tag-es","12":"tag-espana","13":"tag-film","14":"tag-movies","15":"tag-spain"},"share_on_mastodon":{"url":"https:\/\/pubeurope.com\/@es\/115785754581076619","error":""},"_links":{"self":[{"href":"https:\/\/www.europesays.com\/es\/wp-json\/wp\/v2\/posts\/308088","targetHints":{"allow":["GET"]}}],"collection":[{"href":"https:\/\/www.europesays.com\/es\/wp-json\/wp\/v2\/posts"}],"about":[{"href":"https:\/\/www.europesays.com\/es\/wp-json\/wp\/v2\/types\/post"}],"author":[{"embeddable":true,"href":"https:\/\/www.europesays.com\/es\/wp-json\/wp\/v2\/users\/2"}],"replies":[{"embeddable":true,"href":"https:\/\/www.europesays.com\/es\/wp-json\/wp\/v2\/comments?post=308088"}],"version-history":[{"count":0,"href":"https:\/\/www.europesays.com\/es\/wp-json\/wp\/v2\/posts\/308088\/revisions"}],"wp:featuredmedia":[{"embeddable":true,"href":"https:\/\/www.europesays.com\/es\/wp-json\/wp\/v2\/media\/308089"}],"wp:attachment":[{"href":"https:\/\/www.europesays.com\/es\/wp-json\/wp\/v2\/media?parent=308088"}],"wp:term":[{"taxonomy":"category","embeddable":true,"href":"https:\/\/www.europesays.com\/es\/wp-json\/wp\/v2\/categories?post=308088"},{"taxonomy":"post_tag","embeddable":true,"href":"https:\/\/www.europesays.com\/es\/wp-json\/wp\/v2\/tags?post=308088"}],"curies":[{"name":"wp","href":"https:\/\/api.w.org\/{rel}","templated":true}]}}