{"id":308107,"date":"2025-12-26T12:12:13","date_gmt":"2025-12-26T12:12:13","guid":{"rendered":"https:\/\/www.europesays.com\/es\/308107\/"},"modified":"2025-12-26T12:12:13","modified_gmt":"2025-12-26T12:12:13","slug":"muere-juantxu-larrucea-el-cocinero-vizcaino-de-los-ciclistas","status":"publish","type":"post","link":"https:\/\/www.europesays.com\/es\/308107\/","title":{"rendered":"Muere Juantxu Larrucea, el cocinero vizca\u00edno de los ciclistas"},"content":{"rendered":"<p><img fetchpriority=\"high\" class=\"v-a-img\" src=\"https:\/\/www.europesays.com\/es\/wp-content\/uploads\/2025\/12\/larruzea2-kvq-U240670151208kKE-1200x840@El Correo.PNG\" loading=\"eager\" decoding=\"async\" alt=\"Juantxu Larruzea, cuando regentaba su establecimiento en Amorebieta.\"  width=\"1200\" height=\"840\"\/><\/p>\n<p>Juantxu Larruzea, cuando regentaba su establecimiento en Amorebieta.          Maika Salguero        <\/p>\n<p>Natural de Amorebieta, ten\u00eda 81 a\u00f1os y fue chef de la selecci\u00f3n espa\u00f1ola en los tiempos de Miguel Indurain, Juli\u00e1n Gorospe y Abraham Olano, cuando \u00e9ste gan\u00f3 el Mundial de Colombia<\/p>\n<p class=\"v-mdl-ath__p v-mdl-ath__p--6\">\nViernes, 26 de diciembre 2025, 11:31<\/p>\n<p class=\"v-p\">Juantxu Larrucea, cocinero de Amorebieta, apasionado del ciclismo y encargado en su d\u00eda de alimentar a los ciclistas de la selecci\u00f3n espa\u00f1ola cuando acud\u00edan a los Mundiales, falleci\u00f3 este jueves de forma a los 81 a\u00f1os. En su templo se viv\u00eda la cocina y el ciclismo por igual. El Juantxu era un santuario para los corredores. All\u00ed paraban el Reynolds, luego Banesto, el d\u00eda del Gran Premio Primavera. Indurain, Delgado, Olano, Marino, Gorospe&#8230; eran muchos de los habituales, y en el caso de Olano, Larrucea era el cocinero de la selecci\u00f3n cuando el ciclista de Anoeta se convirti\u00f3 en campe\u00f3n del mundo en Duitama (Colombia). Tambi\u00e9n all\u00ed cerraba cada a\u00f1o la temporada, con una alubiada, el Euskaltel-Euskadi de Miguel Madariaga.<\/p>\n<p class=\"v-p\">Hay quien le llam\u00f3 el Argui\u00f1ano de los ciclistas. Natural de Amorebieta, donde regent\u00f3 el restaurante Juantxu hasta su jubilaci\u00f3n, tambi\u00e9n se dedic\u00f3 a la hosteler\u00eda en Durango y ejerci\u00f3 incluso de cocinero en barcos de pesca durante periodos de faena. Hecho a s\u00ed mismo, su apego al ciclismo le viene desde joven. Fiel seguidor de Juli\u00e1n Gorospe, disfrut\u00f3 con sus triunfos, como aquel al sprint ante Sean Kelly en Ibardin en la Itzulia de 1984 o el que en el mismo alto le dio seis a\u00f1os m\u00e1s tarde, en 1990, el triunfo absoluto en la ronda vasca.<\/p>\n<p class=\"v-p\">Encargado de los fogones de la selecci\u00f3n cuando acud\u00eda a los Mundiales de fondo en ruta, entabl\u00f3 una relaci\u00f3n estrecha con Miguel Indurain, que de vez en cuando se saltaba su dieta para degustar los postres de Juantxu. Con sus admirados corredores disfrut\u00f3 de alguna que otra medalla, como la de oro de Abraham Olano en Colombia, y sufri\u00f3 cuando los resultados no les acompa\u00f1aron, como en Utsonomiya en 1990, donde se las tuvo que ingeniar con los japoneses.<\/p>\n<p class=\"v-p\">Se mantuvo en activo hasta 2010, cuando \u00e9l y su esposa, Asun Oarbeaskoa, inseparables desde que se conocieran en 1970, cedieron el testigo de su negocio tras m\u00e1s de 50 a\u00f1os de actividad. <\/p>\n<p>Reporta un error<\/p>\n","protected":false},"excerpt":{"rendered":"Juantxu Larruzea, cuando regentaba su establecimiento en Amorebieta. Maika Salguero Natural de Amorebieta, ten\u00eda 81 a\u00f1os y fue&hellip;\n","protected":false},"author":2,"featured_media":308108,"comment_status":"","ping_status":"","sticky":false,"template":"","format":"standard","meta":{"footnotes":""},"categories":[273],"tags":[313,2838,26778,312,168,25,24,5992,72705,72744,23,167],"class_list":{"0":"post-308107","1":"post","2":"type-post","3":"status-publish","4":"format-standard","5":"has-post-thumbnail","7":"category-ciclismo","8":"tag-ciclismo","9":"tag-ciclistas","10":"tag-cocinero","11":"tag-cycling","12":"tag-deportes","13":"tag-es","14":"tag-espana","15":"tag-fallece","16":"tag-juantxu","17":"tag-larruzea","18":"tag-spain","19":"tag-sports"},"share_on_mastodon":{"url":"https:\/\/pubeurope.com\/@es\/115785809577677501","error":""},"_links":{"self":[{"href":"https:\/\/www.europesays.com\/es\/wp-json\/wp\/v2\/posts\/308107","targetHints":{"allow":["GET"]}}],"collection":[{"href":"https:\/\/www.europesays.com\/es\/wp-json\/wp\/v2\/posts"}],"about":[{"href":"https:\/\/www.europesays.com\/es\/wp-json\/wp\/v2\/types\/post"}],"author":[{"embeddable":true,"href":"https:\/\/www.europesays.com\/es\/wp-json\/wp\/v2\/users\/2"}],"replies":[{"embeddable":true,"href":"https:\/\/www.europesays.com\/es\/wp-json\/wp\/v2\/comments?post=308107"}],"version-history":[{"count":0,"href":"https:\/\/www.europesays.com\/es\/wp-json\/wp\/v2\/posts\/308107\/revisions"}],"wp:featuredmedia":[{"embeddable":true,"href":"https:\/\/www.europesays.com\/es\/wp-json\/wp\/v2\/media\/308108"}],"wp:attachment":[{"href":"https:\/\/www.europesays.com\/es\/wp-json\/wp\/v2\/media?parent=308107"}],"wp:term":[{"taxonomy":"category","embeddable":true,"href":"https:\/\/www.europesays.com\/es\/wp-json\/wp\/v2\/categories?post=308107"},{"taxonomy":"post_tag","embeddable":true,"href":"https:\/\/www.europesays.com\/es\/wp-json\/wp\/v2\/tags?post=308107"}],"curies":[{"name":"wp","href":"https:\/\/api.w.org\/{rel}","templated":true}]}}