{"id":308119,"date":"2025-12-26T12:21:12","date_gmt":"2025-12-26T12:21:12","guid":{"rendered":"https:\/\/www.europesays.com\/es\/308119\/"},"modified":"2025-12-26T12:21:12","modified_gmt":"2025-12-26T12:21:12","slug":"homo-argentum-una-comedia-acida-sobre-el-egoismo-para-esta-navidad-libertad-digital","status":"publish","type":"post","link":"https:\/\/www.europesays.com\/es\/308119\/","title":{"rendered":"&#8216;Homo Argentum&#8217;, una comedia \u00e1cida sobre el ego\u00edsmo para esta Navidad &#8211; Libertad Digital"},"content":{"rendered":"<p>Esta semana os hablo de una pel\u00edcula argentina que ha dado mucho que hablar en su pa\u00eds, sobre todo porque es una <strong>cr\u00edtica bastante exacerbada de los argentinos<\/strong>. Se trata de <strong>Homo Argentum <\/strong>en la que el actor <strong>Guillermo Francella<\/strong> interpreta nada m\u00e1s y nada menos que a 16 personajes porque la pel\u00edcula se compone de 16 historias, a veces muy cortas, otras un poco m\u00e1s largas.<\/p>\n<p>La primera historia a m\u00ed me traspasa porque muestra<strong> hasta d\u00f3nde puede llegar el ser humano en su ego\u00edsmo<\/strong>. A partir de ah\u00ed, asistimos a una <strong>comedia muy \u00e1cida.<\/strong> Si la pel\u00edcula tiene un inicio espectacular, no menos lo es el cierre con otra historia de aquellos <strong>argentinos que son de origen italiano<\/strong> y que van a buscar a Italia, a lo m\u00e1s profundo de Italia, a sus or\u00edgenes.<\/p>\n<p>Los directores, <strong>Mariano Cohn y Gast\u00f3n Duprat,<\/strong> son los responsables de pel\u00edculas como El Ciudadano Ilustre o series como El encargado. <\/p>\n<p>                                            <strong>Pincha en el v\u00eddeo <\/strong>para descubrir todos los detalles sin spoilers.                                <\/p>\n","protected":false},"excerpt":{"rendered":"Esta semana os hablo de una pel\u00edcula argentina que ha dado mucho que hablar en su pa\u00eds, sobre&hellip;\n","protected":false},"author":2,"featured_media":308120,"comment_status":"","ping_status":"","sticky":false,"template":"","format":"standard","meta":{"footnotes":""},"categories":[169],"tags":[177,72746,146,147,25,24,176,71378,65865,71894,71379,175,3889,23],"class_list":{"0":"post-308119","1":"post","2":"type-post","3":"status-publish","4":"format-standard","5":"has-post-thumbnail","7":"category-cine","8":"tag-cine","9":"tag-egoismo","10":"tag-entertainment","11":"tag-entretenimiento","12":"tag-es","13":"tag-espana","14":"tag-film","15":"tag-gaston-duprat","16":"tag-guillermo-francella","17":"tag-homo-argentum","18":"tag-mariano-cohn","19":"tag-movies","20":"tag-sector-del-cine","21":"tag-spain"},"share_on_mastodon":{"url":"https:\/\/pubeurope.com\/@es\/115785844958104268","error":""},"_links":{"self":[{"href":"https:\/\/www.europesays.com\/es\/wp-json\/wp\/v2\/posts\/308119","targetHints":{"allow":["GET"]}}],"collection":[{"href":"https:\/\/www.europesays.com\/es\/wp-json\/wp\/v2\/posts"}],"about":[{"href":"https:\/\/www.europesays.com\/es\/wp-json\/wp\/v2\/types\/post"}],"author":[{"embeddable":true,"href":"https:\/\/www.europesays.com\/es\/wp-json\/wp\/v2\/users\/2"}],"replies":[{"embeddable":true,"href":"https:\/\/www.europesays.com\/es\/wp-json\/wp\/v2\/comments?post=308119"}],"version-history":[{"count":0,"href":"https:\/\/www.europesays.com\/es\/wp-json\/wp\/v2\/posts\/308119\/revisions"}],"wp:featuredmedia":[{"embeddable":true,"href":"https:\/\/www.europesays.com\/es\/wp-json\/wp\/v2\/media\/308120"}],"wp:attachment":[{"href":"https:\/\/www.europesays.com\/es\/wp-json\/wp\/v2\/media?parent=308119"}],"wp:term":[{"taxonomy":"category","embeddable":true,"href":"https:\/\/www.europesays.com\/es\/wp-json\/wp\/v2\/categories?post=308119"},{"taxonomy":"post_tag","embeddable":true,"href":"https:\/\/www.europesays.com\/es\/wp-json\/wp\/v2\/tags?post=308119"}],"curies":[{"name":"wp","href":"https:\/\/api.w.org\/{rel}","templated":true}]}}