{"id":308123,"date":"2025-12-26T12:23:10","date_gmt":"2025-12-26T12:23:10","guid":{"rendered":"https:\/\/www.europesays.com\/es\/308123\/"},"modified":"2025-12-26T12:23:10","modified_gmt":"2025-12-26T12:23:10","slug":"el-hospital-de-basurto-lider-en-el-tratamiento-de-una-enfermedad-que-sufren-miles-de-personas","status":"publish","type":"post","link":"https:\/\/www.europesays.com\/es\/308123\/","title":{"rendered":"El Hospital de Basurto, l\u00edder en el tratamiento de una enfermedad que sufren miles de personas"},"content":{"rendered":"<p>\n        <strong>La Unidad de Asma Grave del servicio de Alergolog\u00eda del <\/strong><a href=\"https:\/\/www.deia.eus\/tags\/hospital-de-basurto\/\" title=\"Hospital de Basurto\" class=\"link copy\" rel=\"nofollow noopener\" target=\"_blank\"><strong>Hospital de Basurto<\/strong><\/a><strong> contin\u00faa siendo la mejor del Estado despu\u00e9s de haber sido reacreditada con el distintivo de Excelencia<\/strong>. Se trata del nivel m\u00e1s alto, otorgado por la Sociedad Espa\u00f1ola de Alergolog\u00eda e Inmunolog\u00eda Cl\u00ednica (SEAIC), que mantiene a este servicio como referente. A nivel estatal, el servicio del Hospital de Basurto forma parte de las 28 unidades acreditadas con ese nivel de excelencia.\n<\/p>\n<p class=\"article-body__text \">\n        \u00abRefuerza el compromiso de Osakidetza con la seguridad del paciente, vincul\u00e1ndose directamente con el objetivo del Pacto de Salud de mejorar el abordaje de las enfermedades cr\u00f3nicas, <strong>garantizando una atenci\u00f3n de vanguardia, equitativa y personalizada para toda la poblaci\u00f3n vasca<\/strong>\u00ab, se\u00f1alan desde el departamento de Salud.\n<\/p>\n<p class=\"article-body__text \">\n        <strong>Adem\u00e1s, la novedad llega con la certificaci\u00f3n de la unidad como docente<\/strong>. Un cambio que permitir\u00e1 a las y los facultativos de este servicio impartir formaci\u00f3n pr\u00e1ctica presencial a profesionales de Atenci\u00f3n Primaria y de otras especialidades m\u00e9dicas, dentro del programa de desarrollo profesional continuado de la SEAIC.\n<\/p>\n<p>  540 consultas<\/p>\n<p class=\"article-body__text \">\n        El asma es una patolog\u00eda controlada y tratada por Alergolog\u00eda, Neumolog\u00eda y Atenci\u00f3n Primaria que afecta a cerca de tres millones de personas en el Estado, de las cuales <strong>entre un 5% y un 10% de las y los pacientes presentan asma grave<\/strong>. La mitad de estas personas a las que se diagnostica asma grave no logra un control adecuado de la enfermedad. Esta situaci\u00f3n conlleva un mayor uso de los servicios de Urgencias y hospitalizaciones,<strong> con un coste estimado de m\u00e1s de 8.500 euros anuales por paciente.<\/strong> Durante este \u00faltimo a\u00f1o, la Unidad de Asma Grave del servicio de Alergolog\u00eda del Hospital de Basurto <strong>ha realizado 540 consultas, gestionando el seguimiento de 130 pacientes de alta complejidad que requieren un control riguroso y personalizado.<\/strong>\n<\/p>\n<p class=\"article-photo__footer\">\n            Equipo de la Unidad de Asma Grave de Osakidetza            Irekia        <\/p>\n<p class=\"article-body__text \">\n        Seg\u00fan explican desde el departamento de Salud, en esta unidad se atiende a personas que sufren <strong>s\u00edntomas severos y persistentes, ataques frecuentes en general con una funci\u00f3n pulmonar muy reducida<\/strong>. Suelen depender del uso cr\u00f3nico de medicaci\u00f3n inhalada a dosis altas y con frecuencia con corticoides orales, lo que conlleva efectos secundarios frecuentes. Lo que la unidad busca es disminuir estos efectos adversos, mejorar la calidad de vida, controlar las agudizaciones y, por tanto, reducir las urgencias e ingresos. <strong>\u00bfC\u00f3mo lo hace? Realizando un abordaje integral de los casos, con protocolos actualizados y acceso a terapias innovadoras.<\/strong>\n<\/p>\n<p class=\"article-body__text \">\n        La Unidad de la OSI Bilbao-Basurto est\u00e1 coordinada por dos facultativos especialistas en Alergolog\u00eda y dos enfermeras especializadas. Su modelo de trabajo es multidisciplinar, ya que colaboran estrechamente con Neumolog\u00eda, Dermatolog\u00eda y Otorrinolaringolog\u00eda para<strong> ofrecer un tratamiento integral que abarque no solo el asma, sino sus patolog\u00edas asociadas<\/strong> (rinosinusitis, poliposis o dermatitis at\u00f3pica u otras enfermedades respiratorias como la enfermedad pulmonar obstructiva cr\u00f3nica o s\u00edndrome de apnea del sue\u00f1o).\n<\/p>\n<p>  Criterios de evaluaci\u00f3n<\/p>\n<p class=\"article-body__text \">\n        La obtenci\u00f3n del sello de Excelencia exige el cumplimiento estricto del 100% de los criterios fijados por la sociedad cient\u00edfica. La auditor\u00eda ha evaluado positivamente, entre otros, aspectos cr\u00edticos como: la implantaci\u00f3n de protocolos de citaci\u00f3n prioritaria, el organigrama con distribuci\u00f3n de funciones de los profesionales, l<strong>os proyectos de investigaci\u00f3n y el acceso a terapias biol\u00f3gicas innovadoras y los programas de educaci\u00f3n para la salud dirigidos a pacientes.<\/strong><\/p>\n","protected":false},"excerpt":{"rendered":"La Unidad de Asma Grave del servicio de Alergolog\u00eda del Hospital de Basurto contin\u00faa siendo la mejor del&hellip;\n","protected":false},"author":2,"featured_media":308124,"comment_status":"","ping_status":"","sticky":false,"template":"","format":"standard","meta":{"footnotes":""},"categories":[92],"tags":[72747,2996,25,24,165,3345,5564,166,23,1064],"class_list":{"0":"post-308123","1":"post","2":"type-post","3":"status-publish","4":"format-standard","5":"has-post-thumbnail","7":"category-salud","8":"tag-basurto","9":"tag-enfermedad","10":"tag-es","11":"tag-espana","12":"tag-health","13":"tag-hospital","14":"tag-lider","15":"tag-salud","16":"tag-spain","17":"tag-tratamiento"},"share_on_mastodon":{"url":"https:\/\/pubeurope.com\/@es\/115785852853260719","error":""},"_links":{"self":[{"href":"https:\/\/www.europesays.com\/es\/wp-json\/wp\/v2\/posts\/308123","targetHints":{"allow":["GET"]}}],"collection":[{"href":"https:\/\/www.europesays.com\/es\/wp-json\/wp\/v2\/posts"}],"about":[{"href":"https:\/\/www.europesays.com\/es\/wp-json\/wp\/v2\/types\/post"}],"author":[{"embeddable":true,"href":"https:\/\/www.europesays.com\/es\/wp-json\/wp\/v2\/users\/2"}],"replies":[{"embeddable":true,"href":"https:\/\/www.europesays.com\/es\/wp-json\/wp\/v2\/comments?post=308123"}],"version-history":[{"count":0,"href":"https:\/\/www.europesays.com\/es\/wp-json\/wp\/v2\/posts\/308123\/revisions"}],"wp:featuredmedia":[{"embeddable":true,"href":"https:\/\/www.europesays.com\/es\/wp-json\/wp\/v2\/media\/308124"}],"wp:attachment":[{"href":"https:\/\/www.europesays.com\/es\/wp-json\/wp\/v2\/media?parent=308123"}],"wp:term":[{"taxonomy":"category","embeddable":true,"href":"https:\/\/www.europesays.com\/es\/wp-json\/wp\/v2\/categories?post=308123"},{"taxonomy":"post_tag","embeddable":true,"href":"https:\/\/www.europesays.com\/es\/wp-json\/wp\/v2\/tags?post=308123"}],"curies":[{"name":"wp","href":"https:\/\/api.w.org\/{rel}","templated":true}]}}