{"id":308206,"date":"2025-12-26T13:30:08","date_gmt":"2025-12-26T13:30:08","guid":{"rendered":"https:\/\/www.europesays.com\/es\/308206\/"},"modified":"2025-12-26T13:30:08","modified_gmt":"2025-12-26T13:30:08","slug":"rebe-sabrina-carpenter-rocio-marquez-jenesaispop-com","status":"publish","type":"post","link":"https:\/\/www.europesays.com\/es\/308206\/","title":{"rendered":"Rebe, Sabrina Carpenter, Roc\u00edo M\u00e1rquez&#8230; \u2013 jenesaispop.com"},"content":{"rendered":"<p>La industria musical descansa en Navidad, pero hoy 26 de diciembre a\u00fan asistimos a lanzamientos especiales de <a href=\"https:\/\/jenesaispop.com\/2025\/12\/25\/513660\/guitarricadelafuente-en-la-noche-mas-fria\/\" rel=\"nofollow noopener\" target=\"_blank\">Guitarricadelafuente<\/a> -una preciosa jota- o, en un plano m\u00e1s underground, Rebe, que lanza una nueva entrega de su serie navide\u00f1a. Adem\u00e1s, Sabrina Carpenter edita en streaming uno de los bonus tracks de su \u00faltimo disco, \u2018<a href=\"https:\/\/jenesaispop.com\/2025\/08\/30\/506275\/sabrina-carpenter-mans-best-friend-critica\/\" rel=\"nofollow noopener\" target=\"_blank\">Man\u2019s Best Friend<\/a>\u2018; Roc\u00edo M\u00e1rquez se marca un \u2018Fandango\u2019, y tanto Artemas como Carlota Fl\u00e2neur presentan nueva m\u00fasica. \u00a1Feliz Navidad y pr\u00f3spero 2026!<\/p>\n","protected":false},"excerpt":{"rendered":"La industria musical descansa en Navidad, pero hoy 26 de diciembre a\u00fan asistimos a lanzamientos especiales de Guitarricadelafuente&hellip;\n","protected":false},"author":2,"featured_media":308207,"comment_status":"","ping_status":"","sticky":false,"template":"","format":"standard","meta":{"footnotes":""},"categories":[170],"tags":[72755,72756,146,147,25,24,56300,184,185,72757,18815,23],"class_list":{"0":"post-308206","1":"post","2":"type-post","3":"status-publish","4":"format-standard","5":"has-post-thumbnail","7":"category-musica","8":"tag-artemas","9":"tag-carlota-flaneur","10":"tag-entertainment","11":"tag-entretenimiento","12":"tag-es","13":"tag-espana","14":"tag-guitarricadelafuente","15":"tag-music","16":"tag-musica","17":"tag-rebe","18":"tag-sabrina-carpenter","19":"tag-spain"},"share_on_mastodon":{"url":"https:\/\/pubeurope.com\/@es\/115786116362357380","error":""},"_links":{"self":[{"href":"https:\/\/www.europesays.com\/es\/wp-json\/wp\/v2\/posts\/308206","targetHints":{"allow":["GET"]}}],"collection":[{"href":"https:\/\/www.europesays.com\/es\/wp-json\/wp\/v2\/posts"}],"about":[{"href":"https:\/\/www.europesays.com\/es\/wp-json\/wp\/v2\/types\/post"}],"author":[{"embeddable":true,"href":"https:\/\/www.europesays.com\/es\/wp-json\/wp\/v2\/users\/2"}],"replies":[{"embeddable":true,"href":"https:\/\/www.europesays.com\/es\/wp-json\/wp\/v2\/comments?post=308206"}],"version-history":[{"count":0,"href":"https:\/\/www.europesays.com\/es\/wp-json\/wp\/v2\/posts\/308206\/revisions"}],"wp:featuredmedia":[{"embeddable":true,"href":"https:\/\/www.europesays.com\/es\/wp-json\/wp\/v2\/media\/308207"}],"wp:attachment":[{"href":"https:\/\/www.europesays.com\/es\/wp-json\/wp\/v2\/media?parent=308206"}],"wp:term":[{"taxonomy":"category","embeddable":true,"href":"https:\/\/www.europesays.com\/es\/wp-json\/wp\/v2\/categories?post=308206"},{"taxonomy":"post_tag","embeddable":true,"href":"https:\/\/www.europesays.com\/es\/wp-json\/wp\/v2\/tags?post=308206"}],"curies":[{"name":"wp","href":"https:\/\/api.w.org\/{rel}","templated":true}]}}