{"id":308214,"date":"2025-12-26T13:34:10","date_gmt":"2025-12-26T13:34:10","guid":{"rendered":"https:\/\/www.europesays.com\/es\/308214\/"},"modified":"2025-12-26T13:34:10","modified_gmt":"2025-12-26T13:34:10","slug":"portal-de-noticias-del-gobierno-de-canarias-411","status":"publish","type":"post","link":"https:\/\/www.europesays.com\/es\/308214\/","title":{"rendered":"Portal de Noticias del Gobierno de Canarias"},"content":{"rendered":"<blockquote>\n<p>Se presentaron un total de 182 propuestas, que fueron evaluadas y seleccionadas por un comit\u00e9 de personas expertas<\/p>\n<p>Esta ayuda dotar\u00e1 de apoyo a la creaci\u00f3n de textos para largometrajes de autor\u00eda canaria, \u00a0seleccionados por convocatoria p\u00fablica<\/p>\n<\/blockquote>\n<p><strong>Toda gran pel\u00edcula nace en el momento en el que alguien decide escribirla. El Gobierno de Canarias ha resuelto las ayudas a la redacci\u00f3n de guiones audiovisuales con la selecci\u00f3n de 14 proyectos, todos ellos destinados a largometrajes de ficci\u00f3n y documental que ver\u00e1n la luz el pr\u00f3ximo a\u00f1o. La elecci\u00f3n se realiz\u00f3 mediante una convocatoria p\u00fablica organizada en 2025 por la Direcci\u00f3n General de Innovaci\u00f3n Cultural e Industrias Creativas, orientada al impulso de la creaci\u00f3n de textos f\u00edlmicos de autor\u00eda canaria,\u00a0<\/strong><\/p>\n<p>Los proyectos que recibir\u00e1n la subvenci\u00f3n han sido elegidos por un comit\u00e9 de personas expertas y su selecci\u00f3n se encuentra disponible en\u00a0<a href=\"https:\/\/www.icdcultural.org\/publicaciones\/subvenciones-destinadas-a-la-escritura-de-guiones-de-obras-audiovisuales-de-autoria-canaria-2025\" rel=\"nofollow noopener\" target=\"_blank\">www.icdcultural.org<\/a>\u00a0(apartado Convocatorias).<\/p>\n<p>Esta iniciativa recibi\u00f3 un total de 182 propuestas, evaluadas por un comit\u00e9 de expertos del \u00e1mbito audiovisual. La selecci\u00f3n se realiz\u00f3 considerando criterios como la vinculaci\u00f3n con Canarias y la trayectoria profesional de los autores. Los proyectos elegidos recibir\u00e1n 9.000\u202f\u20ac para la redacci\u00f3n de los guiones.<\/p>\n<p><strong>Pel\u00edculas seleccionadas<\/strong><\/p>\n<p>Los largometrajes que recibir\u00e1n la ayuda ser\u00e1n \u2018La tempestad\u2019 (ficci\u00f3n), \u2018El comienzo\u2019 (ficci\u00f3n), \u2018Bah\u00eda feliz\u2019 (ficci\u00f3n), \u2018Mi padre drag\u2019 (ficci\u00f3n), \u2018Rebeca\u2019 (ficci\u00f3n), \u2018Yesenia\u2019 (ficci\u00f3n), \u2018La furgoneta al final de la calle\u2019 (ficci\u00f3n), \u2018Se\u00f1ores de Ruiz\u2019 (documental), \u2018Silencioso Leo\u2019 (ficci\u00f3n), \u2018Las lenguas de los p\u00e1jaros\u2019 (ficci\u00f3n), \u2018Herederas\u2019 (ficci\u00f3n), \u2018La suerte m\u00eda\u2019 (ficci\u00f3n), \u2018La Ceremonia\u2019 (documental) y \u2018Siderales\u2019 (ficci\u00f3n).<\/p>\n","protected":false},"excerpt":{"rendered":"Se presentaron un total de 182 propuestas, que fueron evaluadas y seleccionadas por un comit\u00e9 de personas expertas&hellip;\n","protected":false},"author":2,"featured_media":308215,"comment_status":"","ping_status":"","sticky":false,"template":"","format":"standard","meta":{"footnotes":""},"categories":[91],"tags":[146,147,25,24,23],"class_list":{"0":"post-308214","1":"post","2":"type-post","3":"status-publish","4":"format-standard","5":"has-post-thumbnail","7":"category-entretenimiento","8":"tag-entertainment","9":"tag-entretenimiento","10":"tag-es","11":"tag-espana","12":"tag-spain"},"share_on_mastodon":{"url":"https:\/\/pubeurope.com\/@es\/115786132058502573","error":""},"_links":{"self":[{"href":"https:\/\/www.europesays.com\/es\/wp-json\/wp\/v2\/posts\/308214","targetHints":{"allow":["GET"]}}],"collection":[{"href":"https:\/\/www.europesays.com\/es\/wp-json\/wp\/v2\/posts"}],"about":[{"href":"https:\/\/www.europesays.com\/es\/wp-json\/wp\/v2\/types\/post"}],"author":[{"embeddable":true,"href":"https:\/\/www.europesays.com\/es\/wp-json\/wp\/v2\/users\/2"}],"replies":[{"embeddable":true,"href":"https:\/\/www.europesays.com\/es\/wp-json\/wp\/v2\/comments?post=308214"}],"version-history":[{"count":0,"href":"https:\/\/www.europesays.com\/es\/wp-json\/wp\/v2\/posts\/308214\/revisions"}],"wp:featuredmedia":[{"embeddable":true,"href":"https:\/\/www.europesays.com\/es\/wp-json\/wp\/v2\/media\/308215"}],"wp:attachment":[{"href":"https:\/\/www.europesays.com\/es\/wp-json\/wp\/v2\/media?parent=308214"}],"wp:term":[{"taxonomy":"category","embeddable":true,"href":"https:\/\/www.europesays.com\/es\/wp-json\/wp\/v2\/categories?post=308214"},{"taxonomy":"post_tag","embeddable":true,"href":"https:\/\/www.europesays.com\/es\/wp-json\/wp\/v2\/tags?post=308214"}],"curies":[{"name":"wp","href":"https:\/\/api.w.org\/{rel}","templated":true}]}}