{"id":308234,"date":"2025-12-26T13:52:10","date_gmt":"2025-12-26T13:52:10","guid":{"rendered":"https:\/\/www.europesays.com\/es\/308234\/"},"modified":"2025-12-26T13:52:10","modified_gmt":"2025-12-26T13:52:10","slug":"stranger-things-se-estira-con-un-segundo-volumen-que-no-aporta-gran-cosa-a-la-historia-pero-tambien-espinof","status":"publish","type":"post","link":"https:\/\/www.europesays.com\/es\/308234\/","title":{"rendered":"&#039;Stranger Things&#039; se estira con un segundo volumen que no aporta gran cosa a la historia. Pero tambi\u00e9n&#8230; &#8211; Espinof"},"content":{"rendered":"<ol>\n<li><a href=\"https:\/\/news.google.com\/rss\/articles\/CBMi-AFBVV95cUxPSW9nNm1Uc0FfWmZ6a0p2dWR0SzJPRVZ3RkRFQlp1M3g0eG1RaGJkVkpQU1lyYjBjeUVxajRYWkJNVVpHdXhTaW5sZ05TY0dqSlNJRHgtYlpJOVhzV3JmUDRvVUlKMG1TLUdJSi1QT014anJYSmpUOVE4OU0zd0RlODBwVHM1YXNhdmZjNFJiTXNodkFIdHdiLThZaV9RdkpKM1hGYVNpQ01HcVBtV0Z0OS1qWWpJWVBZNS0wSEZsYUYwcWNyM3FGNTg0OWNJVGZsSHFmWWJEaGdBWGpmZFB2NGcxTHF5akpvLTNlNXVxOFhmOGV3RF9LZtIB_gFBVV95cUxNZFo5cnJta2ZXaXhYR2FiS3hkR2lUbWhUUEM0cEFTbWFMOXM0SEprOG9SY193UnpFTVQxYm5yVVNPZkE5U3RidnFkdEQ2YjBWejRFTG5FcVpNNDR3ZmRVaDZnU0J5ZDJSZWZWc3hSZmx4NnNJc1BuWHFTbTgtM1d3LVJhbWJsSkpYSUNQMlhRUHhySnBtTHVRM05VY2hTM3FrbzlqaDVBVjJtWFdFTHZhQWxHZ29DeE55NXJiNHE0Zm11VzQzekNkU1ZoMXh5WnFJbXpIVk5iR1BKQ2pYYkEzaU0zUkU3dXVzUnpKSkNuOXl6b1g0cFd0dkdrRUtmUQ?oc=5\" target=\"_blank\" rel=\"nofollow noopener\">&#8216;Stranger Things&#8217; se estira con un segundo volumen que no aporta gran cosa a la historia. Pero tambi\u00e9n&#8230;<\/a>&nbsp;&nbsp;Espinof<\/li>\n<li><a href=\"https:\/\/news.google.com\/rss\/articles\/CBMi6AFBVV95cUxOSWc1eU54dHRrV05xZ3pKU0xseXFzU0MydnlDcHpqNFFBNzJOM1BNQlZhb1ZVS3NFcG1aSWQtM3F1T19uc3FKc0tPdWxWa1RKcFNVUjVzMVJCOUdHUWpDcThfaVczd25RSmNBMzdvZ0swOVdjRUdpOVBMNnJXeHZhOE8ta3hueEZ1dUJubFN1T2h1NFRUdF93eDhWYkVkNXNMaVlLS2NScmt1SGJIMmZqVkJwbGRmZFZSWVF5QVB6S0NRejRVN0tud3RTeGR5WkdZQUlQZnlBTEQ0MGxrLWdDUUFOXy1yQVlI?oc=5\" target=\"_blank\" rel=\"nofollow noopener\">\u201cHa cambiado mi vida dr\u00e1sticamente\u201d: los protagonistas de \u2018Stranger Things\u2019 se despiden de sus personajes<\/a>&nbsp;&nbsp;EL PA\u00cdS<\/li>\n<li><a href=\"https:\/\/news.google.com\/rss\/articles\/CBMiigFBVV95cUxOQWhzZW52UEg2VjQzaURkM056YVN6OXpmcmtRTlFmUXpIYWIydDFIeHhVbmpmT2lEbkY1S1NWYTFkNVJZNm9pTlNlUkJ3V0xoTURoNi1EdV82RFFOSDRVYTYtNHYyWk1CUWllZGVLd3hVdWcyTDdzRkN0MllFbUhLYVFZQjVSTVowZVE?oc=5\" target=\"_blank\" rel=\"nofollow noopener\">Stranger Things 5: fecha de estreno de los episodios de cada parte y la duraci\u00f3n de la \u00faltima temporada<\/a>&nbsp;&nbsp;CNN en Espa\u00f1ol<\/li>\n<li><a href=\"https:\/\/news.google.com\/rss\/articles\/CBMirAFBVV95cUxNUDNVZmptb3hITlNiSFFBRmlUNmFKdGwzeFhHbVlDbGI5VGd5N19SU2Q0OTJuM2F4TFk4cEdMQ1hoMGd5RjdHWXpRVHNNaGJyNHdvXzNTSTB1cjNhZDF3a3B0VGkyV2F3b21URlgwNXNqSVgtNV9pMnZDWXRjb3lGa25jQkd3dHFYc2tQOVdsbUpFMjJxRzA1QW1QREtCXzN1OVZsV1A1a2FIWUJx0gGsAUFVX3lxTE9vUGswRUlURGhXRVVTV25IQ3UwS0l1VWtvVkN0RVZQODl2RTliWFFhaE00OEd1X0VxUno0b3hfcDNfWWlZckM4cnhsQjd0bFkxdC1OTC1OXzVPRUpFVldNb1lwZkRVNFc3aUhMbjBQNWNWeXRNZGthUHZVaWZHVWM3cUpyNG8zLUd5bXhJdlgwNlJIaTBUR1N4dDdIdjJ3NU5NVExhZEtQWklIRnc?oc=5\" target=\"_blank\" rel=\"nofollow noopener\">Cr\u00edtica de &#8216;Stranger things (temporada 5, parte 2)&#8217;: el largo cl\u00edmax contin\u00faa<\/a>&nbsp;&nbsp;El Peri\u00f3dico<\/li>\n<li><a href=\"https:\/\/news.google.com\/rss\/articles\/CBMiW0FVX3lxTE11eFJUbkVaSHRwMFJsV0NUNnY2T3J4N3JjQk9QeFdHY1B4WGFtdDJxN0dlb0hzT2JpazJwZFJRZkV0TTgxcm1wSkM5bjdaamNKSVp5NWtVX25ibjg?oc=5\" target=\"_blank\" rel=\"nofollow noopener\">Stranger Things: las teor\u00edas de lo que puede pasar en el final de la exitosa serie<\/a>&nbsp;&nbsp;BBC<\/li>\n<\/ol>\n","protected":false},"excerpt":{"rendered":"&#8216;Stranger Things&#8217; se estira con un segundo volumen que no aporta gran cosa a la historia. Pero tambi\u00e9n&#8230;&nbsp;&nbsp;Espinof&hellip;\n","protected":false},"author":2,"featured_media":297172,"comment_status":"","ping_status":"","sticky":false,"template":"","format":"standard","meta":{"footnotes":""},"categories":[171],"tags":[146,147,25,24,23,214],"class_list":{"0":"post-308234","1":"post","2":"type-post","3":"status-publish","4":"format-standard","5":"has-post-thumbnail","7":"category-tv","8":"tag-entertainment","9":"tag-entretenimiento","10":"tag-es","11":"tag-espana","12":"tag-spain","13":"tag-tv"},"share_on_mastodon":{"url":"https:\/\/pubeurope.com\/@es\/115786202906139385","error":""},"_links":{"self":[{"href":"https:\/\/www.europesays.com\/es\/wp-json\/wp\/v2\/posts\/308234","targetHints":{"allow":["GET"]}}],"collection":[{"href":"https:\/\/www.europesays.com\/es\/wp-json\/wp\/v2\/posts"}],"about":[{"href":"https:\/\/www.europesays.com\/es\/wp-json\/wp\/v2\/types\/post"}],"author":[{"embeddable":true,"href":"https:\/\/www.europesays.com\/es\/wp-json\/wp\/v2\/users\/2"}],"replies":[{"embeddable":true,"href":"https:\/\/www.europesays.com\/es\/wp-json\/wp\/v2\/comments?post=308234"}],"version-history":[{"count":0,"href":"https:\/\/www.europesays.com\/es\/wp-json\/wp\/v2\/posts\/308234\/revisions"}],"wp:featuredmedia":[{"embeddable":true,"href":"https:\/\/www.europesays.com\/es\/wp-json\/wp\/v2\/media\/297172"}],"wp:attachment":[{"href":"https:\/\/www.europesays.com\/es\/wp-json\/wp\/v2\/media?parent=308234"}],"wp:term":[{"taxonomy":"category","embeddable":true,"href":"https:\/\/www.europesays.com\/es\/wp-json\/wp\/v2\/categories?post=308234"},{"taxonomy":"post_tag","embeddable":true,"href":"https:\/\/www.europesays.com\/es\/wp-json\/wp\/v2\/tags?post=308234"}],"curies":[{"name":"wp","href":"https:\/\/api.w.org\/{rel}","templated":true}]}}