{"id":308235,"date":"2025-12-26T13:53:11","date_gmt":"2025-12-26T13:53:11","guid":{"rendered":"https:\/\/www.europesays.com\/es\/308235\/"},"modified":"2025-12-26T13:53:11","modified_gmt":"2025-12-26T13:53:11","slug":"que-ensenanza-clave-comparten-las-guerreras-k-pop-y-frozen-para-los-chicos","status":"publish","type":"post","link":"https:\/\/www.europesays.com\/es\/308235\/","title":{"rendered":"\u00bfQu\u00e9 ense\u00f1anza clave comparten Las Guerreras K-pop y Frozen para los chicos?"},"content":{"rendered":"<p>&#13;<br \/>\n                    &#13;<br \/>\n                        &#13;<\/p>\n<p>Especialistas en infancia y cultura pop coinciden en que estos personajes reflejan un mensaje clave sobre identidad y emociones.<\/p>\n<p>&#13;<br \/>\n<img decoding=\"async\" class=\"mainImg r16x9\" width=\"416\" height=\"234\" fetchpriority=\"high\" src=\"https:\/\/www.europesays.com\/es\/wp-content\/uploads\/2025\/12\/1766757191_269_las-guerreras-k-pop-_416x234.webp.webp\"  alt=\"Las Guerreras K-pop\" title=\"Las Guerreras K-pop\"\/> Las Guerreras K-pop<a href=\"https:\/\/profile.google.com\/cp\/CgsvZy8xMjBtYzBrcg\" target=\"_blank\" id=\"followGoogleBtn\" rel=\"nofollow noopener\"> <strong>+<\/strong> Seguinos en              <\/a><\/p>\n<p>En mundos muy distintos, <b>Rumi, de Las Guerreras K-pop, y Elsa, de Frozen<\/b>, conectan con millones de chicos a trav\u00e9s de conflictos que no siempre se dicen en voz alta. Ambas historias mezclan fantas\u00eda, m\u00fasica y acci\u00f3n, pero tambi\u00e9n hablan de presiones internas que atraviesan a las infancias actuales. Psic\u00f3logos y pedagogos advierten que no es casual su impacto global.\u00a0<\/p>\n<p>&#13;<br \/>\n&#13;<br \/>\nQu\u00e9 ense\u00f1anza clave comparten Las Guerreras K-pop y Frozen para los chicosLa ense\u00f1anza central que comparten es clara:<b> aceptar lo que uno siente y es, incluso cuando el entorno empuja a esconderlo.<\/b> Elsa aprende que reprimir sus poderes solo la lastima, mientras Rumi enfrenta el peso de encajar en una imagen perfecta. Para los especialistas, el mensaje es que la autenticidad emocional no es una debilidad, sino una fortaleza.<br \/>Desde la psicolog\u00eda infantil, destacan que estos relatos ayudan a<b> poner en palabras miedos, frustraciones y deseos.<\/b> En una etapa donde la validaci\u00f3n externa pesa cada vez m\u00e1s, ver personajes que dudan y se equivocan genera identificaci\u00f3n. No son h\u00e9roes invencibles, sino figuras que <b>aprenden a convivir con sus contradicciones.<\/b><br \/>Seg\u00fan docentes y expertos en crianza, hay tres aprendizajes que los chicos pueden incorporar al ver estas historias:<\/p>\n<ul>\n<li>Reconocer las propias emociones sin culpa.<\/li>\n<li>Entender que no siempre hay que cumplir expectativas ajenas.<\/li>\n<li>Buscar apoyo en otros en lugar de aislarse.<\/li>\n<\/ul>\n<p>Para los especialistas, el valor de Rumi y Elsa est\u00e1 en que rompen con el mandato de la perfecci\u00f3n. En contextos donde el rendimiento y la imagen parecen centrales, estas narrativas proponen algo distinto:<b> crecer implica animarse a ser uno mismo. Una lecci\u00f3n simple, pero poderosa, que sigue resonando en chicos y grandes.<\/b><\/p>\n","protected":false},"excerpt":{"rendered":"&#13; &#13; &#13; Especialistas en infancia y cultura pop coinciden en que estos personajes reflejan un mensaje clave&hellip;\n","protected":false},"author":2,"featured_media":308236,"comment_status":"","ping_status":"","sticky":false,"template":"","format":"standard","meta":{"footnotes":""},"categories":[170],"tags":[146,147,25,24,1099,184,185,23],"class_list":{"0":"post-308235","1":"post","2":"type-post","3":"status-publish","4":"format-standard","5":"has-post-thumbnail","7":"category-musica","8":"tag-entertainment","9":"tag-entretenimiento","10":"tag-es","11":"tag-espana","12":"tag-gaming","13":"tag-music","14":"tag-musica","15":"tag-spain"},"share_on_mastodon":{"url":"https:\/\/pubeurope.com\/@es\/115786207137101041","error":""},"_links":{"self":[{"href":"https:\/\/www.europesays.com\/es\/wp-json\/wp\/v2\/posts\/308235","targetHints":{"allow":["GET"]}}],"collection":[{"href":"https:\/\/www.europesays.com\/es\/wp-json\/wp\/v2\/posts"}],"about":[{"href":"https:\/\/www.europesays.com\/es\/wp-json\/wp\/v2\/types\/post"}],"author":[{"embeddable":true,"href":"https:\/\/www.europesays.com\/es\/wp-json\/wp\/v2\/users\/2"}],"replies":[{"embeddable":true,"href":"https:\/\/www.europesays.com\/es\/wp-json\/wp\/v2\/comments?post=308235"}],"version-history":[{"count":0,"href":"https:\/\/www.europesays.com\/es\/wp-json\/wp\/v2\/posts\/308235\/revisions"}],"wp:featuredmedia":[{"embeddable":true,"href":"https:\/\/www.europesays.com\/es\/wp-json\/wp\/v2\/media\/308236"}],"wp:attachment":[{"href":"https:\/\/www.europesays.com\/es\/wp-json\/wp\/v2\/media?parent=308235"}],"wp:term":[{"taxonomy":"category","embeddable":true,"href":"https:\/\/www.europesays.com\/es\/wp-json\/wp\/v2\/categories?post=308235"},{"taxonomy":"post_tag","embeddable":true,"href":"https:\/\/www.europesays.com\/es\/wp-json\/wp\/v2\/tags?post=308235"}],"curies":[{"name":"wp","href":"https:\/\/api.w.org\/{rel}","templated":true}]}}