{"id":308267,"date":"2025-12-26T14:16:08","date_gmt":"2025-12-26T14:16:08","guid":{"rendered":"https:\/\/www.europesays.com\/es\/308267\/"},"modified":"2025-12-26T14:16:08","modified_gmt":"2025-12-26T14:16:08","slug":"mariah-carey-la-reina-de-la-navidad-vuelve-a-ganar-otra-demanda-por-plagio-de-su-iconica-cancion","status":"publish","type":"post","link":"https:\/\/www.europesays.com\/es\/308267\/","title":{"rendered":"Mariah Carey, la \u00abreina de la Navidad\u00bb, vuelve a ganar otra demanda por plagio de su ic\u00f3nica canci\u00f3n"},"content":{"rendered":"<p class=\"paragraph\">M\u00e1s de treinta a\u00f1os lleva <b>Mariah Carey <\/b>triunfando en Navidad con <b>All I Want For Christmas Is You<\/b>. Uno de los villancicos m\u00e1s famosos del mundo cuya melod\u00eda y \u00e9xito se repite a\u00f1o tras a\u00f1o sin interrupci\u00f3n desde 1994.<\/p>\n<p>Andy Stone y Troy Powers<\/p>\n<p class=\"paragraph\">Tres d\u00e9cadas imparables, llenas tambi\u00e9n de demandas pos supuestos plagios al olor de la gloria y el dinero. La \u00faltima la presentaron<b> los compositores Andy Stone y Troy Powers<\/b>, quienes alegaron que su canci\u00f3n hom\u00f3nima de 1989 era el germen de la de Carey.<\/p>\n<p class=\"paragraph\">La reclamaci\u00f3n era por 20 millones y fue desestimada el pasado marzo, pero el triunfo definitivo de Carey ha llegado este diciembre, cuando <b>el juez ha condenado a los abogados de Stone y Powers a indemnizar a la cantante <\/b>\u00abpor carecer de m\u00e9rito\u00bb la acci\u00f3n legal.<\/p>\n<p class=\"paragraph\"><b>M\u00e1s de 100.000 euros en sanciones<\/b> por el intento de apropiaci\u00f3n de la canci\u00f3n m\u00e1s longeva de una artista femenina en la historia de la lista Billboard.<\/p>\n","protected":false},"excerpt":{"rendered":"M\u00e1s de treinta a\u00f1os lleva Mariah Carey triunfando en Navidad con All I Want For Christmas Is You.&hellip;\n","protected":false},"author":2,"featured_media":308268,"comment_status":"","ping_status":"","sticky":false,"template":"","format":"standard","meta":{"footnotes":""},"categories":[170],"tags":[146,147,25,24,184,185,23],"class_list":{"0":"post-308267","1":"post","2":"type-post","3":"status-publish","4":"format-standard","5":"has-post-thumbnail","7":"category-musica","8":"tag-entertainment","9":"tag-entretenimiento","10":"tag-es","11":"tag-espana","12":"tag-music","13":"tag-musica","14":"tag-spain"},"share_on_mastodon":{"url":"https:\/\/pubeurope.com\/@es\/115786297356232609","error":""},"_links":{"self":[{"href":"https:\/\/www.europesays.com\/es\/wp-json\/wp\/v2\/posts\/308267","targetHints":{"allow":["GET"]}}],"collection":[{"href":"https:\/\/www.europesays.com\/es\/wp-json\/wp\/v2\/posts"}],"about":[{"href":"https:\/\/www.europesays.com\/es\/wp-json\/wp\/v2\/types\/post"}],"author":[{"embeddable":true,"href":"https:\/\/www.europesays.com\/es\/wp-json\/wp\/v2\/users\/2"}],"replies":[{"embeddable":true,"href":"https:\/\/www.europesays.com\/es\/wp-json\/wp\/v2\/comments?post=308267"}],"version-history":[{"count":0,"href":"https:\/\/www.europesays.com\/es\/wp-json\/wp\/v2\/posts\/308267\/revisions"}],"wp:featuredmedia":[{"embeddable":true,"href":"https:\/\/www.europesays.com\/es\/wp-json\/wp\/v2\/media\/308268"}],"wp:attachment":[{"href":"https:\/\/www.europesays.com\/es\/wp-json\/wp\/v2\/media?parent=308267"}],"wp:term":[{"taxonomy":"category","embeddable":true,"href":"https:\/\/www.europesays.com\/es\/wp-json\/wp\/v2\/categories?post=308267"},{"taxonomy":"post_tag","embeddable":true,"href":"https:\/\/www.europesays.com\/es\/wp-json\/wp\/v2\/tags?post=308267"}],"curies":[{"name":"wp","href":"https:\/\/api.w.org\/{rel}","templated":true}]}}