{"id":308269,"date":"2025-12-26T14:17:15","date_gmt":"2025-12-26T14:17:15","guid":{"rendered":"https:\/\/www.europesays.com\/es\/308269\/"},"modified":"2025-12-26T14:17:15","modified_gmt":"2025-12-26T14:17:15","slug":"la-pelicula-de-terror-que-esta-a-punto-de-desaparecer-de-netflix","status":"publish","type":"post","link":"https:\/\/www.europesays.com\/es\/308269\/","title":{"rendered":"la pel\u00edcula de terror que est\u00e1 a punto de desaparecer de Netflix"},"content":{"rendered":"<p>Bienvenidos a Derry ha vuelto a poner de moda el t\u00e9trico y <strong>pesadillesco universo<\/strong> de <a href=\"https:\/\/okdiario.com\/trailer\/stephen-king-lo-vuelve-hacer-critica-elogia-adaptacion-sus-obras-menos-conocidas-15292521\" rel=\"nofollow noopener\" target=\"_blank\">Stephen King<\/a> y ahora, los suscriptores de la \u00abgran N roja\u00bb deben apresurarse si quieren ver la cinta de la que parte todo. Porque s\u00ed, lamentablemente la obra maestra del terror <strong>It\u00a0va a desaparecer en pocas horas<\/strong> de Netflix. Y con ello, la marca de v\u00eddeo bajo demanda se queda sin ninguna parte de la dilog\u00eda con la que Andy Muschietti conquist\u00f3 los cines en 2017 y 2019.<\/p>\n<p><img loading=\"lazy\" decoding=\"async\" class=\"size-medium wp-image-15613755\" alt=\"pel\u00edculas ver Halloween\" width=\"620\" height=\"349\"  src=\"https:\/\/www.europesays.com\/es\/wp-content\/uploads\/2025\/12\/maxresdefault_cropped-1-620x349.jpg\" \/> \u2018It\u2019 (Warner Bros).<\/p>\n<p>La <strong>extensa obra<\/strong> de<a href=\"https:\/\/okdiario.com\/trailer\/darren-aronofski-dirigira-cujo-terrorifica-historia-stephen-king-sobre-perro-rabia-14466217\" rel=\"nofollow noopener\" target=\"_blank\">\u00a0King<\/a> ya tuvo una famosa adaptaci\u00f3n televisiva en los 90 en la que Tim Curry encarn\u00f3 al tenebroso payaso. Pero fue hace casi una d\u00e9cada cuando el cineasta argentino elev\u00f3 al siguiente nivel, el horror de este sombr\u00edo planteamiento sobrenatural que incluye asesinatos infantiles sobre una leyenda maldita en <a href=\"https:\/\/okdiario.com\/trailer\/como-apasionado-del-terror-aseguro-que-it-bienvenidos-derry-no-te-dejara-dormir-este-halloween-15660085\" rel=\"nofollow noopener\" target=\"_blank\">el pueblo de Derry<\/a>. Hoy es el \u00faltimo d\u00eda para ver la obra maestra del terror que consigui\u00f3 <strong>batir un r\u00e9cord meritorio en la taquilla<\/strong> en su momento, m\u00e1s all\u00e1 de sus m\u00e1s que seguros notables n\u00fameros de visualizaciones dentro de Netflix. Y es que a pesar de que habitualmente pueda ser un g\u00e9nero de reclamo reducido,\u00a0IT es la pel\u00edcula de terror m\u00e1s taquillera de todos los tiempos. Un proyecto que logr\u00f3 aunar <strong>701 millones de d\u00f3lares en el box office internacional<\/strong>, superando a otras estimables y reconocidas producciones como El sexto sentido o El exorcista.<\/p>\n<p><img loading=\"lazy\" decoding=\"async\" class=\"size-medium wp-image-15613753\" alt=\"Halloween HBO Max pel\u00edculas\" width=\"620\" height=\"349\"  src=\"https:\/\/www.europesays.com\/es\/wp-content\/uploads\/2025\/12\/it-pennywise-remake-stephen-king-1200x800_cropped-1-620x349.jpg\" \/> \u2018It\u2019 (Warner Bros).<\/p>\n<p>Parte de ese m\u00e9rito nace de la confecci\u00f3n de un guion escrito por <strong>Chase Palmer, Cary Joji Fukunaga y Gary Dauberman<\/strong> y por supuesto, de la confecci\u00f3n de un casting que funciona a las mil maravillas. Sobre todo en la elecci\u00f3n actoral del principal antagonista, <strong>Bill Skarsg\u00e5rd<\/strong>. No obstante, \u00bfde qu\u00e9 trata It? \u00bfPodemos verla sin haber visto la serie de Bienvenidos a Derry? \u00bfd\u00f3nde estar\u00e1 disponible despu\u00e9s de su marcha de Netflix?<\/p>\n<p>La obra maestra del terror que desaparece de Netflix<\/p>\n<p>La historia de It parte de la desaparici\u00f3n de varios ni\u00f1os, entre los que se incluye <strong>Georgie Denbrough<\/strong>, el hermano peque\u00f1o de Bill, uno de los protagonistas principales que decide junto a varios amigos, investigar el suceso. As\u00ed, siete ni\u00f1os conocidos con el sobrenombre del <strong>\u00abClub de los Perdedores\u00bb<\/strong> deben enfrenarse al monstruo de Pennywise. Pero tambi\u00e9n a sus propios traumas personales y al acoso de los matones del pueblo.<\/p>\n<p><img loading=\"lazy\" decoding=\"async\" class=\"size-medium wp-image-15613734\" alt=\"pel\u00edculas ver Halloween\" width=\"620\" height=\"349\"  src=\"https:\/\/www.europesays.com\/es\/wp-content\/uploads\/2025\/12\/it-pelicula_cropped-620x349.jpg\" \/> \u2018It\u2019 (Warner Bros).<\/p>\n<p>La trama se divide en dos etapas. En la primera parte se recoge la aventura infantil y en la secuela, el crecimiento de sus protagonistas, <strong>27 a\u00f1os despu\u00e9s<\/strong> de su enfrentamiento con el payaso. En la continuaci\u00f3n estos ni\u00f1os ya mayores cumplen su promesa, regresando a Derry para poner punto y final a la maldici\u00f3n s\u00e1dica del tenebroso payaso. La serie reciente es una precuela que explora los or\u00edgenes de Pennywise en la d\u00e9cada de 1960.<\/p>\n<p><img loading=\"lazy\" decoding=\"async\" class=\"size-medium wp-image-15613759\" alt=\"pel\u00edculas ver Halloween\" width=\"620\" height=\"349\"  src=\"https:\/\/www.europesays.com\/es\/wp-content\/uploads\/2025\/12\/mv5bmja2otg0ntm2nf5bml5banbnxkftztgwotm1nzmzmzi-._v1_sx1777_cr001777753_al__cropped-1-620x349.jpg\" \/> \u2018It\u2019 (Warner Bros).<\/p>\n<p>Aparte de la brillante caracterizaci\u00f3n de Skarsg\u00e5rd, el elenco infantil de It concentra a varios rostros conocidos de la industria. <strong>Jaeden Martell<\/strong> (Midnight Special), <strong>Sophia Lillis<\/strong> (Mi t\u00edo Frank), <strong>Finn Wolfhard<\/strong> (Stranger Things), <strong>Wyatt Oleff<\/strong> (Ciudad en llamas), <strong>Jack Dylan Grazer<\/strong> (We Are Who We Are) y <strong>Chosen Jacobs<\/strong> (Castle Rock), entre otros.<\/p>\n<p>Seguir\u00e1 presente en el streaming<\/p>\n<p><img loading=\"lazy\" decoding=\"async\" class=\"wp-image-15613729 size-medium\" alt=\"obra maestra terror Netflix\" width=\"620\" height=\"349\"  src=\"https:\/\/www.europesays.com\/es\/wp-content\/uploads\/2025\/12\/gl51obx1qda01_cropped-620x349.jpg\" \/> \u2018It\u2019 (Warner Bros).<\/p>\n<p>Aunque esta obra maestra del terror se despide de Netflix en pocas horas, It seguir\u00e1 estando disponible en la plataforma de <strong>HBO Max y Movistar Plus<\/strong>. Para disfrutarla, no es necesario ni mucho menos haber visto Bienvenidos a Derry, pues la serie funciona como un complemento de una dilog\u00eda que se comprende por s\u00ed sola.<\/p>\n","protected":false},"excerpt":{"rendered":"Bienvenidos a Derry ha vuelto a poner de moda el t\u00e9trico y pesadillesco universo de Stephen King y&hellip;\n","protected":false},"author":2,"featured_media":308270,"comment_status":"","ping_status":"","sticky":false,"template":"","format":"standard","meta":{"footnotes":""},"categories":[169],"tags":[177,146,147,25,24,176,175,23],"class_list":{"0":"post-308269","1":"post","2":"type-post","3":"status-publish","4":"format-standard","5":"has-post-thumbnail","7":"category-cine","8":"tag-cine","9":"tag-entertainment","10":"tag-entretenimiento","11":"tag-es","12":"tag-espana","13":"tag-film","14":"tag-movies","15":"tag-spain"},"share_on_mastodon":{"url":"https:\/\/pubeurope.com\/@es\/115786301941344376","error":""},"_links":{"self":[{"href":"https:\/\/www.europesays.com\/es\/wp-json\/wp\/v2\/posts\/308269","targetHints":{"allow":["GET"]}}],"collection":[{"href":"https:\/\/www.europesays.com\/es\/wp-json\/wp\/v2\/posts"}],"about":[{"href":"https:\/\/www.europesays.com\/es\/wp-json\/wp\/v2\/types\/post"}],"author":[{"embeddable":true,"href":"https:\/\/www.europesays.com\/es\/wp-json\/wp\/v2\/users\/2"}],"replies":[{"embeddable":true,"href":"https:\/\/www.europesays.com\/es\/wp-json\/wp\/v2\/comments?post=308269"}],"version-history":[{"count":0,"href":"https:\/\/www.europesays.com\/es\/wp-json\/wp\/v2\/posts\/308269\/revisions"}],"wp:featuredmedia":[{"embeddable":true,"href":"https:\/\/www.europesays.com\/es\/wp-json\/wp\/v2\/media\/308270"}],"wp:attachment":[{"href":"https:\/\/www.europesays.com\/es\/wp-json\/wp\/v2\/media?parent=308269"}],"wp:term":[{"taxonomy":"category","embeddable":true,"href":"https:\/\/www.europesays.com\/es\/wp-json\/wp\/v2\/categories?post=308269"},{"taxonomy":"post_tag","embeddable":true,"href":"https:\/\/www.europesays.com\/es\/wp-json\/wp\/v2\/tags?post=308269"}],"curies":[{"name":"wp","href":"https:\/\/api.w.org\/{rel}","templated":true}]}}