{"id":308275,"date":"2025-12-26T14:20:14","date_gmt":"2025-12-26T14:20:14","guid":{"rendered":"https:\/\/www.europesays.com\/es\/308275\/"},"modified":"2025-12-26T14:20:14","modified_gmt":"2025-12-26T14:20:14","slug":"el-ultimo-fin-de-semana-de-2025-llega-a-daimiel-con-musica-y-eventos-solidarios","status":"publish","type":"post","link":"https:\/\/www.europesays.com\/es\/308275\/","title":{"rendered":"El \u00faltimo fin de semana de 2025 llega a Daimiel con m\u00fasica y eventos solidarios"},"content":{"rendered":"<p><strong>XV Torneo Ben\u00e9fico de F\u00fatbol Sala<\/strong><\/p>\n<p>El s\u00e1bado 27 de diciembre, el Pabell\u00f3n Cubierto David C\u00f3rdoba acoger\u00e1 el XV Torneo Ben\u00e9fico de F\u00fatbol Sala, impulsado por la Cofrad\u00eda de Nuestro Padre Jes\u00fas de Nazareno.\u00a0<\/p>\n<p>El prioste de la cofrad\u00eda, Javier P\u00e9rez, explic\u00f3 a la emisora municipal, Radio Daimiel, que el precio de la entrada ser\u00e1 de 3 euros y todo lo donado este a\u00f1o ir\u00e1 destinado a la Asociaci\u00f3n Espa\u00f1ola de Esclerosis M\u00faltiple de Ciudad Real. \u00a0<\/p>\n<p>  <img loading=\"lazy\" decoding=\"async\" src=\"https:\/\/www.europesays.com\/es\/wp-content\/uploads\/2025\/12\/torneo_los_moraos_3.jpg\" width=\"800\" height=\"534\" alt=\"Torneo Ben\u00e9fico de Nuestro Padre Jes\u00fas de Nazareno. Archivo\" title=\"Torneo Ben\u00e9fico de Nuestro Padre Jes\u00fas de Nazareno. Archivo\" typeof=\"foaf:Image\" class=\"img-fluid\"\/><br \/>\nTorneo Ben\u00e9fico de Nuestro Padre Jes\u00fas de Nazareno. Archivo<\/p>\n<p>Los encuentros comenzar\u00e1n a las 09:00 horas con una fase de grupos en la que participar\u00e1n equipos de todas las cofrad\u00edas locales. A las 14:00 horas se har\u00e1 un descanso para disfrutar de unas migas solidarias, que podr\u00e1n degustarse por un donativo a\u00f1adido de 3 euros.\u00a0<\/p>\n<p>El torneo continuar\u00e1 en torno a las 16:00 horas con las semifinales. Adem\u00e1s, durante la tarde se celebrar\u00e1 un partido homenaje entre un equipo formado por miembros de Adifiss y una \u201cselecci\u00f3n\u201d de jugadores de todas las cofrad\u00edas locales.\u00a0<\/p>\n<p>La entrada al torneo incluye la participaci\u00f3n en la rifa por la tarde de varios productos ofrecidos por los negocios y empresas colaboradoras.\u00a0 del santuario.\u00a0<\/p>\n","protected":false},"excerpt":{"rendered":"XV Torneo Ben\u00e9fico de F\u00fatbol Sala El s\u00e1bado 27 de diciembre, el Pabell\u00f3n Cubierto David C\u00f3rdoba acoger\u00e1 el&hellip;\n","protected":false},"author":2,"featured_media":308276,"comment_status":"","ping_status":"","sticky":false,"template":"","format":"standard","meta":{"footnotes":""},"categories":[91],"tags":[3010,146,147,25,24,10957,70764,5199,23],"class_list":{"0":"post-308275","1":"post","2":"type-post","3":"status-publish","4":"format-standard","5":"has-post-thumbnail","7":"category-entretenimiento","8":"tag-daimiel","9":"tag-entertainment","10":"tag-entretenimiento","11":"tag-es","12":"tag-espana","13":"tag-fin-de-semana","14":"tag-nochebuena","15":"tag-nochevieja","16":"tag-spain"},"share_on_mastodon":{"url":"https:\/\/pubeurope.com\/@es\/115786313402255142","error":""},"_links":{"self":[{"href":"https:\/\/www.europesays.com\/es\/wp-json\/wp\/v2\/posts\/308275","targetHints":{"allow":["GET"]}}],"collection":[{"href":"https:\/\/www.europesays.com\/es\/wp-json\/wp\/v2\/posts"}],"about":[{"href":"https:\/\/www.europesays.com\/es\/wp-json\/wp\/v2\/types\/post"}],"author":[{"embeddable":true,"href":"https:\/\/www.europesays.com\/es\/wp-json\/wp\/v2\/users\/2"}],"replies":[{"embeddable":true,"href":"https:\/\/www.europesays.com\/es\/wp-json\/wp\/v2\/comments?post=308275"}],"version-history":[{"count":0,"href":"https:\/\/www.europesays.com\/es\/wp-json\/wp\/v2\/posts\/308275\/revisions"}],"wp:featuredmedia":[{"embeddable":true,"href":"https:\/\/www.europesays.com\/es\/wp-json\/wp\/v2\/media\/308276"}],"wp:attachment":[{"href":"https:\/\/www.europesays.com\/es\/wp-json\/wp\/v2\/media?parent=308275"}],"wp:term":[{"taxonomy":"category","embeddable":true,"href":"https:\/\/www.europesays.com\/es\/wp-json\/wp\/v2\/categories?post=308275"},{"taxonomy":"post_tag","embeddable":true,"href":"https:\/\/www.europesays.com\/es\/wp-json\/wp\/v2\/tags?post=308275"}],"curies":[{"name":"wp","href":"https:\/\/api.w.org\/{rel}","templated":true}]}}