{"id":308283,"date":"2025-12-26T14:24:11","date_gmt":"2025-12-26T14:24:11","guid":{"rendered":"https:\/\/www.europesays.com\/es\/308283\/"},"modified":"2025-12-26T14:24:11","modified_gmt":"2025-12-26T14:24:11","slug":"un-arbol-de-navidad-sostenible-invita-a-vecinos-y-comercios-de-la-laguna-a-reciclar-vidrio-estas-fiestas","status":"publish","type":"post","link":"https:\/\/www.europesays.com\/es\/308283\/","title":{"rendered":"Un \u00e1rbol de Navidad sostenible invita a vecinos y comercios de La Laguna a reciclar vidrio estas fiestas"},"content":{"rendered":"<p>El Ayuntamiento de La Laguna y Ecovidrio han puesto en marcha una campa\u00f1a de concienciaci\u00f3n ambiental para fomentar el reciclaje de envases de vidrio durante las celebraciones navide\u00f1as, una \u00e9poca en la que se genera hasta el 20% de todos los residuos de este material a lo largo del a\u00f1o.<\/p>\n<p>La iniciativa incluye la instalaci\u00f3n de un \u00e1rbol de Navidad sostenible, de cuatro metros de altura, formado por 100 minigl\u00fas, que podr\u00e1 visitarse los d\u00edas 26 y 27 de diciembre en la Plaza de la Concepci\u00f3n, esquina con la calle El Tiz\u00f3n. Esta acci\u00f3n busca llamar la atenci\u00f3n de la ciudadan\u00eda y reforzar el mensaje de que el reciclaje de vidrio es un gesto sencillo con un importante impacto ambiental.<\/p>\n<p>El concejal de Servicios Municipales, Fran Hern\u00e1ndez, destac\u00f3 que esta campa\u00f1a \u201cutiliza un elemento tan reconocible como el \u00e1rbol de Navidad para concienciar sobre la importancia de reciclar vidrio, tanto en los hogares como en los establecimientos comerciales\u201d, y subray\u00f3 que \u201cdesde el Ayuntamiento seguimos apostando por iniciativas que combinan sostenibilidad, educaci\u00f3n ambiental y mejora de los servicios municipales\u201d.<\/p>\n<p>Durante los dos d\u00edas de la instalaci\u00f3n, se habilitar\u00e1 adem\u00e1s un stand informativo, atendido por educadores ambientales, que ofrecer\u00e1n informaci\u00f3n sobre c\u00f3mo separar correctamente los envases de vidrio y sobre los beneficios medioambientales de su reciclaje. El stand estar\u00e1 operativo en horario de 10:00 a 15:00 horas y de 16:00 a 20:00 horas. Como incentivo a la participaci\u00f3n, se sortear\u00e1n 130 minigl\u00fas dom\u00e9sticos, 65 cada d\u00eda, a trav\u00e9s de una din\u00e1mica de \u201crasca y gana\u201d virtual.<\/p>\n<p>En La Laguna se reciclaron 1.503.680 kilos de envases de vidrio, lo que supone una media de 9,4 kilogramos por habitante, equivalente a unos 32 envases por persona. En cuanto a la contenerizaci\u00f3n, el municipio cuenta con 789 igl\u00faes para la recogida selectiva de vidrio, con una media de 203 habitantes por contenedor.<\/p>\n<p>El vidrio depositado en los contenedores se recicla al 100% y puede reutilizarse de forma indefinida sin perder sus propiedades, contribuyendo a evitar el crecimiento de los vertederos. Adem\u00e1s, el uso de vidrio reciclado en la fabricaci\u00f3n de nuevos envases reduce la extracci\u00f3n de materias primas, minimiza la erosi\u00f3n del suelo y la deforestaci\u00f3n, disminuye las emisiones de CO\u2082\u00a0y permite un importante ahorro energ\u00e9tico.<\/p>\n<p>Desde el Ayuntamiento de La Laguna se anima a la ciudadan\u00eda a sumarse a esta campa\u00f1a durante las fiestas navide\u00f1as y a mantener el compromiso con el reciclaje de vidrio durante todo el a\u00f1o, como parte de una apuesta colectiva por un municipio m\u00e1s sostenible.\u00a0<\/p>\n","protected":false},"excerpt":{"rendered":"El Ayuntamiento de La Laguna y Ecovidrio han puesto en marcha una campa\u00f1a de concienciaci\u00f3n ambiental para fomentar&hellip;\n","protected":false},"author":2,"featured_media":308284,"comment_status":"","ping_status":"","sticky":false,"template":"","format":"standard","meta":{"footnotes":""},"categories":[8],"tags":[17,18,25,24,13,14,11,19,20,9,10,15,16,23,12,21,22],"class_list":{"0":"post-308283","1":"post","2":"type-post","3":"status-publish","4":"format-standard","5":"has-post-thumbnail","7":"category-espana","8":"tag-breaking-news","9":"tag-breakingnews","10":"tag-es","11":"tag-espana","12":"tag-featured-news","13":"tag-featurednews","14":"tag-headlines","15":"tag-latest-news","16":"tag-latestnews","17":"tag-news","18":"tag-noticias","19":"tag-noticias-destacadas","20":"tag-noticiasdestacadas","21":"tag-spain","22":"tag-titulares","23":"tag-ultimas-noticias","24":"tag-ultimasnoticias"},"share_on_mastodon":{"url":"https:\/\/pubeurope.com\/@es\/115786328666275795","error":""},"_links":{"self":[{"href":"https:\/\/www.europesays.com\/es\/wp-json\/wp\/v2\/posts\/308283","targetHints":{"allow":["GET"]}}],"collection":[{"href":"https:\/\/www.europesays.com\/es\/wp-json\/wp\/v2\/posts"}],"about":[{"href":"https:\/\/www.europesays.com\/es\/wp-json\/wp\/v2\/types\/post"}],"author":[{"embeddable":true,"href":"https:\/\/www.europesays.com\/es\/wp-json\/wp\/v2\/users\/2"}],"replies":[{"embeddable":true,"href":"https:\/\/www.europesays.com\/es\/wp-json\/wp\/v2\/comments?post=308283"}],"version-history":[{"count":0,"href":"https:\/\/www.europesays.com\/es\/wp-json\/wp\/v2\/posts\/308283\/revisions"}],"wp:featuredmedia":[{"embeddable":true,"href":"https:\/\/www.europesays.com\/es\/wp-json\/wp\/v2\/media\/308284"}],"wp:attachment":[{"href":"https:\/\/www.europesays.com\/es\/wp-json\/wp\/v2\/media?parent=308283"}],"wp:term":[{"taxonomy":"category","embeddable":true,"href":"https:\/\/www.europesays.com\/es\/wp-json\/wp\/v2\/categories?post=308283"},{"taxonomy":"post_tag","embeddable":true,"href":"https:\/\/www.europesays.com\/es\/wp-json\/wp\/v2\/tags?post=308283"}],"curies":[{"name":"wp","href":"https:\/\/api.w.org\/{rel}","templated":true}]}}