{"id":308321,"date":"2025-12-26T14:56:13","date_gmt":"2025-12-26T14:56:13","guid":{"rendered":"https:\/\/www.europesays.com\/es\/308321\/"},"modified":"2025-12-26T14:56:13","modified_gmt":"2025-12-26T14:56:13","slug":"que-necesita-cada-equipo-nba-del-mercado-de-traspasos","status":"publish","type":"post","link":"https:\/\/www.europesays.com\/es\/308321\/","title":{"rendered":"Qu\u00e9 necesita cada equipo NBA del mercado de traspasos"},"content":{"rendered":"<p>El mercado de traspasos va a marcar el d\u00eda a d\u00eda de la NBA en las pr\u00f3ximas semanas. Con el trade deadline cada vez m\u00e1s cerca, los 30 equipos de la liga terminan de definir sus objetivos de cara a un cierre que ser\u00e1 crucial para el desenlace de la temporada.<\/p>\n<p>Pero, \u00bfcu\u00e1les son las necesidades de cada equipo? \u00bfCu\u00e1les son sus carencias? \u00bfQu\u00e9 perfiles necesitar\u00edan para mejorar su plantilla o para darle un impulso a su situaci\u00f3n para el futuro?<\/p>\n<p>Con la fecha del 5 de febrero de 2026 en el horizonte, en este v\u00eddeo repasamos la situaci\u00f3n de los 30 equipos y qu\u00e9 necesitar\u00edan conseguir en el trade deadline.<\/p>\n","protected":false},"excerpt":{"rendered":"El mercado de traspasos va a marcar el d\u00eda a d\u00eda de la NBA en las pr\u00f3ximas semanas.&hellip;\n","protected":false},"author":2,"featured_media":308322,"comment_status":"","ping_status":"","sticky":false,"template":"","format":"standard","meta":{"footnotes":""},"categories":[269],"tags":[299,298,168,25,24,1725,23,167],"class_list":{"0":"post-308321","1":"post","2":"type-post","3":"status-publish","4":"format-standard","5":"has-post-thumbnail","7":"category-baloncesto","8":"tag-baloncesto","9":"tag-basketball","10":"tag-deportes","11":"tag-es","12":"tag-espana","13":"tag-nba","14":"tag-spain","15":"tag-sports"},"share_on_mastodon":{"url":"https:\/\/pubeurope.com\/@es\/115786454622305069","error":""},"_links":{"self":[{"href":"https:\/\/www.europesays.com\/es\/wp-json\/wp\/v2\/posts\/308321","targetHints":{"allow":["GET"]}}],"collection":[{"href":"https:\/\/www.europesays.com\/es\/wp-json\/wp\/v2\/posts"}],"about":[{"href":"https:\/\/www.europesays.com\/es\/wp-json\/wp\/v2\/types\/post"}],"author":[{"embeddable":true,"href":"https:\/\/www.europesays.com\/es\/wp-json\/wp\/v2\/users\/2"}],"replies":[{"embeddable":true,"href":"https:\/\/www.europesays.com\/es\/wp-json\/wp\/v2\/comments?post=308321"}],"version-history":[{"count":0,"href":"https:\/\/www.europesays.com\/es\/wp-json\/wp\/v2\/posts\/308321\/revisions"}],"wp:featuredmedia":[{"embeddable":true,"href":"https:\/\/www.europesays.com\/es\/wp-json\/wp\/v2\/media\/308322"}],"wp:attachment":[{"href":"https:\/\/www.europesays.com\/es\/wp-json\/wp\/v2\/media?parent=308321"}],"wp:term":[{"taxonomy":"category","embeddable":true,"href":"https:\/\/www.europesays.com\/es\/wp-json\/wp\/v2\/categories?post=308321"},{"taxonomy":"post_tag","embeddable":true,"href":"https:\/\/www.europesays.com\/es\/wp-json\/wp\/v2\/tags?post=308321"}],"curies":[{"name":"wp","href":"https:\/\/api.w.org\/{rel}","templated":true}]}}