{"id":308325,"date":"2025-12-26T14:58:13","date_gmt":"2025-12-26T14:58:13","guid":{"rendered":"https:\/\/www.europesays.com\/es\/308325\/"},"modified":"2025-12-26T14:58:13","modified_gmt":"2025-12-26T14:58:13","slug":"su-historia-de-amor-mas-alla-de-las-camaras","status":"publish","type":"post","link":"https:\/\/www.europesays.com\/es\/308325\/","title":{"rendered":"su historia de amor m\u00e1s all\u00e1 de las c\u00e1maras"},"content":{"rendered":"<p id=\"e_9tina4d6\" data-wc=\"143\">Forman una de las parejas m\u00e1s estables (hasta la fecha) de Holywood, y <a class=\"hm-link ho-link\" href=\"https:\/\/www.hola.com\/actualidad\/20250416826465\/elsa-pataky-desvela-mayor-secreto-15-anyos-amor-chris-hemsworth\/\" data-mrf-recirculation=\"article-body-link\" rel=\"nofollow noopener\" target=\"_blank\">juntos han formado una bonita y numerosa familia<\/a>. Su historia de amor comenz\u00f3 en 2010, cuando se conocieron en Estados Unidos, donde la espa\u00f1ola trabajaba desde a\u00f1os antes y a donde se hab\u00eda mudado para practicar su ingl\u00e9s. Para mejorar el idioma, la int\u00e9rprete contrat\u00f3 a una profesora de dicci\u00f3n que tambi\u00e9n trabajaba con el australiano con el objetivo de pulir su acento para hacerlo m\u00e1s americano. <a class=\"hm-link ho-link\" href=\"https:\/\/www.hola.com\/actualidad\/2015081680482\/elsa-pataky-chris-noviazgo\/\" data-mrf-recirculation=\"article-body-link\" rel=\"nofollow noopener\" target=\"_blank\">Ella hizo de celestina<\/a> y les presento despu\u00e9s de que el hermano de Liam Hemsworth mostrara inter\u00e9s en ella. Inicialmente, Elsa no sab\u00eda qui\u00e9n era Chris, pero tuvieron una conexi\u00f3n instant\u00e1nea. La qu\u00edmica fue tan fuerte que, despu\u00e9s de tan solo unos meses de conocerse, decidieron casarse, lo que hizo que conoci\u00e9ramos su historia de amor casi al mismo tiempo que su boda.\u00a0<\/p>\n<p> <img src=\"https:\/\/www.europesays.com\/es\/wp-content\/uploads\/2025\/12\/d22e379b2267-u588116037.jpg\"   width=\"1024\" height=\"682\" loading=\"lazy\" decoding=\"async\" alt=\"Elsa Pataky con Chris Hemsworth en la premiere de National Geographic 17 de julio de 2025\" fetchpriority=\"auto\" class=\"image ho-image\"\/>\u00a9 GTRESElsa Pataky con Chris Hemsworth en la premiere de National Geographic 17 de julio de 2025<\/p>\n<p id=\"eQZp3WyQA0\" data-wc=\"81\">Tras las primeras citas, Elsa tuvo que regresar a Espa\u00f1a tres meses para rodar la pel\u00edcula Didi Hollywood. \u201cPens\u00e9 que si le importaba, me esperar\u00eda. \u00a1Y hasta hoy!\u201d, confesaba la actriz. Para asombro de sus seguidores, Elsa Pataky y Chris Heamsworth se casaron antes de cumplir un a\u00f1o de relaci\u00f3n. La fecha elegida por la pareja para celebrar el enlace fue el 25 de diciembre de 2010, \u00a0en una ceremonia privada en Bali y que \u00a1HOLA! public\u00f3 en exclusiva semanas despu\u00e9s.<\/p>\n<p> <img src=\"https:\/\/www.europesays.com\/es\/wp-content\/uploads\/2025\/12\/0a901f3e8956-elsa-pataky-redes-t.jpg\"   width=\"1024\" height=\"614\" loading=\"lazy\" decoding=\"async\" alt=\"elsa pataky redes\" fetchpriority=\"auto\" class=\"image ho-image\"\/>\u00a9 Redes sociales<\/p>\n<p> <img src=\"https:\/\/www.europesays.com\/es\/wp-content\/uploads\/2025\/12\/dc191ce7a3c6-gettyimages-2154347106.jpg\"   width=\"682\" height=\"1024\" loading=\"lazy\" decoding=\"async\" alt=\"Chris Hemsworth y Elsa Pataky\" fetchpriority=\"auto\" class=\"image ho-image\"\/>\u00a9 Getty ImagesForman una de las parejas m\u00e1s estables de Hollywood<br \/>\nNo fue una boda en secreto, fue \u00edntima<\/p>\n<p id=\"eSKosZDHsU\" data-wc=\"124\">Para su gran d\u00eda, <a class=\"hm-link ho-link\" href=\"https:\/\/www.hola.com\/hemeroteca\/20221227340831\/elsa-pataky-chris-hemsworth-boda-playa-indico\/\" data-mrf-recirculation=\"article-body-link\" rel=\"nofollow noopener\" target=\"_blank\">Elsa Pataky y Chris Hemsworth escogieron un rinc\u00f3n paradis\u00edaco<\/a>: el exclusivo y ecol\u00f3gico Nihi Sumba, un hotel ubicado en la isla de Sumba, en Indonesia. Considerado uno de los mejores del mundo, un para\u00edso rodeado de aguas turquesas y playas de arena blanca. Situado en medio de 230 hect\u00e1reas de reserva natural, el hotel ofrece un entorno \u00fanico y exclusivo. A este rinc\u00f3n id\u00edlico llegaron solo algunos familiares, ya que la ceremonia fue de car\u00e1cter muy \u00edntimo y privado. \u201cEst\u00e1bamos acompa\u00f1ados de nuestras familias y pensamos: \u2018Es una excelente oportunidad para estar con ellos\u2019. As\u00ed que decidimos hacerlo\u201d, explic\u00f3 el actor australiano en la misma entrevista, dejando claro que no hubo amigos presentes, solo las personas m\u00e1s cercanas a ellos.\u00a0<\/p>\n<p> <img src=\"https:\/\/www.europesays.com\/es\/wp-content\/uploads\/2025\/12\/fa2221d0d424-3467-12-enero-2011.jpg\"   width=\"736\" height=\"1024\" loading=\"lazy\" decoding=\"async\" alt=\"Elsa Pataky, en la portada de \u00a1HOLA! el d\u00eda de su boda\" fetchpriority=\"auto\" class=\"image ho-image\"\/>Elsa Pataky, en la portada de \u00a1HOLA! el d\u00eda de su boda<\/p>\n<p id=\"ebKHmJHB54\" data-wc=\"81\">Lejos de los convencionalismos y el derroche de lujo, su boda fue sencilla, pero llena de significado y totalmente legal. A pesar de la espontaneidad que la rode\u00f3, el momento result\u00f3 ser verdaderamente especial. En una entrevista con &#8216;Good Morning Britain&#8217;, el actor revel\u00f3 que todo ocurri\u00f3 de forma improvisada: \u201cNo ten\u00edamos planes para casarnos\u201d, confes\u00f3. \u201cEst\u00e1bamos de vacaciones y pensamos: \u00bfpor qu\u00e9 no hacerlo aqu\u00ed? Quiz\u00e1s deber\u00eda haber sido m\u00e1s organizado, pero al final todo sali\u00f3 perfecto\u201d, coment\u00f3 entre risas.<\/p>\n<p id=\"ezG22K8_6G\" data-wc=\"135\">Elsa Pataky deslumbr\u00f3 en su d\u00eda m\u00e1s especial con un vestido de novia de Armani Priv\u00e9, confeccionado en seda marfil, de corte sirena y escote palabra de honor, que resaltaba su figura de forma impecable, con detalles de ribetes de encaje, costuras plisadas y una cola que a\u00f1ad\u00eda un toque de elegancia. Su elecci\u00f3n fue perfecta para un look de novia que, adem\u00e1s de resaltar su figura, irradiaba sencillez y belleza. El velo de tul complet\u00f3 su atuendo con un toque et\u00e9reo, complementado por un recogido que dej\u00f3 al descubierto su rostro, haciendo que su belleza natural fuera la gran protagonista. En cuanto al maquillaje, opt\u00f3 por un look suave y fresco que realz\u00f3 sus rasgos sin restar protagonismo a la elegancia del conjunto, una elecci\u00f3n ideal para el entorno paradis\u00edaco donde celebr\u00f3 su enlace.<\/p>\n<p> <img src=\"https:\/\/www.europesays.com\/es\/wp-content\/uploads\/2025\/12\/6f8bfd6098ec-elsa-pataky-vestido-novia.jpg\"   width=\"614\" height=\"1024\" loading=\"lazy\" decoding=\"async\" alt=\"Elsa Pataky el d\u00eda de su boda\" fetchpriority=\"auto\" class=\"image ho-image\"\/>\u00a9 \u00a1HOLA!Elsa Pataky el d\u00eda de su boda<br \/>\n\u201cLo hicimos todo muy r\u00e1pido\u00bb<\/p>\n<p id=\"eSET58lUkh\" data-wc=\"87\">El 11 mayo de 2012 llegaba al mundo su primera hija en com\u00fan, India Rose, en la ciudad de Londres. Dos a\u00f1os despu\u00e9s, el 18 de marzo de 2014, nacieron en los \u00c1ngeles los gemelos Trist\u00e1n y Sasha. \u201cLo hicimos todo muy r\u00e1pido. No s\u00e9 como sobrevivimos como pareja\u201d, contaba Elsa para la revista Vogue. \u201cNos casamos y un a\u00f1o despu\u00e9s ten\u00edamos ni\u00f1os. Introdujo mucha tensi\u00f3n en el matrimonio, pero salimos bien porque nos queremos mucho. Tenemos personalidades muy fuertes, pero nos queremos mucho. Hacemos que funcione\u201d.<\/p>\n<p> <img src=\"https:\/\/www.europesays.com\/es\/wp-content\/uploads\/2025\/12\/f3ed2ec84846-elsa-pataky-perro-cordon1-a.jpg\"   width=\"1024\" height=\"928\" loading=\"lazy\" decoding=\"async\" alt=\"elsa pataky perro cordon1\" fetchpriority=\"auto\" class=\"image ho-image\"\/>\u00a9 chrishemsworthLa pareja con uno de sus perros<\/p>\n<p id=\"ecA5Vh1oOJ\" data-wc=\"115\">A lo largo de su relaci\u00f3n, ambos <a class=\"hm-link ho-link\" href=\"https:\/\/www.hola.com\/actualidad\/20250529834794\/elsa-pataky-revela-que-ha-roto-su-regla-de-oro-con-chris-hemsworth-pero-solo-una-vez\/\" data-mrf-recirculation=\"article-body-link\" rel=\"nofollow noopener\" target=\"_blank\">han demostrado estar muy unidos<\/a>, compartiendo tanto su vida personal como profesional. Elsa, que tambi\u00e9n es actriz, ha trabajado en varias pel\u00edculas, pero su mayor foco ha sido su familia, y ha dedicado la mayor parte del tiempo a la crianza de sus tres hijos: India y los mellizos Sasha y Tristan. Chris, por su parte, ha tenido una carrera en ascenso gracias a su papel de Thor en el Universo Cinematogr\u00e1fico de Marvel, sin olvidarse de la vida familiar, que es su prioridad. <a class=\"hm-link ho-link\" href=\"https:\/\/www.hola.com\/decoracion\/20200529168556\/elsa-pataky-mansion-australia-casas-famosos-gt\/\" data-mrf-recirculation=\"article-body-link\" rel=\"nofollow noopener\" target=\"_blank\">Juntos, se mudaron a Byron Bay, en Australia<\/a>, donde el actor australiano creci\u00f3, buscando una vida m\u00e1s tranquila y menos expuesta a los paparazzi.<\/p>\n<p> <img src=\"https:\/\/www.europesays.com\/es\/wp-content\/uploads\/2025\/12\/976384758302-elsa-pataky3-z.jpg\"   width=\"843\" height=\"1024\" loading=\"lazy\" decoding=\"async\" alt=\"elsa pataky3\" fetchpriority=\"auto\" class=\"image ho-image\"\/>\u00a9 GtresonlineLa pareja con sus dos hijos<\/p>\n<p id=\"ehcLV14YcH\" data-wc=\"109\">Elsa y Chris siempre se han mostrado como una pareja que se apoya mutuamente en todo. A pesar de las demandas de sus carreras, han mantenido un fuerte v\u00ednculo y se han mostrado siempre muy protectores con su vida privada. En varias entrevistas, ambos han hablado de c\u00f3mo se apoyan en sus proyectos y c\u00f3mo intentan mantener el equilibrio entre su vida profesional y familiar. Elsa y Chris <a class=\"hm-link ho-link\" href=\"https:\/\/www.hola.com\/us-es\/celebrities\/20221230340979\/elsa-pataky-chris-hemsworth-aniversario-12-boda-vacaciones\/\" data-mrf-recirculation=\"article-body-link\" rel=\"nofollow noopener\" target=\"_blank\">siguen siendo una de las parejas m\u00e1s estables<\/a> y admiradas del mundo del entretenimiento, y se han convertido en un ejemplo de relaci\u00f3n s\u00f3lida, apoy\u00e1ndose mutuamente y compartiendo momentos de felicidad junto a sus tres hijos en su hogar en Australia.<\/p>\n<p> <img src=\"https:\/\/www.europesays.com\/es\/wp-content\/uploads\/2025\/12\/71bdd6ca6ddc-elsa-pataky2-t.jpg\"   width=\"1024\" height=\"614\" loading=\"lazy\" decoding=\"async\" alt=\"elsa pataky2\" fetchpriority=\"auto\" class=\"image ho-image\"\/>15 a\u00f1os despu\u00e9s de su boda, la pareja ha demostrado que sigue tan enamorada como el primer d\u00eda<\/p>\n<p> <img src=\"https:\/\/www.europesays.com\/es\/wp-content\/uploads\/2025\/12\/588c10ce0782-espaldas.jpg\"   width=\"1024\" height=\"768\" loading=\"lazy\" decoding=\"async\" alt=\"Chris Hemsworth y Elsa Pataky en sus vacaciones familiares en Fiyi\" fetchpriority=\"auto\" class=\"image ho-image\"\/>\u00a9 @chrishemsworthLa familia de vacaciones en las islas Fiyi, que cada a\u00f1o atraen a surfistas profesionales<\/p>\n<p> <img src=\"https:\/\/www.europesays.com\/es\/wp-content\/uploads\/2025\/12\/4a1c66f022eb-pareja.jpg\"   width=\"1024\" height=\"768\" loading=\"lazy\" decoding=\"async\" alt=\"Chris Hemsworth y Elsa Pataky en sus vacaciones familiares en Fiyi\" fetchpriority=\"auto\" class=\"image ho-image\"\/>\u00a9 @chrishemsworthChris Hemsworth y Elsa Pataky en sus vacaciones familiares en Fiyi<\/p>\n<p id=\"eLlTobTkSn\" data-wc=\"5\">\u00a1Feliz aniversario a la pareja!<\/p>\n","protected":false},"excerpt":{"rendered":"Forman una de las parejas m\u00e1s estables (hasta la fecha) de Holywood, y juntos han formado una bonita&hellip;\n","protected":false},"author":2,"featured_media":308326,"comment_status":"","ping_status":"","sticky":false,"template":"","format":"standard","meta":{"footnotes":""},"categories":[174],"tags":[517,255,12274,12273,146,147,25,24,256,23],"class_list":{"0":"post-308325","1":"post","2":"type-post","3":"status-publish","4":"format-standard","5":"has-post-thumbnail","7":"category-famosos","8":"tag-actualidad","9":"tag-celebrities","10":"tag-chris-hemsworth","11":"tag-elsa-pataky","12":"tag-entertainment","13":"tag-entretenimiento","14":"tag-es","15":"tag-espana","16":"tag-famosos","17":"tag-spain"},"share_on_mastodon":{"url":"https:\/\/pubeurope.com\/@es\/115786463053742191","error":""},"_links":{"self":[{"href":"https:\/\/www.europesays.com\/es\/wp-json\/wp\/v2\/posts\/308325","targetHints":{"allow":["GET"]}}],"collection":[{"href":"https:\/\/www.europesays.com\/es\/wp-json\/wp\/v2\/posts"}],"about":[{"href":"https:\/\/www.europesays.com\/es\/wp-json\/wp\/v2\/types\/post"}],"author":[{"embeddable":true,"href":"https:\/\/www.europesays.com\/es\/wp-json\/wp\/v2\/users\/2"}],"replies":[{"embeddable":true,"href":"https:\/\/www.europesays.com\/es\/wp-json\/wp\/v2\/comments?post=308325"}],"version-history":[{"count":0,"href":"https:\/\/www.europesays.com\/es\/wp-json\/wp\/v2\/posts\/308325\/revisions"}],"wp:featuredmedia":[{"embeddable":true,"href":"https:\/\/www.europesays.com\/es\/wp-json\/wp\/v2\/media\/308326"}],"wp:attachment":[{"href":"https:\/\/www.europesays.com\/es\/wp-json\/wp\/v2\/media?parent=308325"}],"wp:term":[{"taxonomy":"category","embeddable":true,"href":"https:\/\/www.europesays.com\/es\/wp-json\/wp\/v2\/categories?post=308325"},{"taxonomy":"post_tag","embeddable":true,"href":"https:\/\/www.europesays.com\/es\/wp-json\/wp\/v2\/tags?post=308325"}],"curies":[{"name":"wp","href":"https:\/\/api.w.org\/{rel}","templated":true}]}}