{"id":308327,"date":"2025-12-26T14:59:11","date_gmt":"2025-12-26T14:59:11","guid":{"rendered":"https:\/\/www.europesays.com\/es\/308327\/"},"modified":"2025-12-26T14:59:11","modified_gmt":"2025-12-26T14:59:11","slug":"dos-arquitectos-se-adentran-en-uno-de-los-edificios-mas-iconicos-de-madrid-las-torres-blancas-habia-mucha-poesia","status":"publish","type":"post","link":"https:\/\/www.europesays.com\/es\/308327\/","title":{"rendered":"Dos arquitectos se adentran en uno de los edificios m\u00e1s ic\u00f3nicos de Madrid, las Torres Blancas: \u201cHab\u00eda mucha poes\u00eda\u201d"},"content":{"rendered":"<p class=\"\">Dos arquitectos han realizado <b>una visita en profundidad<\/b> a uno de los edificios m\u00e1s reconocibles del paisaje urbano de Madrid,<b> las Torres Blancas<\/b>. La experiencia les permiti\u00f3 recorrer espacios poco habituales y observar de cerca una obra que, con el paso del tiempo, se ha consolidado como<b> un referente arquitect\u00f3nico<\/b>.<\/p>\n<p class=\"\">Durante el recorrido, ambos profesionales analizaron el edificio desde<b> una perspectiva t\u00e9cnica y sensorial<\/b>, prestando atenci\u00f3n a sus<b> formas, materiales y a la relaci\u00f3n entre los distintos espacios<\/b>. La visita se plante\u00f3 como una oportunidad para <b>comprender mejor la l\u00f3gica interna del conjunto y su singularidad<\/b> dentro de la ciudad.<\/p>\n<p class=\"\">Los arquitectos coincidieron en destacar <b>las sensaciones que les produjo el interior del edificio<\/b>, subrayando que la experiencia iba <b>m\u00e1s all\u00e1 de lo puramente constructivo<\/b>. En sus impresiones, se\u00f1alaron que el recorrido despert\u00f3 <b>una percepci\u00f3n especial<\/b>, en la que la arquitectura se mezclaba con elementos m\u00e1s emocionales y simb\u00f3licos.<\/p>\n<p>Una mirada desde dentro<\/p>\n<p class=\"\">Tras esta exploraci\u00f3n, ambos reflexionaron sobre <b>el valor de acceder a edificios emblem\u00e1ticos <\/b>desde una mirada profesional, pero tambi\u00e9n personal. Consideraron que este tipo de visitas permiten <b>redescubrir obras conocidas<\/b> y generar <b>nuevas lecturas<\/b> sobre su significado y su impacto.<\/p>\n<p>Noticias relacionadas<a href=\"https:\/\/as.com\/actualidad\/sociedad\/un-hombre-se-construye-una-aldea-flotante-autosuficiente-en-un-lago-remoto-f202512-n\/\" class=\"s_m_w\" title=\"Construy\u00f3 una aldea flotante en Vietnam. Funciona sin electricidad ni maquinaria.\" data-tb-link=\"\" rel=\"nofollow noopener\" target=\"_blank\"><img decoding=\"async\" src=\"https:\/\/www.europesays.com\/es\/wp-content\/uploads\/2025\/12\/AMTEDVZR6NGTLHD2VILPUKYC74.jpg\" alt=\"Un hombre se construye una aldea flotante autosuficiente en un lago remoto\" class=\"\" height=\"9\" width=\"16\"   loading=\"lazy\" data-tb-thumbnail=\"\"\/><\/a><a href=\"https:\/\/as.com\/actualidad\/economia\/el-aviso-por-carta-de-la-seguridad-social-que-le-llegara-a-millones-de-pensionistas-en-espana-en-enero-de-2026-f202512-n\/\" class=\"s_m_w\" title=\"Como es habitual cada a\u00f1o, desde el ministerio se enviar\u00e1 una carta con la nueva cantidad de la pensi\u00f3n tras las revalorizaciones.\" data-tb-link=\"\" rel=\"nofollow noopener\" target=\"_blank\"><img decoding=\"async\" src=\"https:\/\/www.europesays.com\/es\/wp-content\/uploads\/2025\/12\/L7VZWLJ3EVJUBKUABTGZXMMOLU.jpg\" alt=\"El aviso por carta de la Seguridad Social que le llegar\u00e1 a millones de pensionistas en Espa\u00f1a en enero de 2026\" class=\"\" height=\"9\" width=\"16\"   loading=\"lazy\" data-tb-thumbnail=\"\"\/><\/a><\/p>\n<p class=\"\">La incursi\u00f3n en las Torres Blancas se suma as\u00ed a <b>otras iniciativas que buscan acercar la arquitectura al p\u00fablico<\/b> y a los propios profesionales desde<b> una perspectiva directa<\/b>. En este caso, la experiencia qued\u00f3 marcada por la idea compartida de que<b> el edificio conserva una dimensi\u00f3n po\u00e9tica <\/b>perceptible al recorrerlo desde dentro.<\/p>\n<p class=\"\"><b>\u00a1Tus opiniones importan!<\/b> Comenta en los art\u00edculos y suscr\u00edbete gratis a nuestra <a href=\"https:\/\/asfan.as.com\/newsletters\/\" target=\"_blank\" rel=\"nofollow noopener\" title=\"https:\/\/asfan.as.com\/newsletters\/\">newsletter<\/a> y a las alertas informativas en la <a href=\"https:\/\/as.com\/aplicacion-de-as-n\/\" target=\"_blank\" rel=\"nofollow noopener\" title=\"https:\/\/as.com\/aplicacion-de-as-n\/\">App<\/a> o el canal de <a href=\"https:\/\/www.whatsapp.com\/channel\/0029VaAasdA7j6g745nz9M10\" target=\"_blank\" rel=\"nofollow noopener\" title=\"https:\/\/www.whatsapp.com\/channel\/0029VaAasdA7j6g745nz9M10\">WhatsApp<\/a>. \u00bfBuscas licenciar contenido? Haz clic <a href=\"https:\/\/profesional.elpais.com\/soluciones-sindicacion?utm_medium=interno&amp;utm_source=crosslinking&amp;utm_campaign=sindicacion_as_pie_articulos\" target=\"_blank\" rel=\"nofollow noopener\" title=\"https:\/\/profesional.elpais.com\/soluciones-sindicacion?utm_medium=interno&amp;utm_source=crosslinking&amp;utm_campaign=sindicacion_as_pie_articulos\">aqu\u00ed<\/a><\/p>\n","protected":false},"excerpt":{"rendered":"Dos arquitectos han realizado una visita en profundidad a uno de los edificios m\u00e1s reconocibles del paisaje urbano&hellip;\n","protected":false},"author":2,"featured_media":308328,"comment_status":"","ping_status":"","sticky":false,"template":"","format":"standard","meta":{"footnotes":""},"categories":[173],"tags":[229,233,231,230,232,234,146,147,25,24,23],"class_list":{"0":"post-308327","1":"post","2":"type-post","3":"status-publish","4":"format-standard","5":"has-post-thumbnail","7":"category-arte-y-diseno","8":"tag-arte","9":"tag-arte-y-diseno","10":"tag-arts","11":"tag-arts-and-design","12":"tag-design","13":"tag-diseno","14":"tag-entertainment","15":"tag-entretenimiento","16":"tag-es","17":"tag-espana","18":"tag-spain"},"share_on_mastodon":{"url":"","error":""},"_links":{"self":[{"href":"https:\/\/www.europesays.com\/es\/wp-json\/wp\/v2\/posts\/308327","targetHints":{"allow":["GET"]}}],"collection":[{"href":"https:\/\/www.europesays.com\/es\/wp-json\/wp\/v2\/posts"}],"about":[{"href":"https:\/\/www.europesays.com\/es\/wp-json\/wp\/v2\/types\/post"}],"author":[{"embeddable":true,"href":"https:\/\/www.europesays.com\/es\/wp-json\/wp\/v2\/users\/2"}],"replies":[{"embeddable":true,"href":"https:\/\/www.europesays.com\/es\/wp-json\/wp\/v2\/comments?post=308327"}],"version-history":[{"count":0,"href":"https:\/\/www.europesays.com\/es\/wp-json\/wp\/v2\/posts\/308327\/revisions"}],"wp:featuredmedia":[{"embeddable":true,"href":"https:\/\/www.europesays.com\/es\/wp-json\/wp\/v2\/media\/308328"}],"wp:attachment":[{"href":"https:\/\/www.europesays.com\/es\/wp-json\/wp\/v2\/media?parent=308327"}],"wp:term":[{"taxonomy":"category","embeddable":true,"href":"https:\/\/www.europesays.com\/es\/wp-json\/wp\/v2\/categories?post=308327"},{"taxonomy":"post_tag","embeddable":true,"href":"https:\/\/www.europesays.com\/es\/wp-json\/wp\/v2\/tags?post=308327"}],"curies":[{"name":"wp","href":"https:\/\/api.w.org\/{rel}","templated":true}]}}