{"id":308333,"date":"2025-12-26T15:03:10","date_gmt":"2025-12-26T15:03:10","guid":{"rendered":"https:\/\/www.europesays.com\/es\/308333\/"},"modified":"2025-12-26T15:03:10","modified_gmt":"2025-12-26T15:03:10","slug":"marvel-apunta-a-una-estrella-de-barbie-y-sex-education-para-el-reinicio-de-los-x-men","status":"publish","type":"post","link":"https:\/\/www.europesays.com\/es\/308333\/","title":{"rendered":"Marvel apunta a una estrella de \u2018Barbie\u2019 y \u2018Sex Education\u2019 para el reinicio de los \u2018X-Men\u2019"},"content":{"rendered":"<p class=\"\"><b>\u2018Vengadores: Doomsday\u2019<\/b> ver\u00e1 el regreso de la vieja guardia de la Patrulla X, con aut\u00e9nticos veteranos como <b>Patrick Stewart<\/b> (Charles Xavier), o <b>Ian McKellen<\/b> (Magneto), as\u00ed como <b>James Marsden<\/b> (C\u00edclope) o <b>Rebeca Romjin<\/b> (M\u00edstica), que tampoco son prec\u00edsamente chavales. Sin embargo, la intenci\u00f3n de Marvel Studios es rejuvenecer a los <b>\u2018X-Men\u2019 <\/b>en el pr\u00f3ximo reinicio de la franquicia, habiendo sonado nombres como los de <a href=\"https:\/\/as.com\/meristation\/series\/sadie-sink-estrella-de-stranger-things-5-desvela-sus-peliculas-series-y-videojuegos-favoritos-de-2025-f202512-n\/\" target=\"_blank\" rel=\"nofollow noopener\" title=\"https:\/\/as.com\/meristation\/series\/sadie-sink-estrella-de-stranger-things-5-desvela-sus-peliculas-series-y-videojuegos-favoritos-de-2025-f202512-n\/\">Sadie Sink<\/a>, <b>Hunter Schafer<\/b>, <b>Margaret Qualley<\/b> o <a href=\"https:\/\/as.com\/meristation\/cine\/marvel-apunta-a-millie-bobby-brown-stranger-things-para-un-importante-papel-en-el-reinicio-de-los-x-men-f202512-n\/\" target=\"_blank\" rel=\"nofollow noopener\" title=\"https:\/\/as.com\/meristation\/cine\/marvel-apunta-a-millie-bobby-brown-stranger-things-para-un-importante-papel-en-el-reinicio-de-los-x-men-f202512-n\/\">Millie Bobby Brown<\/a>. Hoy conocemos una nueva actriz que estar\u00eda en consideraci\u00f3n en Marvel, y no es ni m\u00e1s ni menos que <b>Emma Mackey<\/b>. <\/p>\n<p class=\"\">El rumor llega de la mano del insider Jeff Sneider, especializado en temas superheroicos, y que sit\u00faa a la joven de 29 a\u00f1os, y de origen franc\u00e9s, en la \u00f3rbita del UCM. Mackey a\u00fan no ha tenido un papel estelar en una gran superproducci\u00f3n, pero ha probado su capacidad en <b>\u2018Sex Education\u2019<\/b> o <b>\u2018Barbie\u2019<\/b>, entre otras, mientras que fue uno de los nombres que se barajaron para ser <a href=\"https:\/\/as.com\/meristation\/noticias\/zack-snyder-revela-que-batman-y-lois-lane-acababan-juntos-en-el-guion-original-de-justice-league-n\/\" target=\"_blank\" rel=\"nofollow noopener\" title=\"https:\/\/as.com\/meristation\/noticias\/zack-snyder-revela-que-batman-y-lois-lane-acababan-juntos-en-el-guion-original-de-justice-league-n\/\">Lois Lane<\/a> en <b>\u2018Superman\u2019<\/b>. <\/p>\n<p><img decoding=\"async\" src=\"https:\/\/www.europesays.com\/es\/wp-content\/uploads\/2025\/12\/LZ75I4PPQJAFDHDLQVKPQUCGH4.jpg\" alt=\"Marvel apunta a una estrella de \u2018Barbie\u2019 y \u2018Sex Education\u2019 para el reinicio de los \u2018X-Men\u2019\" height=\"1080\" width=\"1920\"   loading=\"lazy\"\/>\u00bfQu\u00e9 se sabe del reinicio de los \u2018X-Men\u2019?<\/p>\n<p class=\"\">M\u00e1s all\u00e1 de que tras las c\u00e1maras estar\u00e1 <b>Jake Schreier<\/b> (\u2019Thunderbolts\u2019), pr\u00e1cticamente nada. Todo indica que el l\u00edder ser\u00e1 Scott Summers\/C\u00edclope, siendo <a href=\"https:\/\/as.com\/meristation\/cine\/ni-wolverine-ni-storm-todo-apunta-a-que-el-reboot-de-x-men-en-el-ucm-se-centrara-en-otro-mutante-f202511-n\/\" target=\"_blank\" rel=\"nofollow noopener\" title=\"https:\/\/as.com\/meristation\/cine\/ni-wolverine-ni-storm-todo-apunta-a-que-el-reboot-de-x-men-en-el-ucm-se-centrara-en-otro-mutante-f202511-n\/\">el principal protagonista<\/a> de la pel\u00edcula, mientras que en el papel de antagonistas los m\u00e1ximos candidatos son <b>Mr. Sinister<\/b> y de nuevo, <b>Apocalipsis<\/b>. <\/p>\n<p class=\"\">Adem\u00e1s, podr\u00eda enfocarse en algunos de los miembros m\u00e1s j\u00f3venes del grupo, en un intento de Marvel por acercarse a un p\u00fablico menos veterano. Esto incluir\u00eda personajes como Kitty Pride o Magik, que en la d\u00e9cada de los 80 eran solo dos jovencitas, o Tempest y Quentin Quire como algunos de los miembros actuales m\u00e1s destacados. <\/p>\n<p class=\"\">\u201cEl mayor aprendizaje para m\u00ed fue la proporci\u00f3n de la acci\u00f3n con las escenas m\u00e1s emotivas, centradas en los personajes, y c\u00f3mo, aunque son m\u00e1s d\u00edas de rodaje que nunca, la acci\u00f3n las consume r\u00e1pidamente\u201d\u00b7 dijo Schreier sobre lo c\u00f3mo aplicar lo aprendido en \u2018Thunderbolts\u2019 en su pr\u00f3xima pel\u00edcula. \u201cAl final, pens\u00e9: \u2018Ahora creo que sabemos c\u00f3mo hacer esto un poco mejor\u2019\u201d. <\/p>\n<p class=\"\">Evidentemente, a\u00fan no hay ni siquiera ventana de estreno para la pr\u00f3xima \u2018X-Men\u2019, pero todo apunta a que ser\u00e1 tras <b>\u2018Vengadores: Secret Wars\u2019<\/b> (finales de 2027), ya que esta cerrar\u00e1 la fase del Multiverso, y la intenci\u00f3n es que la Patrulla X sea la verdadera protagonista de la siguiente fase del UCM. <\/p>\n<p>Noticias relacionadas<\/p>\n<p class=\"\">Suscr\u00edbete al <a href=\"https:\/\/www.youtube.com\/@meristation\" target=\"_self\" rel=\"nofollow noopener\" title=\"https:\/\/www.youtube.com\/@meristation\">canal de MeriStation en YouTube<\/a>, tu web de videojuegos y entretenimiento para conocer todas las noticias y novedades sobre el mundo del videojuego, cine, series, manga y anime. An\u00e1lisis, entrevistas, tr\u00e1ileres, gameplays, p\u00f3dcast y mucho m\u00e1s. Tambi\u00e9n te animamos a seguir <a href=\"https:\/\/www.tiktok.com\/@meristation\" rel=\"nofollow noopener\" title=\"https:\/\/www.tiktok.com\/@meristation\" target=\"_blank\">nuestra cuenta de TikTok<\/a>. <\/p>\n<p class=\"\">\u00a1S\u00edguenos en ambas y, si est\u00e1s interesado en licenciar este contenido, pincha <a href=\"https:\/\/profesional.elpais.com\/soluciones-sindicacion?utm_medium=interno&amp;utm_source=crosslinking&amp;utm_campaign=sindicacion_as_pie_articulos\" target=\"_blank\" rel=\"nofollow noopener\" title=\"https:\/\/profesional.elpais.com\/soluciones-sindicacion?utm_medium=interno&amp;utm_source=crosslinking&amp;utm_campaign=sindicacion_as_pie_articulos\">aqu\u00ed<\/a>!<\/p>\n<p><script async src=\"\/\/www.tiktok.com\/embed.js\"><\/script><\/p>\n","protected":false},"excerpt":{"rendered":"\u2018Vengadores: Doomsday\u2019 ver\u00e1 el regreso de la vieja guardia de la Patrulla X, con aut\u00e9nticos veteranos como Patrick&hellip;\n","protected":false},"author":2,"featured_media":308334,"comment_status":"","ping_status":"","sticky":false,"template":"","format":"standard","meta":{"footnotes":""},"categories":[169],"tags":[177,146,147,25,24,176,175,23],"class_list":{"0":"post-308333","1":"post","2":"type-post","3":"status-publish","4":"format-standard","5":"has-post-thumbnail","7":"category-cine","8":"tag-cine","9":"tag-entertainment","10":"tag-entretenimiento","11":"tag-es","12":"tag-espana","13":"tag-film","14":"tag-movies","15":"tag-spain"},"share_on_mastodon":{"url":"https:\/\/pubeurope.com\/@es\/115786482400334391","error":""},"_links":{"self":[{"href":"https:\/\/www.europesays.com\/es\/wp-json\/wp\/v2\/posts\/308333","targetHints":{"allow":["GET"]}}],"collection":[{"href":"https:\/\/www.europesays.com\/es\/wp-json\/wp\/v2\/posts"}],"about":[{"href":"https:\/\/www.europesays.com\/es\/wp-json\/wp\/v2\/types\/post"}],"author":[{"embeddable":true,"href":"https:\/\/www.europesays.com\/es\/wp-json\/wp\/v2\/users\/2"}],"replies":[{"embeddable":true,"href":"https:\/\/www.europesays.com\/es\/wp-json\/wp\/v2\/comments?post=308333"}],"version-history":[{"count":0,"href":"https:\/\/www.europesays.com\/es\/wp-json\/wp\/v2\/posts\/308333\/revisions"}],"wp:featuredmedia":[{"embeddable":true,"href":"https:\/\/www.europesays.com\/es\/wp-json\/wp\/v2\/media\/308334"}],"wp:attachment":[{"href":"https:\/\/www.europesays.com\/es\/wp-json\/wp\/v2\/media?parent=308333"}],"wp:term":[{"taxonomy":"category","embeddable":true,"href":"https:\/\/www.europesays.com\/es\/wp-json\/wp\/v2\/categories?post=308333"},{"taxonomy":"post_tag","embeddable":true,"href":"https:\/\/www.europesays.com\/es\/wp-json\/wp\/v2\/tags?post=308333"}],"curies":[{"name":"wp","href":"https:\/\/api.w.org\/{rel}","templated":true}]}}