{"id":308344,"date":"2025-12-26T15:09:10","date_gmt":"2025-12-26T15:09:10","guid":{"rendered":"https:\/\/www.europesays.com\/es\/308344\/"},"modified":"2025-12-26T15:09:10","modified_gmt":"2025-12-26T15:09:10","slug":"ocho-muertos-en-una-explosion-en-una-mezquita-de-siria","status":"publish","type":"post","link":"https:\/\/www.europesays.com\/es\/308344\/","title":{"rendered":"Ocho muertos en una explosi\u00f3n en una mezquita de Siria"},"content":{"rendered":"<p>    <img src=\"https:\/\/www.europesays.com\/es\/wp-content\/uploads\/2025\/12\/2025-12-26T123A563A08Z-90692566.jpg\" width=\"1024\" height=\"682\" alt=\"\" loading=\"eager\" decoding=\"sync\" fetchpriority=\"high\"\/><\/p>\n<p>            afp_tickers        <\/p>\n<p>        Este contenido fue publicado en    <\/p>\n<p>        26 diciembre 2025 &#8211; 14:45\n<\/p>\n<p>Al menos ocho personas murieron este viernes al producirse una explosi\u00f3n en una mezquita ubicada en un barrio de la minor\u00eda alauita en Homs, en el centro de Siria, indicaron las autoridades.<\/p>\n<p>\u00abUna explosi\u00f3n terrorista tuvo como objetivo la mezquita Ali Bin Abi Talib durante las oraciones del viernes en la calle Al Jadri, en el barrio Wadi al Dahab de Homs\u00bb, indic\u00f3 el Ministerio del Interior en un comunicado.<\/p>\n<p>El balance por el momento es de ocho muertos, dos m\u00e1s que en el anterior parte, y 18 heridos, seg\u00fan la agencia oficial SANA, que cita a fuentes del ministerio de Sanidad.<\/p>\n<p>\u00abEste cobarde acto criminal\u00bb es \u00abun intento desesperado\u00bb por \u00absocavar la seguridad y la estabilidad y sembrar el caos\u00bb en Siria, denunci\u00f3 en un comunicado el ministerio de Relaciones Exteriores, que prometi\u00f3 \u00abcombatir el terrorismo en todas sus formas\u00bb.<\/p>\n<p>Seg\u00fan el Observatorio Sirio de Derechos Humanos (OSDH), una oeneg\u00e9 con sede en Reino Unido y una amplia red de informantes sobre el terreno, no est\u00e1 claro si la explosi\u00f3n \u00abfue causada por un ataque suicida o por un artefacto explosivo\u00bb.<\/p>\n<p>Una fuente de seguridad local dijo a AFP, bajo condici\u00f3n de anonimato, que la explosi\u00f3n pudo haber sido causada por \u00abun artefacto explosivo colocado dentro de la mezquita\u00bb.<\/p>\n<p>Un residente de la zona, que pidi\u00f3 mantener el anonimato declar\u00f3 que la gente \u00abescuch\u00f3 una fuerte explosi\u00f3n, seguida de caos y p\u00e1nico en el vecindario\u00bb. \u00abNadie se atreve a salir de su casa y estamos escuchando sirenas de ambulancias\u00bb, a\u00f1adi\u00f3.<\/p>\n<p>SANA public\u00f3 fotos del interior de la mezquita, una de las cuales mostraba un agujero en una pared.<\/p>\n<p>Homs fue escenario de violencia sectaria durante la guerra civil que se desat\u00f3 en el pa\u00eds en 2011.<\/p>\n<p>La ciudad alberga una mayor\u00eda de musulmanes sunitas, pero tambi\u00e9n cuenta con varias zonas predominantemente alauitas, la minor\u00eda a la que pertenece el derrocado gobernante Bashar al Asad.<\/p>\n<p>Desde la ca\u00edda de Al Asad en diciembre de 2024 a manos del actual poder islamista, el OSDH y ciudadanos de Homs han denunciado secuestros y asesinatos dirigidos contra miembros de esta minor\u00eda derivada del islam chiita.<\/p>\n<p>Seg\u00fan una comisi\u00f3n de investigaci\u00f3n nacional, al menos 1.426 alauitas murieron en unos enfrentamientos el pasado marzo entre las fuerzas de seguridad y hombres fieles a Bashar al Asad en el oeste del pa\u00eds, donde esta comunidad tiene su feudo.<\/p>\n<p>El OSDH estima los fallecidos en ese estallido de violencia en m\u00e1s de 1.700, en su gran mayor\u00eda alauitas.<\/p>\n<p>bur-lar\/nad\/ser\/mab-avl<\/p>\n","protected":false},"excerpt":{"rendered":"afp_tickers Este contenido fue publicado en 26 diciembre 2025 &#8211; 14:45 Al menos ocho personas murieron este viernes&hellip;\n","protected":false},"author":2,"featured_media":308345,"comment_status":"","ping_status":"","sticky":false,"template":"","format":"standard","meta":{"footnotes":""},"categories":[42],"tags":[17,18,636,11892,13,14,11,61,62,63,64,19,20,7657,9,10,15,16,35324,90,12,21,22,65,66,67],"class_list":{"0":"post-308344","1":"post","2":"type-post","3":"status-publish","4":"format-standard","5":"has-post-thumbnail","7":"category-internacional","8":"tag-breaking-news","9":"tag-breakingnews","10":"tag-conflict","11":"tag-crime","12":"tag-featured-news","13":"tag-featurednews","14":"tag-headlines","15":"tag-internacional","16":"tag-international","17":"tag-international-news","18":"tag-internationalnews","19":"tag-latest-news","20":"tag-latestnews","21":"tag-law-and-order","22":"tag-news","23":"tag-noticias","24":"tag-noticias-destacadas","25":"tag-noticiasdestacadas","26":"tag-terrorism","27":"tag-ticker","28":"tag-titulares","29":"tag-ultimas-noticias","30":"tag-ultimasnoticias","31":"tag-world","32":"tag-world-news","33":"tag-worldnews"},"share_on_mastodon":{"url":"https:\/\/pubeurope.com\/@es\/115786505965312937","error":""},"_links":{"self":[{"href":"https:\/\/www.europesays.com\/es\/wp-json\/wp\/v2\/posts\/308344","targetHints":{"allow":["GET"]}}],"collection":[{"href":"https:\/\/www.europesays.com\/es\/wp-json\/wp\/v2\/posts"}],"about":[{"href":"https:\/\/www.europesays.com\/es\/wp-json\/wp\/v2\/types\/post"}],"author":[{"embeddable":true,"href":"https:\/\/www.europesays.com\/es\/wp-json\/wp\/v2\/users\/2"}],"replies":[{"embeddable":true,"href":"https:\/\/www.europesays.com\/es\/wp-json\/wp\/v2\/comments?post=308344"}],"version-history":[{"count":0,"href":"https:\/\/www.europesays.com\/es\/wp-json\/wp\/v2\/posts\/308344\/revisions"}],"wp:featuredmedia":[{"embeddable":true,"href":"https:\/\/www.europesays.com\/es\/wp-json\/wp\/v2\/media\/308345"}],"wp:attachment":[{"href":"https:\/\/www.europesays.com\/es\/wp-json\/wp\/v2\/media?parent=308344"}],"wp:term":[{"taxonomy":"category","embeddable":true,"href":"https:\/\/www.europesays.com\/es\/wp-json\/wp\/v2\/categories?post=308344"},{"taxonomy":"post_tag","embeddable":true,"href":"https:\/\/www.europesays.com\/es\/wp-json\/wp\/v2\/tags?post=308344"}],"curies":[{"name":"wp","href":"https:\/\/api.w.org\/{rel}","templated":true}]}}