{"id":308370,"date":"2025-12-26T15:29:14","date_gmt":"2025-12-26T15:29:14","guid":{"rendered":"https:\/\/www.europesays.com\/es\/308370\/"},"modified":"2025-12-26T15:29:14","modified_gmt":"2025-12-26T15:29:14","slug":"la-fundacion-amigos-museo-del-prado-dedica-curso-a-mengs","status":"publish","type":"post","link":"https:\/\/www.europesays.com\/es\/308370\/","title":{"rendered":"La Fundaci\u00f3n Amigos Museo del Prado dedica curso a Mengs"},"content":{"rendered":"<p><img loading=\"lazy\" decoding=\"async\" class=\"aligncenter wp-image-278535\" src=\"https:\/\/www.europesays.com\/es\/wp-content\/uploads\/2025\/12\/prop_amigosprado_cursomengs-735x1024.jpg\" alt=\"Antonio Raphael Mengs. El m\u00e1s grande pintor del siglo XVIII. Fundaci\u00f3n Amigos Museo del Prado\" width=\"848\" height=\"1181\"   \/><\/p>\n<p>\u00bfQu\u00e9 determina la presencia de un gran artista en la historia del arte? \u00bfSu talento? \u00bfSu capacidad para configurar ideas nuevas que cambien la percepci\u00f3n del arte de su tiempo?<\/p>\n<p>Si es as\u00ed, Antonio Raphael Mengs (1728-1779) fue un artista trascendental en la pintura de la Edad Moderna, pese a que, desde su fallecimiento, se vertieran sobre \u00e9l prejuicios que han oscurecido su cr\u00e9dito.<\/p>\n<p>Mengs, junto con <a href=\"https:\/\/masdearte.com\/especiales\/winckelmann-el-romano-por-voluntad\/\" target=\"_blank\" rel=\"noopener nofollow\">Winckelmann<\/a>, fue el promotor fundamental de un profundo cambio de gusto en la segunda mitad del siglo XVIII que situ\u00f3 la escultura cl\u00e1sica en el centro del debate art\u00edstico.<\/p>\n<p>El Museo del Prado le dedica ahora una <a href=\"https:\/\/masdearte.com\/anton-raphael-mengs-museo-del-prado\/\" target=\"_blank\" rel=\"noopener nofollow\">gran exposici\u00f3n monogr\u00e1fica<\/a> en la que muestra su talento art\u00edstico y su influencia en artistas posteriores.<\/p>\n<p>PROGRAMA<\/p>\n<p>12 de enero de 2026, a las 17:00 horas<\/p>\n<p>Antonio Raphael Mengs, razones para una exposici\u00f3n en Madrid.<\/p>\n<p>Andr\u00e9s \u00dabeda de los Cobos, Jefe de Colecci\u00f3n de Pintura del Siglo XVIII y Goya, Museo del Prado.<\/p>\n<p>V\u00eddeo disponible del 16 de enero al 15 de febrero.<\/p>\n<p>19 de enero de 2026, a las 17:00 horas<\/p>\n<p>Mengs en Italia.<\/p>\n<p>Javier Jord\u00e1n de Urr\u00edes, conservador, Patrimonio Nacional.<\/p>\n<p>V\u00eddeo disponible del 23 de enero al 22 de febrero.<\/p>\n<p>26 de enero de 2026, a las 17:00 horas<\/p>\n<p>Mengs en Espa\u00f1a.<\/p>\n<p>Javier Jord\u00e1n de Urr\u00edes.<\/p>\n<p>V\u00eddeo disponible del 30 de enero al 1 de marzo.<\/p>\n<p>2 de febrero de 2026, a las 17:00 horas<\/p>\n<p>Winckelmann y Mengs. Hacia una nueva historia del arte.<\/p>\n<p>Andr\u00e9s \u00dabeda de los Cobos.<\/p>\n<p>V\u00eddeo disponible del 6 de febrero al 8 de marzo.<\/p>\n<p>DESARROLLO:<\/p>\n<p>Presencial + online y online.<\/p>\n<p>LUGAR:<\/p>\n<p>Aulas de la Fundaci\u00f3n<\/p>\n<p>c\/ de la Academia, 4<\/p>\n<p>Madrid.<\/p>\n<p>INSCRIPCI\u00d3N:<\/p>\n<p>A trav\u00e9s de la <a href=\"https:\/\/www.amigosmuseoprado.org\/es\/actividades\/amigos-museo\/actividades\/exposiciones\" target=\"_blank\" rel=\"noopener nofollow\">web de la Fundaci\u00f3n Amigos Museo del Prado<\/a>.<\/p>\n<p>TARIFAS:<\/p>\n<p>Presencial + online: 160 euros.<\/p>\n<p>Online: 80 euros.<\/p>\n<p>\u00a0<\/p>\n<p>\u00a0<\/p>\n<p>PARA M\u00c1S INFORMACI\u00d3N:<\/p>\n<p><a href=\"https:\/\/www.amigosmuseoprado.org\/es\/actividades\/amigos-museo\/actividades\/exposiciones\" target=\"_blank\" rel=\"noopener nofollow\">www.amigosmuseoprado.org<\/a><\/p>\n<p>\u00a0<\/p>\n","protected":false},"excerpt":{"rendered":"\u00bfQu\u00e9 determina la presencia de un gran artista en la historia del arte? \u00bfSu talento? \u00bfSu capacidad para&hellip;\n","protected":false},"author":2,"featured_media":308371,"comment_status":"","ping_status":"","sticky":false,"template":"","format":"standard","meta":{"footnotes":""},"categories":[91],"tags":[146,147,25,24,23],"class_list":{"0":"post-308370","1":"post","2":"type-post","3":"status-publish","4":"format-standard","5":"has-post-thumbnail","7":"category-entretenimiento","8":"tag-entertainment","9":"tag-entretenimiento","10":"tag-es","11":"tag-espana","12":"tag-spain"},"share_on_mastodon":{"url":"https:\/\/pubeurope.com\/@es\/115786584493498820","error":""},"_links":{"self":[{"href":"https:\/\/www.europesays.com\/es\/wp-json\/wp\/v2\/posts\/308370","targetHints":{"allow":["GET"]}}],"collection":[{"href":"https:\/\/www.europesays.com\/es\/wp-json\/wp\/v2\/posts"}],"about":[{"href":"https:\/\/www.europesays.com\/es\/wp-json\/wp\/v2\/types\/post"}],"author":[{"embeddable":true,"href":"https:\/\/www.europesays.com\/es\/wp-json\/wp\/v2\/users\/2"}],"replies":[{"embeddable":true,"href":"https:\/\/www.europesays.com\/es\/wp-json\/wp\/v2\/comments?post=308370"}],"version-history":[{"count":0,"href":"https:\/\/www.europesays.com\/es\/wp-json\/wp\/v2\/posts\/308370\/revisions"}],"wp:featuredmedia":[{"embeddable":true,"href":"https:\/\/www.europesays.com\/es\/wp-json\/wp\/v2\/media\/308371"}],"wp:attachment":[{"href":"https:\/\/www.europesays.com\/es\/wp-json\/wp\/v2\/media?parent=308370"}],"wp:term":[{"taxonomy":"category","embeddable":true,"href":"https:\/\/www.europesays.com\/es\/wp-json\/wp\/v2\/categories?post=308370"},{"taxonomy":"post_tag","embeddable":true,"href":"https:\/\/www.europesays.com\/es\/wp-json\/wp\/v2\/tags?post=308370"}],"curies":[{"name":"wp","href":"https:\/\/api.w.org\/{rel}","templated":true}]}}