{"id":308377,"date":"2025-12-26T15:35:12","date_gmt":"2025-12-26T15:35:12","guid":{"rendered":"https:\/\/www.europesays.com\/es\/308377\/"},"modified":"2025-12-26T15:35:12","modified_gmt":"2025-12-26T15:35:12","slug":"abiertas-al-trafico-las-avenidas-de-numancia-y-achutegui-de-blas","status":"publish","type":"post","link":"https:\/\/www.europesays.com\/es\/308377\/","title":{"rendered":"Abiertas al tr\u00e1fico las avenidas de Numancia y Ach\u00fategui de Blas"},"content":{"rendered":"<p>                            <img width=\"900\" height=\"1600\" src=\"https:\/\/www.europesays.com\/es\/wp-content\/uploads\/2025\/12\/2025-Apertura-trafico-avdas-Numancia-y-A-de-Blas.jpg\" class=\"attachment-post-thumbnail size-post-thumbnail wp-post-image\" alt=\"\" decoding=\"async\" fetchpriority=\"high\"  \/>                            <\/p>\n<ul>\n<li><strong>Los trabajos de instalaci\u00f3n de un colector de saneamiento provisional en esta zona han finalizado antes de lo previsto <\/strong><\/li>\n<\/ul>\n<p>Hoy a media ma\u00f1ana se han abierto al tr\u00e1fico las avenidas de Numancia y Ach\u00fategui de Blas, tras permanecer cortadas desde el martes 23 de diciembre debido a una aver\u00eda localizada en el colector de saneamiento situado en la intersecci\u00f3n de ambas v\u00edas.<\/p>\n<p>El corte estaba previsto hasta el 29 de diciembre, pero los trabajos de colocaci\u00f3n de un colector provisional, que garantice el funcionamiento del sistema de saneamiento en esta zona de la ciudad hasta la ejecuci\u00f3n de la obra definitiva, han finalizado esta ma\u00f1ana a primera hora.<\/p>\n<p>Por lo que las dos v\u00edas se han reabierto al tr\u00e1fico.<\/p>\n<p>La ejecuci\u00f3n de la obra definitiva comenzar\u00e1 la tercera semana de enero y consistir\u00e1 en la colocaci\u00f3n de un nuevo colector de saneamiento de mayor capacidad \u00a0y a una profundidad de entre cuatro y cinco metros.<\/p>\n","protected":false},"excerpt":{"rendered":"Los trabajos de instalaci\u00f3n de un colector de saneamiento provisional en esta zona han finalizado antes de lo&hellip;\n","protected":false},"author":2,"featured_media":308378,"comment_status":"","ping_status":"","sticky":false,"template":"","format":"standard","meta":{"footnotes":""},"categories":[8],"tags":[17,18,25,24,13,14,11,19,20,9,10,15,16,23,12,21,22],"class_list":{"0":"post-308377","1":"post","2":"type-post","3":"status-publish","4":"format-standard","5":"has-post-thumbnail","7":"category-espana","8":"tag-breaking-news","9":"tag-breakingnews","10":"tag-es","11":"tag-espana","12":"tag-featured-news","13":"tag-featurednews","14":"tag-headlines","15":"tag-latest-news","16":"tag-latestnews","17":"tag-news","18":"tag-noticias","19":"tag-noticias-destacadas","20":"tag-noticiasdestacadas","21":"tag-spain","22":"tag-titulares","23":"tag-ultimas-noticias","24":"tag-ultimasnoticias"},"share_on_mastodon":{"url":"https:\/\/pubeurope.com\/@es\/115786608338802776","error":""},"_links":{"self":[{"href":"https:\/\/www.europesays.com\/es\/wp-json\/wp\/v2\/posts\/308377","targetHints":{"allow":["GET"]}}],"collection":[{"href":"https:\/\/www.europesays.com\/es\/wp-json\/wp\/v2\/posts"}],"about":[{"href":"https:\/\/www.europesays.com\/es\/wp-json\/wp\/v2\/types\/post"}],"author":[{"embeddable":true,"href":"https:\/\/www.europesays.com\/es\/wp-json\/wp\/v2\/users\/2"}],"replies":[{"embeddable":true,"href":"https:\/\/www.europesays.com\/es\/wp-json\/wp\/v2\/comments?post=308377"}],"version-history":[{"count":0,"href":"https:\/\/www.europesays.com\/es\/wp-json\/wp\/v2\/posts\/308377\/revisions"}],"wp:featuredmedia":[{"embeddable":true,"href":"https:\/\/www.europesays.com\/es\/wp-json\/wp\/v2\/media\/308378"}],"wp:attachment":[{"href":"https:\/\/www.europesays.com\/es\/wp-json\/wp\/v2\/media?parent=308377"}],"wp:term":[{"taxonomy":"category","embeddable":true,"href":"https:\/\/www.europesays.com\/es\/wp-json\/wp\/v2\/categories?post=308377"},{"taxonomy":"post_tag","embeddable":true,"href":"https:\/\/www.europesays.com\/es\/wp-json\/wp\/v2\/tags?post=308377"}],"curies":[{"name":"wp","href":"https:\/\/api.w.org\/{rel}","templated":true}]}}