{"id":308391,"date":"2025-12-26T15:47:18","date_gmt":"2025-12-26T15:47:18","guid":{"rendered":"https:\/\/www.europesays.com\/es\/308391\/"},"modified":"2025-12-26T15:47:18","modified_gmt":"2025-12-26T15:47:18","slug":"esta-es-la-casa-subterranea-que-fue-elegida-entre-las-propiedades-mas-hermosas-del-mundo","status":"publish","type":"post","link":"https:\/\/www.europesays.com\/es\/308391\/","title":{"rendered":"Esta es la casa subterr\u00e1nea que fue elegida entre las propiedades m\u00e1s hermosas del mundo"},"content":{"rendered":"<p class=\"default__StyledText-sc-oqc75h-0 kDYpOE body-paragraph\">Villa Vals, ubicada en los <a href=\"https:\/\/www.nacion.com\/videos\/el-mundo\/video-vea-el-deslizamiento-de-tierra-en-los-alpes\/ODXX6N2YS5G7DC3ZXFYG7D6MPM\/story\/\" target=\"_blank\" rel=\"nofollow noopener\"><b>Alpes suizos<\/b><\/a>, se asemeja a un <b>escondite subterr\u00e1neo<\/b>. Dise\u00f1ada por los arquitectos Bjarne Mastenbroek, de SeARCH, y Christian M\u00fcller, de CMA, esta casa se construy\u00f3 para <b>integrarse plenamente en el paisaje<\/b> sin afectar la naturaleza de la pintoresca regi\u00f3n de Vals, situada a <b>1.250 metros sobre el nivel del mar<\/b>.<\/p>\n<p class=\"default__StyledText-sc-oqc75h-0 kDYpOE body-paragraph\">Este edificio contempor\u00e1neo de dos pisos en una zona rural tradicional fue dise\u00f1ado en una <b>elipse c\u00f3ncava<\/b>, resultando en una <b>estructura casi imperceptible<\/b> entre los verdes campos suizos e integrada completamente en la ladera de la monta\u00f1a. <b>Villa Vals<\/b>, finalizada en 2009, se construy\u00f3 con materiales locales, incluyendo <b>piedras de cuarcita<\/b> en la fachada.<\/p>\n<p class=\"default__StyledText-sc-oqc75h-0 kDYpOE body-paragraph\"><b>Villa Vals<\/b>, una residencia de aproximadamente <b>200 m\u00b2<\/b> con capacidad para <b>diez personas<\/b>, se puede <b>alquilar para vacaciones<\/b>. Su <b>arquitectura \u00fanica<\/b> apareci\u00f3 en la serie de <a href=\"https:\/\/www.nacion.com\/economia\/negocios\/netflix-confia-en-el-negocio-publicitario-e\/OBEYQGYSKREKXD7YPO7M73MDQY\/story\/\" target=\"_blank\" rel=\"nofollow noopener\">Netflix<\/a> Las casas m\u00e1s extraordinarias del mundo, ganando fama internacional. <\/p>\n<p class=\"default__StyledText-sc-oqc75h-0 kDYpOE body-paragraph\">Parte del concepto de m\u00ednima interferencia con el paisaje incluy\u00f3 conservar el <b>galp\u00f3n agr\u00edcola<\/b> existente en su estado original, con paredes, piso y techo, tal como lo compr\u00f3 el anterior residente, quien a sus <b>80 a\u00f1os<\/b> exigi\u00f3 que la estructura tradicional se mantuviera intacta al vender la propiedad.<\/p>\n<p class=\"default__StyledText-sc-oqc75h-0 kDYpOE body-paragraph\">La entrada a <b>Villa Vals<\/b> se realiza a trav\u00e9s del s\u00f3tano del galp\u00f3n, que alberga una <b>mesa de pool<\/b> y un <b>guarda esqu\u00eds<\/b>. Este espacio conecta el edificio antiguo con la casa contempor\u00e1nea mediante un <b>t\u00fanel subterr\u00e1neo<\/b> de m\u00e1s de <b>20 metros de longitud<\/b>, hecho de <b>hormig\u00f3n a la vista<\/b> y equipado con <b>tragaluces para luz natural<\/b>.<\/p>\n<p><img decoding=\"async\" data-chromatic=\"ignore\" alt=\"Actualmente, es posible realizar tours y hasta hospedarse.\" class=\"c-image\" loading=\"lazy\" src=\"https:\/\/www.europesays.com\/es\/wp-content\/uploads\/2025\/12\/4LKFX6LNVZF2DDRYLLDN5NATEM.jpg\"  width=\"2500\" height=\"1667\"\/>Actualmente, es posible realizar tours y hasta hospedarse. (Villa Vals) <\/p>\n<p class=\"default__StyledText-sc-oqc75h-0 kDYpOE body-paragraph\">El interior de <b>estilo industrial<\/b> de la residencia presenta una mezcla ecl\u00e9ctica de dise\u00f1o y arte contempor\u00e1neo. La <b>fachada curva<\/b> resalta la vista del paisaje monta\u00f1oso. Con grandes <b>aberturas de cristal<\/b> que dan a la terraza, <b>Villa Vals<\/b> ofrece vistas espectaculares de los <b>campos verdes<\/b> y, en invierno, de las <b>pistas cubiertas de nieve<\/b>.<\/p>\n<p class=\"default__StyledText-sc-oqc75h-0 kDYpOE body-paragraph\">La casa cuenta con <b>seis habitaciones<\/b> y est\u00e1 ubicada en una parcela de <b>1.300 m\u00b2<\/b>. El living, la cocina y la <b>suite principal<\/b> se encuentran en el nivel de la terraza. En las plantas superiores hay <b>tres dormitorios m\u00e1s<\/b>, dise\u00f1ados como un \u201c<b>juego de Tetris<\/b>\u201d con techos de diferentes alturas para que las habitaciones encajen.<\/p>\n<p class=\"default__StyledText-sc-oqc75h-0 kDYpOE body-paragraph\">La terraza de <b>60 m\u00b2<\/b> incluye una <b>ba\u00f1era de hidromasaje de le\u00f1a<\/b> y una mesa para comer al aire libre. Durante las obras, los constructores encontraron un <b>manantial<\/b> que cre\u00f3 una fuente permanente de <b>agua potable<\/b> en el espacio. Adem\u00e1s, la propiedad cuenta con un <b>gran jard\u00edn<\/b>.<\/p>\n<p><img decoding=\"async\" data-chromatic=\"ignore\" alt=\"Con aproximadamente 200 m\u00b2, tiene capacidad para alojar a unas diez personas.\" class=\"c-image\" loading=\"lazy\" src=\"https:\/\/www.europesays.com\/es\/wp-content\/uploads\/2025\/12\/RDSQKI6XXZGONIFPWNVTKOHBVE.jpg\"  width=\"528\" height=\"797\"\/>Con aproximadamente 200 m\u00b2, tiene capacidad para alojar a unas diez personas. (Villa Vals) <\/p>\n<p class=\"default__StyledText-sc-oqc75h-0 kDYpOE body-paragraph\">*La creaci\u00f3n de este contenido cont\u00f3 con la asistencia de inteligencia artificial. La fuente de esta informaci\u00f3n es de un medio del Grupo de Diarios Am\u00e9rica (GDA) y revisada por un editor para asegurar su precisi\u00f3n. El contenido no se gener\u00f3 autom\u00e1ticamente.<\/p>\n","protected":false},"excerpt":{"rendered":"Villa Vals, ubicada en los Alpes suizos, se asemeja a un escondite subterr\u00e1neo. Dise\u00f1ada por los arquitectos Bjarne&hellip;\n","protected":false},"author":2,"featured_media":308392,"comment_status":"","ping_status":"","sticky":false,"template":"","format":"standard","meta":{"footnotes":""},"categories":[173],"tags":[801,229,233,231,230,232,234,146,147,25,24,152,15891,23],"class_list":{"0":"post-308391","1":"post","2":"type-post","3":"status-publish","4":"format-standard","5":"has-post-thumbnail","7":"category-arte-y-diseno","8":"tag-arquitectura","9":"tag-arte","10":"tag-arte-y-diseno","11":"tag-arts","12":"tag-arts-and-design","13":"tag-design","14":"tag-diseno","15":"tag-entertainment","16":"tag-entretenimiento","17":"tag-es","18":"tag-espana","19":"tag-netflix","20":"tag-notas-ia","21":"tag-spain"},"share_on_mastodon":{"url":"https:\/\/pubeurope.com\/@es\/115786655371196531","error":""},"_links":{"self":[{"href":"https:\/\/www.europesays.com\/es\/wp-json\/wp\/v2\/posts\/308391","targetHints":{"allow":["GET"]}}],"collection":[{"href":"https:\/\/www.europesays.com\/es\/wp-json\/wp\/v2\/posts"}],"about":[{"href":"https:\/\/www.europesays.com\/es\/wp-json\/wp\/v2\/types\/post"}],"author":[{"embeddable":true,"href":"https:\/\/www.europesays.com\/es\/wp-json\/wp\/v2\/users\/2"}],"replies":[{"embeddable":true,"href":"https:\/\/www.europesays.com\/es\/wp-json\/wp\/v2\/comments?post=308391"}],"version-history":[{"count":0,"href":"https:\/\/www.europesays.com\/es\/wp-json\/wp\/v2\/posts\/308391\/revisions"}],"wp:featuredmedia":[{"embeddable":true,"href":"https:\/\/www.europesays.com\/es\/wp-json\/wp\/v2\/media\/308392"}],"wp:attachment":[{"href":"https:\/\/www.europesays.com\/es\/wp-json\/wp\/v2\/media?parent=308391"}],"wp:term":[{"taxonomy":"category","embeddable":true,"href":"https:\/\/www.europesays.com\/es\/wp-json\/wp\/v2\/categories?post=308391"},{"taxonomy":"post_tag","embeddable":true,"href":"https:\/\/www.europesays.com\/es\/wp-json\/wp\/v2\/tags?post=308391"}],"curies":[{"name":"wp","href":"https:\/\/api.w.org\/{rel}","templated":true}]}}