{"id":308395,"date":"2025-12-26T15:50:09","date_gmt":"2025-12-26T15:50:09","guid":{"rendered":"https:\/\/www.europesays.com\/es\/308395\/"},"modified":"2025-12-26T15:50:09","modified_gmt":"2025-12-26T15:50:09","slug":"que-significa-comancheria-la-iconica-cancion-de-los-chikos-del-maiz","status":"publish","type":"post","link":"https:\/\/www.europesays.com\/es\/308395\/","title":{"rendered":"Qu\u00e9 significa &#8216;Comancher\u00eda&#8217;, la ic\u00f3nica canci\u00f3n de Los Chikos del Ma\u00edz"},"content":{"rendered":"<p>Comancher\u00eda es una de las canciones centrales de la etapa final de<a data-external=\"1\" href=\"https:\/\/www.elplural.com\/playtime\/pablo-iglesias-desvela-rechazo-comida-ctangana_354784102\" rel=\"nofollow noopener\" target=\"_blank\" title=\" Los Chikos del Ma\u00edz\"> Los Chikos del Ma\u00edz<\/a>. Publicada en <strong>2019<\/strong> y dando t\u00edtulo a su <strong>cuarto \u00e1lbum de estudio<\/strong>, la canci\u00f3n no funciona como un himno expansivo, sino como una <strong>definici\u00f3n de territorio<\/strong>. A estas alturas de su carrera, el d\u00fao valenciano ya no habla desde la euforia del asalto cultural, sino desde la experiencia del conflicto sostenido, el desgaste pol\u00edtico y la conciencia de estar fuera del consenso dominante.<\/p>\n<p>El tema condensa buena parte de las obsesiones hist\u00f3ricas del grupo, pero lo hace desde un tono m\u00e1s \u00e1spero y defensivo, acorde con el momento vital y pol\u00edtico en el que fue escrito.\u00a0Comancher\u00eda se publica en <strong>2019<\/strong>, en un contexto marcado por el <strong>agotamiento del ciclo pol\u00edtico abierto en la d\u00e9cada anterior<\/strong>. Tras el 15M, la entrada de nuevas fuerzas en las instituciones y la posterior normalizaci\u00f3n -o frustraci\u00f3n-\u00a0de muchas expectativas de cambio, el clima cultural en Espa\u00f1a es m\u00e1s esc\u00e9ptico y fragmentado.<\/p>\n<p>Para Los Chikos del Ma\u00edz, el disco llega despu\u00e9s de a\u00f1os de hipervisibilidad, confrontaci\u00f3n medi\u00e1tica, cancelaciones de conciertos y procesos judiciales, especialmente por el contenido pol\u00edtico de sus letras. El grupo ya no ocupa un lugar emergente en la escena: es una referencia consolidada, pero tambi\u00e9n discutida y combatida. Como cuarto \u00e1lbum, Comancher\u00eda no inaugura un discurso ni busca ampliarlo, sino <strong>reafirmarlo<\/strong>. Es <strong>un disco de cierre de filas<\/strong>, no de apertura.<\/p>\n<p>La huella de la pel\u00edcula\u00a0\u00a0<\/p>\n<p>El t\u00edtulo del disco y de la canci\u00f3n remite directamente a la pel\u00edcula <strong>Comancher\u00eda <\/strong>(Hell or High Water, <strong>2016<\/strong>), dirigida por <strong>David Mackenzie<\/strong> y escrita por Taylor Sheridan. El film retrata la Am\u00e9rica rural devastada por la crisis financiera, donde bancos, hipotecas y pobreza estructural empujan a sus protagonistas a la ilegalidad como \u00fanica forma de resistencia.<\/p>\n<p>Los Chikos del Ma\u00edz no trasladan el argumento de la pel\u00edcula a la letra, pero s\u00ed <strong>adoptan su atm\u00f3sfera moral<\/strong>: un mundo donde la violencia no nace de la maldad individual, sino del <strong>despojo sistem\u00e1tico<\/strong>, y donde la ley protege a quienes ya tienen poder. La comancher\u00eda del film -un territorio empobrecido, sin futuro ni relato heroico-\u00a0<strong>funciona como met\u00e1fora de un espacio pol\u00edtico y cultural en retirada<\/strong>.\u00a0<\/p>\n<p>Qu\u00e9 dice realmente la letra de la canci\u00f3n\u00a0<\/p>\n<p>En lo literal, Comancher\u00eda es una <strong>autodefinici\u00f3n colectiva<\/strong>. La canci\u00f3n construye un \u201cnosotros\u201d que se reconoce como minoritario, inc\u00f3modo y permanentemente sitiado. No hay relato narrativo cl\u00e1sico: la letra se articula a trav\u00e9s de consignas, im\u00e1genes hist\u00f3ricas y referencias culturales que delimitan un espacio simb\u00f3lico propio.<\/p>\n<p>Los temas que atraviesan la canci\u00f3n son claros:<\/p>\n<ul>\n<li>\n<p><strong>Lealtad ideol\u00f3gica<\/strong>, incluso cuando deja de ser rentable.<\/p>\n<\/li>\n<li>\n<p><strong>Memoria de las derrotas<\/strong>, sin victimismo ni nostalgia heroica.<\/p>\n<\/li>\n<li>\n<p><strong>Orgullo de la marginalidad pol\u00edtica<\/strong>, entendida como consecuencia, no como pose.<\/p>\n<\/li>\n<li>\n<p><strong>Desconfianza hacia el presente<\/strong>, tanto institucional como cultural.<\/p>\n<\/li>\n<\/ul>\n<p>El \u201cnosotros\u201d ya no es inclusivo ni pedag\u00f3gico. Es un \u201cnosotros\u201d <strong>cerrado y consciente<\/strong>, que no busca convencer, sino reconocerse.<\/p>\n<p>Los s\u00edmbolos y met\u00e1foras clave<\/p>\n<p>La comancher\u00eda alude al territorio hist\u00f3rico de los comanches en Norteam\u00e9rica, asociado a la <strong>resistencia frente a la colonizaci\u00f3n<\/strong>. En la canci\u00f3n, el t\u00e9rmino funciona como met\u00e1fora de un <strong>espacio ideol\u00f3gico aut\u00f3nomo<\/strong>, un \u00faltimo refugio donde conservar identidad, memoria y conflicto.<\/p>\n<p>Las im\u00e1genes b\u00e9licas y fronterizas refuerzan la idea de <strong>resistencia prolongada<\/strong>, no de ofensiva. No se trata de conquistar nuevos espacios, sino de <strong>no ser absorbidos<\/strong> por un entorno cultural que penaliza la disidencia expl\u00edcita.<\/p>\n<p>M\u00e1s que una consigna, Comancher\u00eda es un <strong>diagn\u00f3stico generacional<\/strong>. La canci\u00f3n habla de qu\u00e9 ocurre cuando una cultura pol\u00edtica que aspir\u00f3 a transformar el sistema queda arrinconada, desactivada o ridiculizada. No hay renuncia, pero s\u00ed conciencia del precio.<\/p>\n<p>Dentro de la trayectoria de Los Chikos del Ma\u00edz, el tema ocupa un lugar clave: <strong>resume su \u00e9tica<\/strong>, su relaci\u00f3n con el conflicto y su negativa a suavizar el discurso para sobrevivir en la industria cultural. En el contexto del rap espa\u00f1ol, Comancher\u00eda representa una posici\u00f3n cada vez menos frecuente: la de un rap abiertamente pol\u00edtico que asume su aislamiento como consecuencia de la coherencia.<\/p>\n<p>La canci\u00f3n no promete futuro ni redenci\u00f3n. Se limita a trazar un mapa de resistencia: qui\u00e9nes son, d\u00f3nde est\u00e1n y por qu\u00e9, pese a todo, siguen ah\u00ed.<\/p>\n","protected":false},"excerpt":{"rendered":"Comancher\u00eda es una de las canciones centrales de la etapa final de Los Chikos del Ma\u00edz. Publicada en&hellip;\n","protected":false},"author":2,"featured_media":308396,"comment_status":"","ping_status":"","sticky":false,"template":"","format":"standard","meta":{"footnotes":""},"categories":[170],"tags":[146,147,25,24,184,185,23],"class_list":{"0":"post-308395","1":"post","2":"type-post","3":"status-publish","4":"format-standard","5":"has-post-thumbnail","7":"category-musica","8":"tag-entertainment","9":"tag-entretenimiento","10":"tag-es","11":"tag-espana","12":"tag-music","13":"tag-musica","14":"tag-spain"},"share_on_mastodon":{"url":"https:\/\/pubeurope.com\/@es\/115786666822098158","error":""},"_links":{"self":[{"href":"https:\/\/www.europesays.com\/es\/wp-json\/wp\/v2\/posts\/308395","targetHints":{"allow":["GET"]}}],"collection":[{"href":"https:\/\/www.europesays.com\/es\/wp-json\/wp\/v2\/posts"}],"about":[{"href":"https:\/\/www.europesays.com\/es\/wp-json\/wp\/v2\/types\/post"}],"author":[{"embeddable":true,"href":"https:\/\/www.europesays.com\/es\/wp-json\/wp\/v2\/users\/2"}],"replies":[{"embeddable":true,"href":"https:\/\/www.europesays.com\/es\/wp-json\/wp\/v2\/comments?post=308395"}],"version-history":[{"count":0,"href":"https:\/\/www.europesays.com\/es\/wp-json\/wp\/v2\/posts\/308395\/revisions"}],"wp:featuredmedia":[{"embeddable":true,"href":"https:\/\/www.europesays.com\/es\/wp-json\/wp\/v2\/media\/308396"}],"wp:attachment":[{"href":"https:\/\/www.europesays.com\/es\/wp-json\/wp\/v2\/media?parent=308395"}],"wp:term":[{"taxonomy":"category","embeddable":true,"href":"https:\/\/www.europesays.com\/es\/wp-json\/wp\/v2\/categories?post=308395"},{"taxonomy":"post_tag","embeddable":true,"href":"https:\/\/www.europesays.com\/es\/wp-json\/wp\/v2\/tags?post=308395"}],"curies":[{"name":"wp","href":"https:\/\/api.w.org\/{rel}","templated":true}]}}